{"id":16068,"date":"2013-06-27T10:43:50","date_gmt":"2013-06-27T13:43:50","guid":{"rendered":"https:\/\/portalv1.com.br\/?p=16068"},"modified":"2013-07-08T10:08:51","modified_gmt":"2013-07-08T13:08:51","slug":"bruno-e-marrone-confirmados-para-dezembro-em-valenca","status":"publish","type":"post","link":"https:\/\/portalv1.com.br\/bruno-e-marrone-confirmados-para-dezembro-em-valenca\/","title":{"rendered":"Bruno e Marrone confirmados para dezembro em Valen\u00e7a"},"content":{"rendered":"<figure id=\"attachment_16069\" aria-describedby=\"caption-attachment-16069\" style=\"width: 300px\" class=\"wp-caption alignright\"><a href=\"https:\/\/portalv1.com.br\/app\/wp-content\/uploads\/2013\/06\/bruno_e_marrone.jpg\"><img loading=\"lazy\" decoding=\"async\" class=\"size-medium wp-image-16069\" alt=\"A dupla se apresentar\u00e1 no natal em Valen\u00e7a dia 21\/12\" src=\"https:\/\/portalv1.com.br\/app\/wp-content\/uploads\/2013\/06\/bruno_e_marrone-300x195.jpg\" width=\"300\" height=\"195\" srcset=\"https:\/\/portalv1.com.br\/app\/wp-content\/uploads\/2013\/06\/bruno_e_marrone-300x195.jpg 300w, https:\/\/portalv1.com.br\/app\/wp-content\/uploads\/2013\/06\/bruno_e_marrone-640x416.jpg 640w, https:\/\/portalv1.com.br\/app\/wp-content\/uploads\/2013\/06\/bruno_e_marrone.jpg 769w\" sizes=\"auto, (max-width: 300px) 100vw, 300px\" \/><\/a><figcaption id=\"caption-attachment-16069\" class=\"wp-caption-text\">A dupla se apresentar\u00e1 no natal em Valen\u00e7a dia 21\/12<\/figcaption><\/figure>\n<p>A dupla Bruno e Marrone uma das mais amadas do Brasil estar\u00e1 se apresentado em Valen\u00e7a no m\u00eas de dezembro. A apresenta\u00e7\u00e3o ser\u00e1 dia 21 de dezembro no est\u00e1dio municipal. A dupla goiana consagrada em todo o pa\u00eds cantar\u00e1 seus grandes sucessos pela primeira vez em Valen\u00e7a. A expectativa \u00e9 de casa cheia no dia do show. O contrato j\u00e1 foi assinado e os primeiros lotes de ingressos, bem como a estrat\u00e9gia de marketing para o evento j\u00e1 est\u00e3o sendo elaborado pelos promotores do evento. O natal em Valen\u00e7a promete muitas emo\u00e7\u00f5es.<\/p>\n<p><div class=\"content-iframe\" data-content-width=\"600\"><iframe loading=\"lazy\" src=\"\/\/www.youtube.com\/embed\/cPYjxAbfxNU\" height=\"315\" width=\"560\" allowfullscreen=\"\" frameborder=\"0\"><\/iframe><\/div><\/p>\n","protected":false},"excerpt":{"rendered":"<p>A dupla Bruno e Marrone uma das mais amadas do Brasil estar\u00e1 se apresentado em Valen\u00e7a no m\u00eas de dezembro. A apresenta\u00e7\u00e3o ser\u00e1 dia 21 de dezembro no est\u00e1dio municipal&#8230;.<\/p>\n","protected":false},"author":1,"featured_media":0,"comment_status":"open","ping_status":"open","sticky":false,"template":"","format":"standard","meta":{"ngg_post_thumbnail":0,"footnotes":""},"categories":[245],"tags":[],"class_list":["post-16068","post","type-post","status-publish","format-standard","hentry","category-entretenimento"],"views":2383,"meta_data":{"thumb":"https:\/\/portalv1.com.br\/app\/wp-content\/uploads\/2013\/06\/bruno_e_marrone.jpg","data":{"simple":"27\/06\/2013","date_time":"27\/06\/2013 07:43:50","date":"h\u00e1 13 anos"},"chapeu":"Presente de Natal","source":"retirar"},"_links":{"self":[{"href":"https:\/\/portalv1.com.br\/api\/wp\/v2\/posts\/16068","targetHints":{"allow":["GET"]}}],"collection":[{"href":"https:\/\/portalv1.com.br\/api\/wp\/v2\/posts"}],"about":[{"href":"https:\/\/portalv1.com.br\/api\/wp\/v2\/types\/post"}],"author":[{"embeddable":true,"href":"https:\/\/portalv1.com.br\/api\/wp\/v2\/users\/1"}],"replies":[{"embeddable":true,"href":"https:\/\/portalv1.com.br\/api\/wp\/v2\/comments?post=16068"}],"version-history":[{"count":0,"href":"https:\/\/portalv1.com.br\/api\/wp\/v2\/posts\/16068\/revisions"}],"wp:attachment":[{"href":"https:\/\/portalv1.com.br\/api\/wp\/v2\/media?parent=16068"}],"wp:term":[{"taxonomy":"category","embeddable":true,"href":"https:\/\/portalv1.com.br\/api\/wp\/v2\/categories?post=16068"},{"taxonomy":"post_tag","embeddable":true,"href":"https:\/\/portalv1.com.br\/api\/wp\/v2\/tags?post=16068"}],"curies":[{"name":"wp","href":"https:\/\/api.w.org\/{rel}","templated":true}]}}