{"id":16080,"date":"2013-06-29T08:56:33","date_gmt":"2013-06-29T11:56:33","guid":{"rendered":"https:\/\/portalv1.com.br\/?p=16080"},"modified":"2013-06-30T18:05:53","modified_gmt":"2013-06-30T21:05:53","slug":"ciro-confirma-silvio-mendes-no-pp-e-assegura-populacao-aprova-3","status":"publish","type":"post","link":"https:\/\/portalv1.com.br\/ciro-confirma-silvio-mendes-no-pp-e-assegura-populacao-aprova-3\/","title":{"rendered":"Ciro confirma S\u00edlvio Mendes no PP e assegura: &#8220;Popula\u00e7\u00e3o aprova&#8221;"},"content":{"rendered":"<figure id=\"attachment_16078\" aria-describedby=\"caption-attachment-16078\" style=\"width: 300px\" class=\"wp-caption alignright\"><a href=\"https:\/\/portalv1.com.br\/app\/wp-content\/uploads\/2013\/06\/ciro_filho_03.jpg\"><img loading=\"lazy\" decoding=\"async\" class=\"size-medium wp-image-16078\" alt=\"Ciro Nogueira \" src=\"https:\/\/portalv1.com.br\/app\/wp-content\/uploads\/2013\/06\/ciro_filho_03-300x199.jpg\" width=\"300\" height=\"199\" srcset=\"https:\/\/portalv1.com.br\/app\/wp-content\/uploads\/2013\/06\/ciro_filho_03-300x199.jpg 300w, https:\/\/portalv1.com.br\/app\/wp-content\/uploads\/2013\/06\/ciro_filho_03.jpg 455w\" sizes=\"auto, (max-width: 300px) 100vw, 300px\" \/><\/a><figcaption id=\"caption-attachment-16078\" class=\"wp-caption-text\">Ciro Nogueira<\/figcaption><\/figure>\n<p>Apesar de ainda ter prazo at\u00e9 setembro para mudar de partido, o ex-prefeito de Teresina, S\u00edlvio Mendes, n\u00e3o deve esperar at\u00e9 l\u00e1. Na manh\u00e3 desta sexta (28), S\u00edlvio teve uma conversa com o senador e presidente nacional do PP, Ciro Nogueira, onde acertaram detalhes da ida do tucano para o Partido Progressista.<\/p>\n<p>Ciro Nogueira confirmou que as chances dessa mudan\u00e7a ocorrer est\u00e3o em 99,9% e avalia que a popula\u00e7\u00e3o est\u00e1 aceitando essa modifica\u00e7\u00e3o de legenda de forma saud\u00e1vel. Segundo ele, \u00e9 o que dizem as pesquisas qualitativas e quantitativas.<\/p>\n<p>&#8220;Estive conversando com ele longamente. Temos prazo at\u00e9 setembro. Uma mudan\u00e7a de partido n\u00e3o \u00e9 uma coisa f\u00e1cil, mas se tem uma mudan\u00e7a que est\u00e1 sendo muito bem trabalhada com a popula\u00e7\u00e3o \u00e9 a de S\u00edlvio. Fizemos pesquisas, buscamos a opini\u00e3o das pessoas&#8221;, explicou.<\/p>\n<p>O senador afirmou ainda que ainda n\u00e3o foi marcada uma data para a filia\u00e7\u00e3o. Por\u00e9m, as chances de n\u00e3o ocorrerem s\u00e3o remotas. &#8220;N\u00e3o temos ainda data, mas as chances de S\u00edlvio Mendes vir para o PP s\u00e3o de 99,9%&#8221;, declarou.<\/p>\n","protected":false},"excerpt":{"rendered":"<p>Apesar de ainda ter prazo at\u00e9 setembro para mudar de partido, o ex-prefeito de Teresina, S\u00edlvio Mendes, n\u00e3o deve esperar at\u00e9 l\u00e1. Na manh\u00e3 desta sexta (28), S\u00edlvio teve uma&#8230;<\/p>\n","protected":false},"author":1,"featured_media":0,"comment_status":"open","ping_status":"open","sticky":false,"template":"","format":"standard","meta":{"ngg_post_thumbnail":0,"footnotes":""},"categories":[252],"tags":[],"class_list":["post-16080","post","type-post","status-publish","format-standard","hentry","category-avozdopastor"],"views":508,"meta_data":{"thumb":"https:\/\/portalv1.com.br\/app\/wp-content\/uploads\/2013\/06\/ciro_filho_03.jpg","data":{"simple":"29\/06\/2013","date_time":"29\/06\/2013 05:56:33","date":"h\u00e1 13 anos"},"chapeu":"","source":"retirar"},"_links":{"self":[{"href":"https:\/\/portalv1.com.br\/api\/wp\/v2\/posts\/16080","targetHints":{"allow":["GET"]}}],"collection":[{"href":"https:\/\/portalv1.com.br\/api\/wp\/v2\/posts"}],"about":[{"href":"https:\/\/portalv1.com.br\/api\/wp\/v2\/types\/post"}],"author":[{"embeddable":true,"href":"https:\/\/portalv1.com.br\/api\/wp\/v2\/users\/1"}],"replies":[{"embeddable":true,"href":"https:\/\/portalv1.com.br\/api\/wp\/v2\/comments?post=16080"}],"version-history":[{"count":0,"href":"https:\/\/portalv1.com.br\/api\/wp\/v2\/posts\/16080\/revisions"}],"wp:attachment":[{"href":"https:\/\/portalv1.com.br\/api\/wp\/v2\/media?parent=16080"}],"wp:term":[{"taxonomy":"category","embeddable":true,"href":"https:\/\/portalv1.com.br\/api\/wp\/v2\/categories?post=16080"},{"taxonomy":"post_tag","embeddable":true,"href":"https:\/\/portalv1.com.br\/api\/wp\/v2\/tags?post=16080"}],"curies":[{"name":"wp","href":"https:\/\/api.w.org\/{rel}","templated":true}]}}