{"id":160961,"date":"2023-12-13T10:31:31","date_gmt":"2023-12-13T13:31:31","guid":{"rendered":"https:\/\/portalv1.com.br\/?p=160961"},"modified":"2023-12-13T10:31:31","modified_gmt":"2023-12-13T13:31:31","slug":"progressistas-anuncia-apoio-a-reeleicao-da-prefeita-lucia-lacerda-em-pimenteiras","status":"publish","type":"post","link":"https:\/\/portalv1.com.br\/progressistas-anuncia-apoio-a-reeleicao-da-prefeita-lucia-lacerda-em-pimenteiras\/","title":{"rendered":"Progressistas anuncia apoio \u00e0 reelei\u00e7\u00e3o da prefeita Lucia Lacerda em Pimenteiras"},"content":{"rendered":"<p>O Progressistas de Pimenteiras anunciou apoio ao projeto de reelei\u00e7\u00e3o da atual prefeita Lucia Lacerda. A confirma\u00e7\u00e3o da alian\u00e7a foi feita nesta ter\u00e7a-feira (12), pelo presidente da sigla Luiz Mendes. Na foto publicada aparecem a prefeita Lucia, o ex-prefeito Venicio do \u00d3 e correligion\u00e1rios progressistas.<\/p>\n<p>Decidiram pelo apoio os membros: Cristiane do Chico Oi\u00f4, Joaquim Lopes, Adilson Lopes, Jess\u00e9 Pereira, Giovanna Mendes, Jane Lopes, Iones Rosa, Joana Darc, Socorro Alves e Chico Oi\u00f4.<\/p>\n<p>Na elei\u00e7\u00e3o de 2020, o Progressistas elegeu o vereador Davilan Dantas que deve continuar nas fileiras da oposi\u00e7\u00e3o apoiando a pr\u00e9-campanha do empres\u00e1rio Tony Feitosa. S\u00e1bado (9), passado, a vice-presidenta da c\u00e2mara Carla Santos anunciou o rompimento com a base da prefeita Lucia Lacerda mostrando que os bastidores da politica em Pimenteiras est\u00e1 movimentad\u00edssimo.<a href=\"https:\/\/portalv1.com.br\/app\/wp-content\/uploads\/2023\/12\/051ab3b9450cdcd96ab60ac0cfe461ef-1.jpg\"><img loading=\"lazy\" decoding=\"async\" class=\"aligncenter size-large wp-image-160962\" src=\"https:\/\/portalv1.com.br\/app\/wp-content\/uploads\/2023\/12\/051ab3b9450cdcd96ab60ac0cfe461ef-1-640x360.jpg\" alt=\"\" width=\"600\" height=\"338\" srcset=\"https:\/\/portalv1.com.br\/app\/wp-content\/uploads\/2023\/12\/051ab3b9450cdcd96ab60ac0cfe461ef-1-640x360.jpg 640w, https:\/\/portalv1.com.br\/app\/wp-content\/uploads\/2023\/12\/051ab3b9450cdcd96ab60ac0cfe461ef-1-300x169.jpg 300w, https:\/\/portalv1.com.br\/app\/wp-content\/uploads\/2023\/12\/051ab3b9450cdcd96ab60ac0cfe461ef-1-768x432.jpg 768w, https:\/\/portalv1.com.br\/app\/wp-content\/uploads\/2023\/12\/051ab3b9450cdcd96ab60ac0cfe461ef-1.jpg 1000w\" sizes=\"auto, (max-width: 600px) 100vw, 600px\" \/><\/a><\/p>\n","protected":false},"excerpt":{"rendered":"<p>O Progressistas de Pimenteiras anunciou apoio ao projeto de reelei\u00e7\u00e3o da atual prefeita Lucia Lacerda. A confirma\u00e7\u00e3o da alian\u00e7a foi feita nesta ter\u00e7a-feira (12), pelo presidente da sigla Luiz Mendes&#8230;.<\/p>\n","protected":false},"author":1,"featured_media":160962,"comment_status":"open","ping_status":"open","sticky":false,"template":"","format":"standard","meta":{"ngg_post_thumbnail":0,"footnotes":""},"categories":[243],"tags":[],"class_list":["post-160961","post","type-post","status-publish","format-standard","has-post-thumbnail","hentry","category-geral"],"views":284,"meta_data":{"thumb":"https:\/\/portalv1.com.br\/app\/wp-content\/uploads\/2023\/12\/051ab3b9450cdcd96ab60ac0cfe461ef-1.jpg","imagem":{"fullsize":{"url":"https:\/\/portalv1.com.br\/app\/wp-content\/uploads\/2023\/12\/051ab3b9450cdcd96ab60ac0cfe461ef-1.jpg","width":1000,"height":562},"medium":{"url":"https:\/\/portalv1.com.br\/app\/wp-content\/uploads\/2023\/12\/051ab3b9450cdcd96ab60ac0cfe461ef-1-300x169.jpg","width":300,"height":169},"large":{"url":"https:\/\/portalv1.com.br\/app\/wp-content\/uploads\/2023\/12\/051ab3b9450cdcd96ab60ac0cfe461ef-1-640x360.jpg","width":640,"height":360},"thumbnail":{"url":"https:\/\/portalv1.com.br\/app\/wp-content\/uploads\/2023\/12\/051ab3b9450cdcd96ab60ac0cfe461ef-1-100x100.jpg","width":100,"height":100},"medium_large":{"url":"https:\/\/portalv1.com.br\/app\/wp-content\/uploads\/2023\/12\/051ab3b9450cdcd96ab60ac0cfe461ef-1-768x432.jpg","width":768,"height":432}},"data":{"simple":"13\/12\/2023","date_time":"13\/12\/2023 07:31:31","date":"h\u00e1 2 anos"},"chapeu":"Saiba Detalhes ","source":"m_destacada"},"_links":{"self":[{"href":"https:\/\/portalv1.com.br\/api\/wp\/v2\/posts\/160961","targetHints":{"allow":["GET"]}}],"collection":[{"href":"https:\/\/portalv1.com.br\/api\/wp\/v2\/posts"}],"about":[{"href":"https:\/\/portalv1.com.br\/api\/wp\/v2\/types\/post"}],"author":[{"embeddable":true,"href":"https:\/\/portalv1.com.br\/api\/wp\/v2\/users\/1"}],"replies":[{"embeddable":true,"href":"https:\/\/portalv1.com.br\/api\/wp\/v2\/comments?post=160961"}],"version-history":[{"count":0,"href":"https:\/\/portalv1.com.br\/api\/wp\/v2\/posts\/160961\/revisions"}],"wp:featuredmedia":[{"embeddable":true,"href":"https:\/\/portalv1.com.br\/api\/wp\/v2\/media\/160962"}],"wp:attachment":[{"href":"https:\/\/portalv1.com.br\/api\/wp\/v2\/media?parent=160961"}],"wp:term":[{"taxonomy":"category","embeddable":true,"href":"https:\/\/portalv1.com.br\/api\/wp\/v2\/categories?post=160961"},{"taxonomy":"post_tag","embeddable":true,"href":"https:\/\/portalv1.com.br\/api\/wp\/v2\/tags?post=160961"}],"curies":[{"name":"wp","href":"https:\/\/api.w.org\/{rel}","templated":true}]}}