{"id":1611,"date":"2009-12-02T09:42:13","date_gmt":"2009-12-02T12:42:13","guid":{"rendered":"https:\/\/portalv1.com.br\/?p=1611"},"modified":"2009-12-02T09:42:13","modified_gmt":"2009-12-02T12:42:13","slug":"windows-7-e-o-sistema-operacional-do-ano","status":"publish","type":"post","link":"https:\/\/portalv1.com.br\/windows-7-e-o-sistema-operacional-do-ano\/","title":{"rendered":"Windows 7 \u00e9 o sistema operacional do ano"},"content":{"rendered":"<p>Sucessor do Vista e do XP, o Windows 7 foi apontado pelos leitores da INFO como o sistema operacional do ano.<\/p>\n<p>Vencedor com larga folga, o sistema operacional da Microsoft recebeu votos de 70% dos leitores, contra 21% para o Snow Leopard, da Apple, e 9% para o Android, da Open Handset Alliance. Nesse aspecto, a vota\u00e7\u00e3o do Pr\u00eamio INFO parece refletir a recep\u00e7\u00e3o p\u00fablica do Windows 7, que vem encontrando boa acolhida tanto de usu\u00e1rios como da m\u00eddia especializada.<\/p>\n<p>A recep\u00e7\u00e3o positiva ao sistema estendeu-se \u00e0s consultorias profissionais. A Gartner, que desaconselhara o upgrade para o Windows Vista, recomenda agora que as empresas comecem logo a migrar para o Windows 7. At\u00e9 mesmo o tradicional conselho de aguardar o primeiro Service Pack foi deixado de lado desta vez. A recomenda\u00e7\u00e3o \u00e9 iniciar os testes e a migra\u00e7\u00e3o j\u00e1.<\/p>\n<p>Para Osvaldo Barbosa de Oliveira, diretor-geral do grupo de servi\u00e7os online e consumo da Microsoft Brasil, essa virada na percep\u00e7\u00e3o do produto deveu-se principalmente a dois fatores. \u201cO Vista exigia hardware mais robusto, e isso teve forte impacto sobre o usu\u00e1rio\u201d, diz Oliveira.<\/p>\n<p>Segundo ele, as mudan\u00e7as precisavam ser feitas, para garantir, por exemplo, mais seguran\u00e7a  ao sistema. Os problemas com o Vista se agravaram quando o usu\u00e1rio procurava drivers para os dispositivos e n\u00e3o encontrava. \u201cNa \u00e9poca em que saiu o Vista, mesmo m\u00e1quinas novas oferecidas no mercado n\u00e3o eram capazes de rod\u00e1-lo adequadamente\u201d, lembra o executivo.<\/p>\n<p>Para Oliveira, as v\u00e1rias vers\u00f5es betas p\u00fablicas do Windows 7, postas \u00e0 disposi\u00e7\u00e3o de quem quisesse usar, tamb\u00e9m ajudaram o usu\u00e1rio e os formadores de opini\u00e3o a ganhar confian\u00e7a no produto.<\/p>\n<p>Fonte:Info Online<\/p>\n","protected":false},"excerpt":{"rendered":"<p>Sucessor do Vista e do XP, o Windows 7 foi apontado pelos leitores da INFO como o sistema operacional do ano. Vencedor com larga folga, o sistema operacional da Microsoft&#8230;<\/p>\n","protected":false},"author":10,"featured_media":0,"comment_status":"open","ping_status":"open","sticky":false,"template":"","format":"standard","meta":{"ngg_post_thumbnail":0,"footnotes":""},"categories":[242],"tags":[434,1284,433],"class_list":["post-1611","post","type-post","status-publish","format-standard","hentry","category-tecnologia","tag-sistema","tag-tecnologia","tag-windows-7"],"views":636,"meta_data":{"thumb":"https:\/\/portalv1.com.br\/app\/wp-content\/uploads\/2009\/12\/windows-7.jpg","data":{"simple":"02\/12\/2009","date_time":"02\/12\/2009 06:42:13","date":"h\u00e1 16 anos"},"chapeu":"","source":""},"_links":{"self":[{"href":"https:\/\/portalv1.com.br\/api\/wp\/v2\/posts\/1611","targetHints":{"allow":["GET"]}}],"collection":[{"href":"https:\/\/portalv1.com.br\/api\/wp\/v2\/posts"}],"about":[{"href":"https:\/\/portalv1.com.br\/api\/wp\/v2\/types\/post"}],"author":[{"embeddable":true,"href":"https:\/\/portalv1.com.br\/api\/wp\/v2\/users\/10"}],"replies":[{"embeddable":true,"href":"https:\/\/portalv1.com.br\/api\/wp\/v2\/comments?post=1611"}],"version-history":[{"count":0,"href":"https:\/\/portalv1.com.br\/api\/wp\/v2\/posts\/1611\/revisions"}],"wp:attachment":[{"href":"https:\/\/portalv1.com.br\/api\/wp\/v2\/media?parent=1611"}],"wp:term":[{"taxonomy":"category","embeddable":true,"href":"https:\/\/portalv1.com.br\/api\/wp\/v2\/categories?post=1611"},{"taxonomy":"post_tag","embeddable":true,"href":"https:\/\/portalv1.com.br\/api\/wp\/v2\/tags?post=1611"}],"curies":[{"name":"wp","href":"https:\/\/api.w.org\/{rel}","templated":true}]}}