{"id":16130,"date":"2013-07-05T08:28:01","date_gmt":"2013-07-05T11:28:01","guid":{"rendered":"https:\/\/portalv1.com.br\/?p=16130"},"modified":"2013-07-06T07:10:06","modified_gmt":"2013-07-06T10:10:06","slug":"hoje-sexta-tem-festival-junino-em-pimenteiras","status":"publish","type":"post","link":"https:\/\/portalv1.com.br\/hoje-sexta-tem-festival-junino-em-pimenteiras\/","title":{"rendered":"Hoje (sexta) tem festival junino em Pimenteiras"},"content":{"rendered":"<figure id=\"attachment_16131\" aria-describedby=\"caption-attachment-16131\" style=\"width: 300px\" class=\"wp-caption alignright\"><a href=\"https:\/\/portalv1.com.br\/app\/wp-content\/uploads\/2013\/07\/venicio.jpg\"><img loading=\"lazy\" decoding=\"async\" class=\"size-medium wp-image-16131\" alt=\"A programa\u00e7\u00e3o ter\u00e1 inicio \u00e0s 19h na Pra\u00e7a do Abrigo \" src=\"https:\/\/portalv1.com.br\/app\/wp-content\/uploads\/2013\/07\/venicio-300x168.jpg\" width=\"300\" height=\"168\" srcset=\"https:\/\/portalv1.com.br\/app\/wp-content\/uploads\/2013\/07\/venicio-300x168.jpg 300w, https:\/\/portalv1.com.br\/app\/wp-content\/uploads\/2013\/07\/venicio.jpg 400w\" sizes=\"auto, (max-width: 300px) 100vw, 300px\" \/><\/a><figcaption id=\"caption-attachment-16131\" class=\"wp-caption-text\">A programa\u00e7\u00e3o ter\u00e1 inicio \u00e0s 19h na Pra\u00e7a do Abrigo<\/figcaption><\/figure>\n<p>Est\u00e1 confirmado para hoje (05) \u00e0s 19h na Pra\u00e7a do Abrigo a realiza\u00e7\u00e3o do 1\u00ba Arrai\u00e1 Pimenta Matutino de Pimenteiras. O evento era para ser realizado no final de semana passada mais devido ao acidente automobil\u00edstico com o jovem Daniel, o evento foi adiado. Ir\u00e3o participar do evento grupos juninos de Pimenteiras que ir\u00e3o concorrer uma premia\u00e7\u00e3o de 1.000 reais (mil reais), sendo R$ 400 para a campe\u00e3, R$ 300 para a vice-campe\u00e3, R$ 200 reais para o terceiro lugar e R$ 100 reais para a rainha caipira. O evento j\u00e1 faz parte do aquecimento para o aniversario da cidade nos dias 24 e 25 desse m\u00eas que trar\u00e1 a Pimenteiras dia 24 a maior banda de forr\u00f3 da atualidade Garota Safada. A coordena\u00e7\u00e3o do festival fica a cargo da vice-prefeita Lucia Lacerda.<\/p>\n","protected":false},"excerpt":{"rendered":"<p>Est\u00e1 confirmado para hoje (05) \u00e0s 19h na Pra\u00e7a do Abrigo a realiza\u00e7\u00e3o do 1\u00ba Arrai\u00e1 Pimenta Matutino de Pimenteiras. O evento era para ser realizado no final de semana&#8230;<\/p>\n","protected":false},"author":1,"featured_media":0,"comment_status":"open","ping_status":"open","sticky":false,"template":"","format":"standard","meta":{"ngg_post_thumbnail":0,"footnotes":""},"categories":[1174],"tags":[],"class_list":["post-16130","post","type-post","status-publish","format-standard","hentry","category-pimenteiras"],"views":557,"meta_data":{"thumb":"https:\/\/portalv1.com.br\/app\/wp-content\/uploads\/2013\/07\/venicio.jpg","data":{"simple":"05\/07\/2013","date_time":"05\/07\/2013 05:28:01","date":"h\u00e1 13 anos"},"chapeu":"Festival Junino","source":"retirar"},"_links":{"self":[{"href":"https:\/\/portalv1.com.br\/api\/wp\/v2\/posts\/16130","targetHints":{"allow":["GET"]}}],"collection":[{"href":"https:\/\/portalv1.com.br\/api\/wp\/v2\/posts"}],"about":[{"href":"https:\/\/portalv1.com.br\/api\/wp\/v2\/types\/post"}],"author":[{"embeddable":true,"href":"https:\/\/portalv1.com.br\/api\/wp\/v2\/users\/1"}],"replies":[{"embeddable":true,"href":"https:\/\/portalv1.com.br\/api\/wp\/v2\/comments?post=16130"}],"version-history":[{"count":0,"href":"https:\/\/portalv1.com.br\/api\/wp\/v2\/posts\/16130\/revisions"}],"wp:attachment":[{"href":"https:\/\/portalv1.com.br\/api\/wp\/v2\/media?parent=16130"}],"wp:term":[{"taxonomy":"category","embeddable":true,"href":"https:\/\/portalv1.com.br\/api\/wp\/v2\/categories?post=16130"},{"taxonomy":"post_tag","embeddable":true,"href":"https:\/\/portalv1.com.br\/api\/wp\/v2\/tags?post=16130"}],"curies":[{"name":"wp","href":"https:\/\/api.w.org\/{rel}","templated":true}]}}