{"id":16157,"date":"2013-07-08T09:42:53","date_gmt":"2013-07-08T12:42:53","guid":{"rendered":"https:\/\/portalv1.com.br\/?p=16157"},"modified":"2013-07-09T09:39:47","modified_gmt":"2013-07-09T12:39:47","slug":"policia-prende-acusado-de-desferir-11-facadas-em-lagoa-do-sitio","status":"publish","type":"post","link":"https:\/\/portalv1.com.br\/policia-prende-acusado-de-desferir-11-facadas-em-lagoa-do-sitio\/","title":{"rendered":"Policia prende acusado de desferir 11 facadas em Lagoa do Sitio"},"content":{"rendered":"<figure id=\"attachment_16158\" aria-describedby=\"caption-attachment-16158\" style=\"width: 300px\" class=\"wp-caption alignright\"><a href=\"https:\/\/portalv1.com.br\/app\/wp-content\/uploads\/2013\/07\/comdante.jpg\"><img loading=\"lazy\" decoding=\"async\" class=\"size-medium wp-image-16158\" alt=\"Tenente Cruz \" src=\"https:\/\/portalv1.com.br\/app\/wp-content\/uploads\/2013\/07\/comdante-300x225.jpg\" width=\"300\" height=\"225\" srcset=\"https:\/\/portalv1.com.br\/app\/wp-content\/uploads\/2013\/07\/comdante-300x225.jpg 300w, https:\/\/portalv1.com.br\/app\/wp-content\/uploads\/2013\/07\/comdante-640x480.jpg 640w, https:\/\/portalv1.com.br\/app\/wp-content\/uploads\/2013\/07\/comdante.jpg 960w\" sizes=\"auto, (max-width: 300px) 100vw, 300px\" \/><\/a><figcaption id=\"caption-attachment-16158\" class=\"wp-caption-text\">Tenente Cruz<\/figcaption><\/figure>\n<p>Policiais militares de Valen\u00e7a prenderam\u00a0Afr\u00e2nio Junior \u00a0acusado de matar\u00a0Elismar Lima com 11 facadas em uma churrascaria na cidade de Lagoa do Sitio na madrugada deste s\u00e1bado (06). De acordo com o comandante da 2\u00aa Companhia de Policia da policia militar, tenente Cruz (foto), o acusado foi localizado e preso em uma casa em Valen\u00e7a.<\/p>\n<p>Segundo o comandante j\u00e1 havia uma rixa entre os envolvidos, inclusive a vitima j\u00e1 tinha desferido em outra oportunidade duas facadas no acusado.<\/p>\n<p>Ao se encontrarem na madrugada deste s\u00e1bado uma nova discuss\u00e3o aconteceu que culminou com o homic\u00eddio. Ap\u00f3s ser comunicada, a policia iniciou as diligencias e concluiu com a pris\u00e3o em Valen\u00e7a do acusado que foi levado para a delegacia, onde se encontra detido.<\/p>\n","protected":false},"excerpt":{"rendered":"<p>Policiais militares de Valen\u00e7a prenderam\u00a0Afr\u00e2nio Junior \u00a0acusado de matar\u00a0Elismar Lima com 11 facadas em uma churrascaria na cidade de Lagoa do Sitio na madrugada deste s\u00e1bado (06). De acordo com&#8230;<\/p>\n","protected":false},"author":1,"featured_media":0,"comment_status":"open","ping_status":"open","sticky":false,"template":"","format":"standard","meta":{"ngg_post_thumbnail":0,"footnotes":""},"categories":[12],"tags":[],"class_list":["post-16157","post","type-post","status-publish","format-standard","hentry","category-valenca-news"],"views":1428,"meta_data":{"thumb":"https:\/\/portalv1.com.br\/app\/wp-content\/uploads\/2013\/07\/comdante.jpg","data":{"simple":"08\/07\/2013","date_time":"08\/07\/2013 06:42:53","date":"h\u00e1 13 anos"},"chapeu":"Homic\u00eddio ","source":"foto_menor"},"_links":{"self":[{"href":"https:\/\/portalv1.com.br\/api\/wp\/v2\/posts\/16157","targetHints":{"allow":["GET"]}}],"collection":[{"href":"https:\/\/portalv1.com.br\/api\/wp\/v2\/posts"}],"about":[{"href":"https:\/\/portalv1.com.br\/api\/wp\/v2\/types\/post"}],"author":[{"embeddable":true,"href":"https:\/\/portalv1.com.br\/api\/wp\/v2\/users\/1"}],"replies":[{"embeddable":true,"href":"https:\/\/portalv1.com.br\/api\/wp\/v2\/comments?post=16157"}],"version-history":[{"count":0,"href":"https:\/\/portalv1.com.br\/api\/wp\/v2\/posts\/16157\/revisions"}],"wp:attachment":[{"href":"https:\/\/portalv1.com.br\/api\/wp\/v2\/media?parent=16157"}],"wp:term":[{"taxonomy":"category","embeddable":true,"href":"https:\/\/portalv1.com.br\/api\/wp\/v2\/categories?post=16157"},{"taxonomy":"post_tag","embeddable":true,"href":"https:\/\/portalv1.com.br\/api\/wp\/v2\/tags?post=16157"}],"curies":[{"name":"wp","href":"https:\/\/api.w.org\/{rel}","templated":true}]}}