{"id":16163,"date":"2013-07-08T10:14:38","date_gmt":"2013-07-08T13:14:38","guid":{"rendered":"https:\/\/portalv1.com.br\/?p=16163"},"modified":"2013-07-09T11:46:41","modified_gmt":"2013-07-09T14:46:41","slug":"bruno-e-marrone-confirmados-no-pimpim-folia-em-dezembro","status":"publish","type":"post","link":"https:\/\/portalv1.com.br\/bruno-e-marrone-confirmados-no-pimpim-folia-em-dezembro\/","title":{"rendered":"Bruno e Marrone confirmados no Pimpim Folia em dezembro"},"content":{"rendered":"<figure id=\"attachment_16165\" aria-describedby=\"caption-attachment-16165\" style=\"width: 300px\" class=\"wp-caption alignright\"><a href=\"https:\/\/portalv1.com.br\/app\/wp-content\/uploads\/2013\/07\/Iphone-Al...jpg\"><img loading=\"lazy\" decoding=\"async\" class=\"size-medium wp-image-16165\" alt=\"Alex do \u00d3 confirmou a dupla em Valen\u00e7a dia 21 de dezembro no Pimpim Folia\" src=\"https:\/\/portalv1.com.br\/app\/wp-content\/uploads\/2013\/07\/Iphone-Al..-300x225.jpg\" width=\"300\" height=\"225\" srcset=\"https:\/\/portalv1.com.br\/app\/wp-content\/uploads\/2013\/07\/Iphone-Al..-300x225.jpg 300w, https:\/\/portalv1.com.br\/app\/wp-content\/uploads\/2013\/07\/Iphone-Al...jpg 640w\" sizes=\"auto, (max-width: 300px) 100vw, 300px\" \/><\/a><figcaption id=\"caption-attachment-16165\" class=\"wp-caption-text\">Alex do \u00d3 confirmou a dupla em Valen\u00e7a dia 21 de dezembro no Pimpim Folia<\/figcaption><\/figure>\n<p>A dupla Bruno e Marrone ser\u00e1 a maior atra\u00e7\u00e3o do Pimpim-Folia desse ano. A festa acontecer\u00e1 dia 21 de dezembro com uma das maiores duplas sertanejas de todos os tempos. A assinatura do contrato aconteceu semana passada na cidade do Parambu-CE, onde a dupla se apresentou em grande show. Alex do \u00d3 (foto) confirmou a celebra\u00e7\u00e3o do contrato que ir\u00e1 embalar centenas de pessoas no dia 21 de dezembro no est\u00e1dio Gaud\u00eancio Veloso.<\/p>\n<p>A dupla prometeu um grande show em terras valencianas a afirmaram que querem ver o est\u00e1dio lotado no dia da apresenta\u00e7\u00e3o. Esse ano o Pimpim Folia completa 11 anos e celebra a data em grande estilo com a dupla Bruno e Marrone como a sua principal atra\u00e7\u00e3o.<\/p>\n","protected":false},"excerpt":{"rendered":"<p>A dupla Bruno e Marrone ser\u00e1 a maior atra\u00e7\u00e3o do Pimpim-Folia desse ano. A festa acontecer\u00e1 dia 21 de dezembro com uma das maiores duplas sertanejas de todos os tempos&#8230;.<\/p>\n","protected":false},"author":1,"featured_media":0,"comment_status":"open","ping_status":"open","sticky":false,"template":"","format":"standard","meta":{"ngg_post_thumbnail":0,"footnotes":""},"categories":[245],"tags":[],"class_list":["post-16163","post","type-post","status-publish","format-standard","hentry","category-entretenimento"],"views":2131,"meta_data":{"thumb":"https:\/\/portalv1.com.br\/app\/wp-content\/uploads\/2013\/07\/Iphone-Al...jpg","data":{"simple":"08\/07\/2013","date_time":"08\/07\/2013 07:14:38","date":"h\u00e1 13 anos"},"chapeu":"Pimpim Folia 2013","source":"retirar"},"_links":{"self":[{"href":"https:\/\/portalv1.com.br\/api\/wp\/v2\/posts\/16163","targetHints":{"allow":["GET"]}}],"collection":[{"href":"https:\/\/portalv1.com.br\/api\/wp\/v2\/posts"}],"about":[{"href":"https:\/\/portalv1.com.br\/api\/wp\/v2\/types\/post"}],"author":[{"embeddable":true,"href":"https:\/\/portalv1.com.br\/api\/wp\/v2\/users\/1"}],"replies":[{"embeddable":true,"href":"https:\/\/portalv1.com.br\/api\/wp\/v2\/comments?post=16163"}],"version-history":[{"count":0,"href":"https:\/\/portalv1.com.br\/api\/wp\/v2\/posts\/16163\/revisions"}],"wp:attachment":[{"href":"https:\/\/portalv1.com.br\/api\/wp\/v2\/media?parent=16163"}],"wp:term":[{"taxonomy":"category","embeddable":true,"href":"https:\/\/portalv1.com.br\/api\/wp\/v2\/categories?post=16163"},{"taxonomy":"post_tag","embeddable":true,"href":"https:\/\/portalv1.com.br\/api\/wp\/v2\/tags?post=16163"}],"curies":[{"name":"wp","href":"https:\/\/api.w.org\/{rel}","templated":true}]}}