{"id":161694,"date":"2023-12-16T13:53:26","date_gmt":"2023-12-16T16:53:26","guid":{"rendered":"https:\/\/portalv1.com.br\/?p=161694"},"modified":"2023-12-16T13:58:05","modified_gmt":"2023-12-16T16:58:05","slug":"vice-prefeito-de-lagoa-do-sitio-participa-de-sessao-de-encerramento-dos-trabalhos-legislativos","status":"publish","type":"post","link":"https:\/\/portalv1.com.br\/vice-prefeito-de-lagoa-do-sitio-participa-de-sessao-de-encerramento-dos-trabalhos-legislativos\/","title":{"rendered":"Vice-prefeito de Lagoa do Sitio participa de sess\u00e3o de encerramento dos trabalhos legislativos"},"content":{"rendered":"<p>O vice-prefeito Isauri Moura participou nesta sexta-feira (15) da sess\u00e3o de encerramento do segundo per\u00edodo legislativo da C\u00e2mara Municipal de Lagoa do S\u00edtio. Ele representou o prefeito S\u00e1vio Moura, que n\u00e3o p\u00f4de estar presente devido a compromissos anteriormente agendados.<\/p>\n<p>Em seu pronunciamento, Isauri Moura destacou a parceria entre os dois poderes separados constitucionalmente, mas em perfeita harmonia. Ele falou de unidade e crescimento a olhos vistos.<\/p>\n<p>\u201cA Gest\u00e3o O Povo \u00e9 Poder tem feito muito pelo desenvolvimento de Lagoa do S\u00edtio nesses quase tr\u00eas anos, foram tr\u00eas anos de muito trabalho, tr\u00eas anos de muita dedica\u00e7\u00e3o e tr\u00eas anos de muito desenvolvimento para Lagoa do S\u00edtio\u201d, afirmou o vice-prefeito, que completou.<\/p>\n<p>\u201cEm Lagoa do S\u00edtio hoje a gente vivencia um divisor de \u00e1guas com todo o respeito as gest\u00f5es que nos antecederam, mas existe uma Lagoa do S\u00edtio antes e depois da gest\u00e3o o Povo \u00e9 o Poder sob o comandando do prefeito S\u00e1vio Moura e todos os nossos assessores\u201d, frisou o vice-prefeito, que concluiu dizendo.&nbsp;<\/p>\n<p>\u201cN\u00f3s conseguimos atrav\u00e9s da nossa gest\u00e3o desmistificar aquilo que trazia que Lagoa do S\u00edtio era o patinho feio do territ\u00f3rio valenciano, gra\u00e7as a essa gest\u00e3o e com o apoio incessante da c\u00e2mara\u201d, pontuou o vice-prefeito Isauri Moura.<a href=\"https:\/\/portalv1.com.br\/app\/wp-content\/uploads\/2023\/12\/4-1.jpg\"><img loading=\"lazy\" decoding=\"async\" class=\"aligncenter size-large wp-image-161695\" src=\"https:\/\/portalv1.com.br\/app\/wp-content\/uploads\/2023\/12\/4-1-640x360.jpg\" alt=\"\" width=\"600\" height=\"338\" srcset=\"https:\/\/portalv1.com.br\/app\/wp-content\/uploads\/2023\/12\/4-1-640x360.jpg 640w, https:\/\/portalv1.com.br\/app\/wp-content\/uploads\/2023\/12\/4-1-300x169.jpg 300w, https:\/\/portalv1.com.br\/app\/wp-content\/uploads\/2023\/12\/4-1-768x432.jpg 768w, https:\/\/portalv1.com.br\/app\/wp-content\/uploads\/2023\/12\/4-1.jpg 1008w\" sizes=\"auto, (max-width: 600px) 100vw, 600px\" \/><\/a> <a href=\"https:\/\/portalv1.com.br\/app\/wp-content\/uploads\/2023\/12\/3-1.jpg\"><img loading=\"lazy\" decoding=\"async\" class=\"aligncenter size-large wp-image-161696\" src=\"https:\/\/portalv1.com.br\/app\/wp-content\/uploads\/2023\/12\/3-1-640x360.jpg\" alt=\"\" width=\"600\" height=\"338\" srcset=\"https:\/\/portalv1.com.br\/app\/wp-content\/uploads\/2023\/12\/3-1-640x360.jpg 640w, https:\/\/portalv1.com.br\/app\/wp-content\/uploads\/2023\/12\/3-1-300x169.jpg 300w, https:\/\/portalv1.com.br\/app\/wp-content\/uploads\/2023\/12\/3-1-768x432.jpg 768w, https:\/\/portalv1.com.br\/app\/wp-content\/uploads\/2023\/12\/3-1.jpg 1008w\" sizes=\"auto, (max-width: 600px) 100vw, 600px\" \/><\/a> <a href=\"https:\/\/portalv1.com.br\/app\/wp-content\/uploads\/2023\/12\/2-1.jpg\"><img loading=\"lazy\" decoding=\"async\" class=\"aligncenter size-large wp-image-161697\" src=\"https:\/\/portalv1.com.br\/app\/wp-content\/uploads\/2023\/12\/2-1-640x360.jpg\" alt=\"\" width=\"600\" height=\"338\" srcset=\"https:\/\/portalv1.com.br\/app\/wp-content\/uploads\/2023\/12\/2-1-640x360.jpg 640w, https:\/\/portalv1.com.br\/app\/wp-content\/uploads\/2023\/12\/2-1-300x169.jpg 300w, https:\/\/portalv1.com.br\/app\/wp-content\/uploads\/2023\/12\/2-1-768x432.jpg 768w, https:\/\/portalv1.com.br\/app\/wp-content\/uploads\/2023\/12\/2-1-1536x864.jpg 1536w, https:\/\/portalv1.com.br\/app\/wp-content\/uploads\/2023\/12\/2-1.jpg 1600w\" sizes=\"auto, (max-width: 600px) 100vw, 600px\" \/><\/a><\/p>\n<p>&nbsp;<\/p>\n<blockquote><p>Fotos Alderi Sousa&nbsp;<\/p><\/blockquote>\n<p>&nbsp;<\/p>\n<p>&nbsp;<\/p>\n","protected":false},"excerpt":{"rendered":"<p>O vice-prefeito Isauri Moura participou nesta sexta-feira (15) da sess\u00e3o de encerramento do segundo per\u00edodo legislativo da C\u00e2mara Municipal de Lagoa do S\u00edtio. Ele representou o prefeito S\u00e1vio Moura, que&#8230;<\/p>\n","protected":false},"author":1,"featured_media":161695,"comment_status":"open","ping_status":"open","sticky":false,"template":"","format":"standard","meta":{"ngg_post_thumbnail":0,"footnotes":""},"categories":[243],"tags":[],"class_list":["post-161694","post","type-post","status-publish","format-standard","has-post-thumbnail","hentry","category-geral"],"views":237,"meta_data":{"thumb":"https:\/\/portalv1.com.br\/app\/wp-content\/uploads\/2023\/12\/4-1.jpg","imagem":{"fullsize":{"url":"https:\/\/portalv1.com.br\/app\/wp-content\/uploads\/2023\/12\/4-1.jpg","width":1008,"height":567},"medium":{"url":"https:\/\/portalv1.com.br\/app\/wp-content\/uploads\/2023\/12\/4-1-300x169.jpg","width":300,"height":169},"large":{"url":"https:\/\/portalv1.com.br\/app\/wp-content\/uploads\/2023\/12\/4-1-640x360.jpg","width":640,"height":360},"thumbnail":{"url":"https:\/\/portalv1.com.br\/app\/wp-content\/uploads\/2023\/12\/4-1-100x100.jpg","width":100,"height":100},"medium_large":{"url":"https:\/\/portalv1.com.br\/app\/wp-content\/uploads\/2023\/12\/4-1-768x432.jpg","width":768,"height":432}},"data":{"simple":"16\/12\/2023","date_time":"16\/12\/2023 10:53:26","date":"h\u00e1 2 anos"},"chapeu":"Isauri Moura ","source":"m_destacada"},"_links":{"self":[{"href":"https:\/\/portalv1.com.br\/api\/wp\/v2\/posts\/161694","targetHints":{"allow":["GET"]}}],"collection":[{"href":"https:\/\/portalv1.com.br\/api\/wp\/v2\/posts"}],"about":[{"href":"https:\/\/portalv1.com.br\/api\/wp\/v2\/types\/post"}],"author":[{"embeddable":true,"href":"https:\/\/portalv1.com.br\/api\/wp\/v2\/users\/1"}],"replies":[{"embeddable":true,"href":"https:\/\/portalv1.com.br\/api\/wp\/v2\/comments?post=161694"}],"version-history":[{"count":0,"href":"https:\/\/portalv1.com.br\/api\/wp\/v2\/posts\/161694\/revisions"}],"wp:featuredmedia":[{"embeddable":true,"href":"https:\/\/portalv1.com.br\/api\/wp\/v2\/media\/161695"}],"wp:attachment":[{"href":"https:\/\/portalv1.com.br\/api\/wp\/v2\/media?parent=161694"}],"wp:term":[{"taxonomy":"category","embeddable":true,"href":"https:\/\/portalv1.com.br\/api\/wp\/v2\/categories?post=161694"},{"taxonomy":"post_tag","embeddable":true,"href":"https:\/\/portalv1.com.br\/api\/wp\/v2\/tags?post=161694"}],"curies":[{"name":"wp","href":"https:\/\/api.w.org\/{rel}","templated":true}]}}