{"id":16213,"date":"2013-07-12T16:49:22","date_gmt":"2013-07-12T19:49:22","guid":{"rendered":"https:\/\/portalv1.com.br\/?p=16213"},"modified":"2013-07-15T18:59:39","modified_gmt":"2013-07-15T21:59:39","slug":"valenca-tera-campanha-de-doacao-de-sangue-dias-19-e-20-de-julho","status":"publish","type":"post","link":"https:\/\/portalv1.com.br\/valenca-tera-campanha-de-doacao-de-sangue-dias-19-e-20-de-julho\/","title":{"rendered":"Valen\u00e7a ter\u00e1 campanha de doa\u00e7\u00e3o de sangue dias 19 e 20 de julho"},"content":{"rendered":"<figure id=\"attachment_16214\" aria-describedby=\"caption-attachment-16214\" style=\"width: 300px\" class=\"wp-caption alignright\"><a href=\"https:\/\/portalv1.com.br\/app\/wp-content\/uploads\/2013\/07\/hemopi.jpg\"><img loading=\"lazy\" decoding=\"async\" class=\"size-medium wp-image-16214\" alt=\"Centro de Hematologia e Hemoterapia do Piau\u00ed \" src=\"https:\/\/portalv1.com.br\/app\/wp-content\/uploads\/2013\/07\/hemopi-300x225.jpg\" width=\"300\" height=\"225\" srcset=\"https:\/\/portalv1.com.br\/app\/wp-content\/uploads\/2013\/07\/hemopi-300x225.jpg 300w, https:\/\/portalv1.com.br\/app\/wp-content\/uploads\/2013\/07\/hemopi.jpg 400w\" sizes=\"auto, (max-width: 300px) 100vw, 300px\" \/><\/a><figcaption id=\"caption-attachment-16214\" class=\"wp-caption-text\">Centro de Hematologia e Hemoterapia do Piau\u00ed<\/figcaption><\/figure>\n<p>O Centro de Hematologia e Hemoterapia do Piau\u00ed (HEMOPI) estar\u00e1 nos dias 19 e 20 de julho em Valen\u00e7a realizando mais uma campanha de doa\u00e7\u00e3o de sangue. As atividades ser\u00e3o desenvolvidas no Hospital Regional Estaquio Portela a partir das 08h da manha. Um dos coordenadores da vinda do HEMOPI a Valen\u00e7a o bioqu\u00edmico Afonso Sobreira informou que al\u00e9m do gesto humanit\u00e1rio os doadores ganharam exames gratuitos. Pessoas com at\u00e9 16 anos poder\u00e3o doar sangue desde que seja autorizado pelos pais. Segundo o bioqu\u00edmico nas campanhas anteriores a popula\u00e7\u00e3o valenciana vem respondendo ao chamado e as doa\u00e7\u00f5es normalmente superam as 200 bolsas.<\/p>\n<p><b>O QUE \u00c9 PRECISO PARA DOAR<\/b><\/p>\n<p>\u00b7\u00a0\u00a0\u00a0\u00a0\u00a0\u00a0\u00a0\u00a0Ter entre 16 e 67 anos (menor de 18 anos apresentar Termo de Consentimento assinado pelo respons\u00e1vel legal)<\/p>\n<p>\u00b7\u00a0\u00a0\u00a0\u00a0\u00a0\u00a0\u00a0\u00a0\u00a0Pesar a partir de 50 kg<\/p>\n<p>\u00b7\u00a0\u00a0\u00a0\u00a0\u00a0\u00a0\u00a0\u00a0\u00a0Estar saud\u00e1vel e alimentado<\/p>\n<p>\u00b7\u00a0\u00a0\u00a0\u00a0\u00a0\u00a0\u00a0\u00a0\u00a0Apresentar documento oficial com foto<\/p>\n<p><b>\u00a0\u00a0\u00a0\u00a0\u00a0 QUEM N\u00c3O PODE DOAR<\/b><\/p>\n<p>\u00a7\u00a0\u00a0Quem teve hepatite ap\u00f3s os 11 anos de idade<\/p>\n<p>\u00a7\u00a0\u00a0Mulheres gr\u00e1vidas ou amamentando, cujo leite materno seja o \u00fanico alimento da crian\u00e7a.<\/p>\n<p>\u00a7\u00a0\u00a0Quem passou por cirurgia card\u00edaca<\/p>\n<p>\u00a7\u00a0\u00a0Quem teve c\u00e2ncer<\/p>\n<p>\u00a7\u00a0\u00a0Quem teve rela\u00e7\u00f5es sexuais com m\u00faltiplos parceiros nos \u00faltimos 12 meses<\/p>\n<p>\u00a7\u00a0\u00a0Usu\u00e1rios de drogas<\/p>\n<p>\u00a7\u00a0\u00a0Pessoas com HIV, hepatite, s\u00edfilis e doen\u00e7a de chagas<\/p>\n<p><b>\u00a0\u00a0\u00a0\u00a0 ANTES DE DOAR<\/b><\/p>\n<p>\u00b7\u00a0\u00a0\u00a0\u00a0\u00a0\u00a0\u00a0\u00a0\u00a0Dormir bem a noite anterior \u00e0 doa\u00e7\u00e3o<\/p>\n<p>\u00b7\u00a0\u00a0\u00a0\u00a0\u00a0\u00a0\u00a0\u00a0\u00a0N\u00e3o ingerir bebida alco\u00f3lica nas \u00faltimas 12 horas antes da doa\u00e7\u00e3o<\/p>\n<p>\u00b7\u00a0\u00a0\u00a0\u00a0\u00a0\u00a0\u00a0\u00a0\u00a0Alimentar-se bem, evitando alimento gorduroso<\/p>\n<p>\u00b7\u00a0\u00a0\u00a0\u00a0\u00a0\u00a0\u00a0\u00a0\u00a0Aguardar 2 horas ap\u00f3s o almo\u00e7o, para doar<\/p>\n<p>\u00b7\u00a0\u00a0\u00a0\u00a0\u00a0\u00a0\u00a0\u00a0\u00a0N\u00e3o fumar 2 horas antes e 2 depois da doa\u00e7\u00e3o<\/p>\n<p>\u00b7\u00a0\u00a0\u00a0\u00a0\u00a0\u00a0\u00a0\u00a0\u00a0Procurar ficar tranquilo e relaxar<\/p>\n<p><b>AP\u00d3S A DOA\u00c7\u00c3O<\/b><\/p>\n<p>\u00a7\u00a0\u00a0Ingerir bastante liquido<\/p>\n<p>\u00a7\u00a0\u00a0Evitar esfor\u00e7os f\u00edsicos e n\u00e3o ingerir bebida alco\u00f3lica nas pr\u00f3ximas 12 horas<\/p>\n<p>\u00a7\u00a0\u00a0O volume doado (cerca de 450 ml) \u00e9 recuperado em 24 horas<\/p>\n<p>&nbsp;<\/p>\n<p>&nbsp;<\/p>\n","protected":false},"excerpt":{"rendered":"<p>O Centro de Hematologia e Hemoterapia do Piau\u00ed (HEMOPI) estar\u00e1 nos dias 19 e 20 de julho em Valen\u00e7a realizando mais uma campanha de doa\u00e7\u00e3o de sangue. As atividades ser\u00e3o&#8230;<\/p>\n","protected":false},"author":1,"featured_media":0,"comment_status":"open","ping_status":"open","sticky":false,"template":"","format":"standard","meta":{"ngg_post_thumbnail":0,"footnotes":""},"categories":[12],"tags":[],"class_list":["post-16213","post","type-post","status-publish","format-standard","hentry","category-valenca-news"],"views":450,"meta_data":{"thumb":"https:\/\/portalv1.com.br\/app\/wp-content\/uploads\/2013\/07\/hemopi.jpg","data":{"simple":"12\/07\/2013","date_time":"12\/07\/2013 13:49:22","date":"h\u00e1 13 anos"},"chapeu":"Doe Sangue","source":"foto_menor"},"_links":{"self":[{"href":"https:\/\/portalv1.com.br\/api\/wp\/v2\/posts\/16213","targetHints":{"allow":["GET"]}}],"collection":[{"href":"https:\/\/portalv1.com.br\/api\/wp\/v2\/posts"}],"about":[{"href":"https:\/\/portalv1.com.br\/api\/wp\/v2\/types\/post"}],"author":[{"embeddable":true,"href":"https:\/\/portalv1.com.br\/api\/wp\/v2\/users\/1"}],"replies":[{"embeddable":true,"href":"https:\/\/portalv1.com.br\/api\/wp\/v2\/comments?post=16213"}],"version-history":[{"count":0,"href":"https:\/\/portalv1.com.br\/api\/wp\/v2\/posts\/16213\/revisions"}],"wp:attachment":[{"href":"https:\/\/portalv1.com.br\/api\/wp\/v2\/media?parent=16213"}],"wp:term":[{"taxonomy":"category","embeddable":true,"href":"https:\/\/portalv1.com.br\/api\/wp\/v2\/categories?post=16213"},{"taxonomy":"post_tag","embeddable":true,"href":"https:\/\/portalv1.com.br\/api\/wp\/v2\/tags?post=16213"}],"curies":[{"name":"wp","href":"https:\/\/api.w.org\/{rel}","templated":true}]}}