{"id":162267,"date":"2023-12-17T22:26:53","date_gmt":"2023-12-18T01:26:53","guid":{"rendered":"https:\/\/portalv1.com.br\/?p=162267"},"modified":"2023-12-17T22:26:53","modified_gmt":"2023-12-18T01:26:53","slug":"festejo-da-padroeira-de-valenca-do-piaui-teve-inicio-neste-domingo","status":"publish","type":"post","link":"https:\/\/portalv1.com.br\/festejo-da-padroeira-de-valenca-do-piaui-teve-inicio-neste-domingo\/","title":{"rendered":"Festejo da Padroeira de Valen\u00e7a do Piaui teve in\u00edcio neste domingo"},"content":{"rendered":"<p>Teve in\u00edcio neste domingo (17), o festejo de Nossa Senhora do \u00d3 e Concei\u00e7\u00e3o, padroeira da cidade de Valen\u00e7a do Piaui. A festividade come\u00e7ou com uma prociss\u00e3o pelas ruas da cidade e a celebra\u00e7\u00e3o na Igreja Matriz que ficou lotada.<\/p>\n<p>As pastorais respons\u00e1veis foram: Renova\u00e7\u00e3o Carism\u00e1tica Cat\u00f3lica, Ter\u00e7o dos Homens e Confraria do Divino Espirito Santo. Entidades Policia Civil e Militar e Fam\u00edlias L\u00f4 e Moura. A celebra\u00e7\u00e3o foi presidida pelo padre Adelino Rios que comemora 29 anos de sacerd\u00f3cio.<\/p>\n<div class=\"ngg-galleryoverview\" id=\"1\">\n                    <div data-widget=\"Galeria\" data-props=\"{&quot;galeria&quot;:{&quot;max_page&quot;:4,&quot;total&quot;:63,&quot;gallery_id&quot;:1,&quot;images&quot;:[{&quot;thumbcode&quot;:&quot;https:\\\/\\\/portalv1.com.br\\\/app\\\/wp-content\\\/uploads\\\/2023\\\/12\\\/IMG_5176-Copy-400x250.jpg&quot;,&quot;imageURL&quot;:&quot;https:\\\/\\\/portalv1.com.br\\\/app\\\/wp-content\\\/uploads\\\/2023\\\/12\\\/IMG_5176-Copy.jpg&quot;,&quot;pid&quot;:162268,&quot;galleryid&quot;:1,&quot;description&quot;:&quot;&quot;,&quot;alttext&quot;:&quot;Festejo da Padroeira de Valen\\u00e7a do Piaui teve in\\u00edcio neste domingo&quot;,&quot;thumbnailURL&quot;:&quot;https:\\\/\\\/portalv1.com.br\\\/app\\\/wp-content\\\/uploads\\\/2023\\\/12\\\/IMG_5176-Copy-400x250.jpg&quot;,&quot;style&quot;:&quot;&quot;},{&quot;thumbcode&quot;:&quot;https:\\\/\\\/portalv1.com.br\\\/app\\\/wp-content\\\/uploads\\\/2023\\\/12\\\/IMG_5180-Copy-400x250.jpg&quot;,&quot;imageURL&quot;:&quot;https:\\\/\\\/portalv1.com.br\\\/app\\\/wp-content\\\/uploads\\\/2023\\\/12\\\/IMG_5180-Copy.jpg&quot;,&quot;pid&quot;:162269,&quot;galleryid&quot;:1,&quot;description&quot;:&quot;&quot;,&quot;alttext&quot;:&quot;Festejo da Padroeira de Valen\\u00e7a do Piaui teve in\\u00edcio neste domingo&quot;,&quot;thumbnailURL&quot;:&quot;https:\\\/\\\/portalv1.com.br\\\/app\\\/wp-content\\\/uploads\\\/2023\\\/12\\\/IMG_5180-Copy-400x250.jpg&quot;,&quot;style&quot;:&quot;&quot;},{&quot;thumbcode&quot;:&quot;https:\\\/\\\/portalv1.com.br\\\/app\\\/wp-content\\\/uploads\\\/2023\\\/12\\\/IMG_5181-Copy-400x250.jpg&quot;,&quot;imageURL&quot;:&quot;https:\\\/\\\/portalv1.com.br\\\/app\\\/wp-content\\\/uploads\\\/2023\\\/12\\\/IMG_5181-Copy.jpg&quot;,&quot;pid&quot;:162270,&quot;galleryid&quot;:1,&quot;description&quot;:&quot;&quot;,&quot;alttext&quot;:&quot;Festejo da Padroeira de Valen\\u00e7a do Piaui teve in\\u00edcio neste domingo&quot;,&quot;thumbnailURL&quot;:&quot;https:\\\/\\\/portalv1.com.br\\\/app\\\/wp-content\\\/uploads\\\/2023\\\/12\\\/IMG_5181-Copy-400x250.jpg&quot;,&quot;style&quot;:&quot;&quot;},{&quot;thumbcode&quot;:&quot;https:\\\/\\\/portalv1.com.br\\\/app\\\/wp-content\\\/uploads\\\/2023\\\/12\\\/IMG_5184-Copy-400x250.jpg&quot;,&quot;imageURL&quot;:&quot;https:\\\/\\\/portalv1.com.br\\\/app\\\/wp-content\\\/uploads\\\/2023\\\/12\\\/IMG_5184-Copy.jpg&quot;,&quot;pid&quot;:162271,&quot;galleryid&quot;:1,&quot;description&quot;:&quot;&quot;,&quot;alttext&quot;:&quot;Festejo da Padroeira de Valen\\u00e7a do Piaui teve in\\u00edcio neste domingo&quot;,&quot;thumbnailURL&quot;:&quot;https:\\\/\\\/portalv1.com.br\\\/app\\\/wp-content\\\/uploads\\\/2023\\\/12\\\/IMG_5184-Copy-400x250.jpg&quot;,&quot;style&quot;:&quot;&quot;},{&quot;thumbcode&quot;:&quot;https:\\\/\\\/portalv1.com.br\\\/app\\\/wp-content\\\/uploads\\\/2023\\\/12\\\/IMG_5185-Copy-400x250.jpg&quot;,&quot;imageURL&quot;:&quot;https:\\\/\\\/portalv1.com.br\\\/app\\\/wp-content\\\/uploads\\\/2023\\\/12\\\/IMG_5185-Copy.jpg&quot;,&quot;pid&quot;:162272,&quot;galleryid&quot;:1,&quot;description&quot;:&quot;&quot;,&quot;alttext&quot;:&quot;Festejo da Padroeira de Valen\\u00e7a do Piaui teve in\\u00edcio neste domingo&quot;,&quot;thumbnailURL&quot;:&quot;https:\\\/\\\/portalv1.com.br\\\/app\\\/wp-content\\\/uploads\\\/2023\\\/12\\\/IMG_5185-Copy-400x250.jpg&quot;,&quot;style&quot;:&quot;&quot;},{&quot;thumbcode&quot;:&quot;https:\\\/\\\/portalv1.com.br\\\/app\\\/wp-content\\\/uploads\\\/2023\\\/12\\\/IMG_5188-Copy-400x250.jpg&quot;,&quot;imageURL&quot;:&quot;https:\\\/\\\/portalv1.com.br\\\/app\\\/wp-content\\\/uploads\\\/2023\\\/12\\\/IMG_5188-Copy.jpg&quot;,&quot;pid&quot;:162273,&quot;galleryid&quot;:1,&quot;description&quot;:&quot;&quot;,&quot;alttext&quot;:&quot;Festejo da Padroeira de Valen\\u00e7a do Piaui teve in\\u00edcio neste domingo&quot;,&quot;thumbnailURL&quot;:&quot;https:\\\/\\\/portalv1.com.br\\\/app\\\/wp-content\\\/uploads\\\/2023\\\/12\\\/IMG_5188-Copy-400x250.jpg&quot;,&quot;style&quot;:&quot;&quot;},{&quot;thumbcode&quot;:&quot;https:\\\/\\\/portalv1.com.br\\\/app\\\/wp-content\\\/uploads\\\/2023\\\/12\\\/IMG_5198-Copy-400x250.jpg&quot;,&quot;imageURL&quot;:&quot;https:\\\/\\\/portalv1.com.br\\\/app\\\/wp-content\\\/uploads\\\/2023\\\/12\\\/IMG_5198-Copy.jpg&quot;,&quot;pid&quot;:162274,&quot;galleryid&quot;:1,&quot;description&quot;:&quot;&quot;,&quot;alttext&quot;:&quot;Festejo da Padroeira de Valen\\u00e7a do Piaui teve in\\u00edcio neste domingo&quot;,&quot;thumbnailURL&quot;:&quot;https:\\\/\\\/portalv1.com.br\\\/app\\\/wp-content\\\/uploads\\\/2023\\\/12\\\/IMG_5198-Copy-400x250.jpg&quot;,&quot;style&quot;:&quot;&quot;},{&quot;thumbcode&quot;:&quot;https:\\\/\\\/portalv1.com.br\\\/app\\\/wp-content\\\/uploads\\\/2023\\\/12\\\/IMG_5199-Copy-400x250.jpg&quot;,&quot;imageURL&quot;:&quot;https:\\\/\\\/portalv1.com.br\\\/app\\\/wp-content\\\/uploads\\\/2023\\\/12\\\/IMG_5199-Copy.jpg&quot;,&quot;pid&quot;:162275,&quot;galleryid&quot;:1,&quot;description&quot;:&quot;&quot;,&quot;alttext&quot;:&quot;Festejo da Padroeira de Valen\\u00e7a do Piaui teve in\\u00edcio neste domingo&quot;,&quot;thumbnailURL&quot;:&quot;https:\\\/\\\/portalv1.com.br\\\/app\\\/wp-content\\\/uploads\\\/2023\\\/12\\\/IMG_5199-Copy-400x250.jpg&quot;,&quot;style&quot;:&quot;&quot;},{&quot;thumbcode&quot;:&quot;https:\\\/\\\/portalv1.com.br\\\/app\\\/wp-content\\\/uploads\\\/2023\\\/12\\\/IMG_5202-Copy-400x250.jpg&quot;,&quot;imageURL&quot;:&quot;https:\\\/\\\/portalv1.com.br\\\/app\\\/wp-content\\\/uploads\\\/2023\\\/12\\\/IMG_5202-Copy.jpg&quot;,&quot;pid&quot;:162276,&quot;galleryid&quot;:1,&quot;description&quot;:&quot;&quot;,&quot;alttext&quot;:&quot;Festejo da Padroeira de Valen\\u00e7a do Piaui teve in\\u00edcio neste domingo&quot;,&quot;thumbnailURL&quot;:&quot;https:\\\/\\\/portalv1.com.br\\\/app\\\/wp-content\\\/uploads\\\/2023\\\/12\\\/IMG_5202-Copy-400x250.jpg&quot;,&quot;style&quot;:&quot;&quot;},{&quot;thumbcode&quot;:&quot;https:\\\/\\\/portalv1.com.br\\\/app\\\/wp-content\\\/uploads\\\/2023\\\/12\\\/IMG_5217-Copy-400x250.jpg&quot;,&quot;imageURL&quot;:&quot;https:\\\/\\\/portalv1.com.br\\\/app\\\/wp-content\\\/uploads\\\/2023\\\/12\\\/IMG_5217-Copy.jpg&quot;,&quot;pid&quot;:162277,&quot;galleryid&quot;:1,&quot;description&quot;:&quot;&quot;,&quot;alttext&quot;:&quot;Festejo da Padroeira de Valen\\u00e7a do Piaui teve in\\u00edcio neste domingo&quot;,&quot;thumbnailURL&quot;:&quot;https:\\\/\\\/portalv1.com.br\\\/app\\\/wp-content\\\/uploads\\\/2023\\\/12\\\/IMG_5217-Copy-400x250.jpg&quot;,&quot;style&quot;:&quot;&quot;},{&quot;thumbcode&quot;:&quot;https:\\\/\\\/portalv1.com.br\\\/app\\\/wp-content\\\/uploads\\\/2023\\\/12\\\/IMG_5219-Copy-400x250.jpg&quot;,&quot;imageURL&quot;:&quot;https:\\\/\\\/portalv1.com.br\\\/app\\\/wp-content\\\/uploads\\\/2023\\\/12\\\/IMG_5219-Copy.jpg&quot;,&quot;pid&quot;:162278,&quot;galleryid&quot;:1,&quot;description&quot;:&quot;&quot;,&quot;alttext&quot;:&quot;Festejo da Padroeira de Valen\\u00e7a do Piaui teve in\\u00edcio neste domingo&quot;,&quot;thumbnailURL&quot;:&quot;https:\\\/\\\/portalv1.com.br\\\/app\\\/wp-content\\\/uploads\\\/2023\\\/12\\\/IMG_5219-Copy-400x250.jpg&quot;,&quot;style&quot;:&quot;&quot;},{&quot;thumbcode&quot;:&quot;https:\\\/\\\/portalv1.com.br\\\/app\\\/wp-content\\\/uploads\\\/2023\\\/12\\\/IMG_5222-Copy-400x250.jpg&quot;,&quot;imageURL&quot;:&quot;https:\\\/\\\/portalv1.com.br\\\/app\\\/wp-content\\\/uploads\\\/2023\\\/12\\\/IMG_5222-Copy.jpg&quot;,&quot;pid&quot;:162279,&quot;galleryid&quot;:1,&quot;description&quot;:&quot;&quot;,&quot;alttext&quot;:&quot;Festejo da Padroeira de Valen\\u00e7a do Piaui teve in\\u00edcio neste domingo&quot;,&quot;thumbnailURL&quot;:&quot;https:\\\/\\\/portalv1.com.br\\\/app\\\/wp-content\\\/uploads\\\/2023\\\/12\\\/IMG_5222-Copy-400x250.jpg&quot;,&quot;style&quot;:&quot;&quot;},{&quot;thumbcode&quot;:&quot;https:\\\/\\\/portalv1.com.br\\\/app\\\/wp-content\\\/uploads\\\/2023\\\/12\\\/IMG_5232-Copy-400x250.jpg&quot;,&quot;imageURL&quot;:&quot;https:\\\/\\\/portalv1.com.br\\\/app\\\/wp-content\\\/uploads\\\/2023\\\/12\\\/IMG_5232-Copy.jpg&quot;,&quot;pid&quot;:162280,&quot;galleryid&quot;:1,&quot;description&quot;:&quot;&quot;,&quot;alttext&quot;:&quot;Festejo da Padroeira de Valen\\u00e7a do Piaui teve in\\u00edcio neste domingo&quot;,&quot;thumbnailURL&quot;:&quot;https:\\\/\\\/portalv1.com.br\\\/app\\\/wp-content\\\/uploads\\\/2023\\\/12\\\/IMG_5232-Copy-400x250.jpg&quot;,&quot;style&quot;:&quot;&quot;},{&quot;thumbcode&quot;:&quot;https:\\\/\\\/portalv1.com.br\\\/app\\\/wp-content\\\/uploads\\\/2023\\\/12\\\/IMG_5235-Copy-400x250.jpg&quot;,&quot;imageURL&quot;:&quot;https:\\\/\\\/portalv1.com.br\\\/app\\\/wp-content\\\/uploads\\\/2023\\\/12\\\/IMG_5235-Copy.jpg&quot;,&quot;pid&quot;:162281,&quot;galleryid&quot;:1,&quot;description&quot;:&quot;&quot;,&quot;alttext&quot;:&quot;Festejo da Padroeira de Valen\\u00e7a do Piaui teve in\\u00edcio neste domingo&quot;,&quot;thumbnailURL&quot;:&quot;https:\\\/\\\/portalv1.com.br\\\/app\\\/wp-content\\\/uploads\\\/2023\\\/12\\\/IMG_5235-Copy-400x250.jpg&quot;,&quot;style&quot;:&quot;&quot;},{&quot;thumbcode&quot;:&quot;https:\\\/\\\/portalv1.com.br\\\/app\\\/wp-content\\\/uploads\\\/2023\\\/12\\\/IMG_5245-Copy-400x250.jpg&quot;,&quot;imageURL&quot;:&quot;https:\\\/\\\/portalv1.com.br\\\/app\\\/wp-content\\\/uploads\\\/2023\\\/12\\\/IMG_5245-Copy.jpg&quot;,&quot;pid&quot;:162282,&quot;galleryid&quot;:1,&quot;description&quot;:&quot;&quot;,&quot;alttext&quot;:&quot;Festejo da Padroeira de Valen\\u00e7a do Piaui teve in\\u00edcio neste domingo&quot;,&quot;thumbnailURL&quot;:&quot;https:\\\/\\\/portalv1.com.br\\\/app\\\/wp-content\\\/uploads\\\/2023\\\/12\\\/IMG_5245-Copy-400x250.jpg&quot;,&quot;style&quot;:&quot;&quot;},{&quot;thumbcode&quot;:&quot;https:\\\/\\\/portalv1.com.br\\\/app\\\/wp-content\\\/uploads\\\/2023\\\/12\\\/IMG_5253-Copy-400x250.jpg&quot;,&quot;imageURL&quot;:&quot;https:\\\/\\\/portalv1.com.br\\\/app\\\/wp-content\\\/uploads\\\/2023\\\/12\\\/IMG_5253-Copy.jpg&quot;,&quot;pid&quot;:162283,&quot;galleryid&quot;:1,&quot;description&quot;:&quot;&quot;,&quot;alttext&quot;:&quot;Festejo da Padroeira de Valen\\u00e7a do Piaui teve in\\u00edcio neste domingo&quot;,&quot;thumbnailURL&quot;:&quot;https:\\\/\\\/portalv1.com.br\\\/app\\\/wp-content\\\/uploads\\\/2023\\\/12\\\/IMG_5253-Copy-400x250.jpg&quot;,&quot;style&quot;:&quot;&quot;},{&quot;thumbcode&quot;:&quot;https:\\\/\\\/portalv1.com.br\\\/app\\\/wp-content\\\/uploads\\\/2023\\\/12\\\/IMG_5256-Copy-400x250.jpg&quot;,&quot;imageURL&quot;:&quot;https:\\\/\\\/portalv1.com.br\\\/app\\\/wp-content\\\/uploads\\\/2023\\\/12\\\/IMG_5256-Copy.jpg&quot;,&quot;pid&quot;:162284,&quot;galleryid&quot;:1,&quot;description&quot;:&quot;&quot;,&quot;alttext&quot;:&quot;Festejo da Padroeira de Valen\\u00e7a do Piaui teve in\\u00edcio neste domingo&quot;,&quot;thumbnailURL&quot;:&quot;https:\\\/\\\/portalv1.com.br\\\/app\\\/wp-content\\\/uploads\\\/2023\\\/12\\\/IMG_5256-Copy-400x250.jpg&quot;,&quot;style&quot;:&quot;&quot;},{&quot;thumbcode&quot;:&quot;https:\\\/\\\/portalv1.com.br\\\/app\\\/wp-content\\\/uploads\\\/2023\\\/12\\\/IMG_5259-Copy-400x250.jpg&quot;,&quot;imageURL&quot;:&quot;https:\\\/\\\/portalv1.com.br\\\/app\\\/wp-content\\\/uploads\\\/2023\\\/12\\\/IMG_5259-Copy.jpg&quot;,&quot;pid&quot;:162285,&quot;galleryid&quot;:1,&quot;description&quot;:&quot;&quot;,&quot;alttext&quot;:&quot;Festejo da Padroeira de Valen\\u00e7a do Piaui teve in\\u00edcio neste domingo&quot;,&quot;thumbnailURL&quot;:&quot;https:\\\/\\\/portalv1.com.br\\\/app\\\/wp-content\\\/uploads\\\/2023\\\/12\\\/IMG_5259-Copy-400x250.jpg&quot;,&quot;style&quot;:&quot;&quot;},{&quot;thumbcode&quot;:&quot;https:\\\/\\\/portalv1.com.br\\\/app\\\/wp-content\\\/uploads\\\/2023\\\/12\\\/IMG_5262-Copy-400x250.jpg&quot;,&quot;imageURL&quot;:&quot;https:\\\/\\\/portalv1.com.br\\\/app\\\/wp-content\\\/uploads\\\/2023\\\/12\\\/IMG_5262-Copy.jpg&quot;,&quot;pid&quot;:162286,&quot;galleryid&quot;:1,&quot;description&quot;:&quot;&quot;,&quot;alttext&quot;:&quot;Festejo da Padroeira de Valen\\u00e7a do Piaui teve in\\u00edcio neste domingo&quot;,&quot;thumbnailURL&quot;:&quot;https:\\\/\\\/portalv1.com.br\\\/app\\\/wp-content\\\/uploads\\\/2023\\\/12\\\/IMG_5262-Copy-400x250.jpg&quot;,&quot;style&quot;:&quot;&quot;},{&quot;thumbcode&quot;:&quot;https:\\\/\\\/portalv1.com.br\\\/app\\\/wp-content\\\/uploads\\\/2023\\\/12\\\/IMG_5264-Copy-400x250.jpg&quot;,&quot;imageURL&quot;:&quot;https:\\\/\\\/portalv1.com.br\\\/app\\\/wp-content\\\/uploads\\\/2023\\\/12\\\/IMG_5264-Copy.jpg&quot;,&quot;pid&quot;:162287,&quot;galleryid&quot;:1,&quot;description&quot;:&quot;&quot;,&quot;alttext&quot;:&quot;Festejo da Padroeira de Valen\\u00e7a do Piaui teve in\\u00edcio neste domingo&quot;,&quot;thumbnailURL&quot;:&quot;https:\\\/\\\/portalv1.com.br\\\/app\\\/wp-content\\\/uploads\\\/2023\\\/12\\\/IMG_5264-Copy-400x250.jpg&quot;,&quot;style&quot;:&quot;&quot;},{&quot;thumbcode&quot;:&quot;https:\\\/\\\/portalv1.com.br\\\/app\\\/wp-content\\\/uploads\\\/2023\\\/12\\\/IMG_5265-Copy-400x250.jpg&quot;,&quot;imageURL&quot;:&quot;https:\\\/\\\/portalv1.com.br\\\/app\\\/wp-content\\\/uploads\\\/2023\\\/12\\\/IMG_5265-Copy.jpg&quot;,&quot;pid&quot;:162288,&quot;galleryid&quot;:1,&quot;description&quot;:&quot;&quot;,&quot;alttext&quot;:&quot;Festejo da Padroeira de Valen\\u00e7a do Piaui teve in\\u00edcio neste domingo&quot;,&quot;thumbnailURL&quot;:&quot;https:\\\/\\\/portalv1.com.br\\\/app\\\/wp-content\\\/uploads\\\/2023\\\/12\\\/IMG_5265-Copy-400x250.jpg&quot;,&quot;style&quot;:&quot;&quot;},{&quot;thumbcode&quot;:&quot;https:\\\/\\\/portalv1.com.br\\\/app\\\/wp-content\\\/uploads\\\/2023\\\/12\\\/IMG_5266-Copy-400x250.jpg&quot;,&quot;imageURL&quot;:&quot;https:\\\/\\\/portalv1.com.br\\\/app\\\/wp-content\\\/uploads\\\/2023\\\/12\\\/IMG_5266-Copy.jpg&quot;,&quot;pid&quot;:162289,&quot;galleryid&quot;:1,&quot;description&quot;:&quot;&quot;,&quot;alttext&quot;:&quot;Festejo da Padroeira de Valen\\u00e7a do Piaui teve in\\u00edcio neste domingo&quot;,&quot;thumbnailURL&quot;:&quot;https:\\\/\\\/portalv1.com.br\\\/app\\\/wp-content\\\/uploads\\\/2023\\\/12\\\/IMG_5266-Copy-400x250.jpg&quot;,&quot;style&quot;:&quot;&quot;},{&quot;thumbcode&quot;:&quot;https:\\\/\\\/portalv1.com.br\\\/app\\\/wp-content\\\/uploads\\\/2023\\\/12\\\/IMG_5269-Copy-400x250.jpg&quot;,&quot;imageURL&quot;:&quot;https:\\\/\\\/portalv1.com.br\\\/app\\\/wp-content\\\/uploads\\\/2023\\\/12\\\/IMG_5269-Copy.jpg&quot;,&quot;pid&quot;:162290,&quot;galleryid&quot;:1,&quot;description&quot;:&quot;&quot;,&quot;alttext&quot;:&quot;Festejo da Padroeira de Valen\\u00e7a do Piaui teve in\\u00edcio neste domingo&quot;,&quot;thumbnailURL&quot;:&quot;https:\\\/\\\/portalv1.com.br\\\/app\\\/wp-content\\\/uploads\\\/2023\\\/12\\\/IMG_5269-Copy-400x250.jpg&quot;,&quot;style&quot;:&quot;&quot;},{&quot;thumbcode&quot;:&quot;https:\\\/\\\/portalv1.com.br\\\/app\\\/wp-content\\\/uploads\\\/2023\\\/12\\\/IMG_5271-Copy-400x250.jpg&quot;,&quot;imageURL&quot;:&quot;https:\\\/\\\/portalv1.com.br\\\/app\\\/wp-content\\\/uploads\\\/2023\\\/12\\\/IMG_5271-Copy.jpg&quot;,&quot;pid&quot;:162291,&quot;galleryid&quot;:1,&quot;description&quot;:&quot;&quot;,&quot;alttext&quot;:&quot;Festejo da Padroeira de Valen\\u00e7a do Piaui teve in\\u00edcio neste domingo&quot;,&quot;thumbnailURL&quot;:&quot;https:\\\/\\\/portalv1.com.br\\\/app\\\/wp-content\\\/uploads\\\/2023\\\/12\\\/IMG_5271-Copy-400x250.jpg&quot;,&quot;style&quot;:&quot;&quot;},{&quot;thumbcode&quot;:&quot;https:\\\/\\\/portalv1.com.br\\\/app\\\/wp-content\\\/uploads\\\/2023\\\/12\\\/IMG_5272-Copy-400x250.jpg&quot;,&quot;imageURL&quot;:&quot;https:\\\/\\\/portalv1.com.br\\\/app\\\/wp-content\\\/uploads\\\/2023\\\/12\\\/IMG_5272-Copy.jpg&quot;,&quot;pid&quot;:162292,&quot;galleryid&quot;:1,&quot;description&quot;:&quot;&quot;,&quot;alttext&quot;:&quot;Festejo da Padroeira de Valen\\u00e7a do Piaui teve in\\u00edcio neste domingo&quot;,&quot;thumbnailURL&quot;:&quot;https:\\\/\\\/portalv1.com.br\\\/app\\\/wp-content\\\/uploads\\\/2023\\\/12\\\/IMG_5272-Copy-400x250.jpg&quot;,&quot;style&quot;:&quot;&quot;},{&quot;thumbcode&quot;:&quot;https:\\\/\\\/portalv1.com.br\\\/app\\\/wp-content\\\/uploads\\\/2023\\\/12\\\/IMG_5282-Copy-400x250.jpg&quot;,&quot;imageURL&quot;:&quot;https:\\\/\\\/portalv1.com.br\\\/app\\\/wp-content\\\/uploads\\\/2023\\\/12\\\/IMG_5282-Copy.jpg&quot;,&quot;pid&quot;:162293,&quot;galleryid&quot;:1,&quot;description&quot;:&quot;&quot;,&quot;alttext&quot;:&quot;Festejo da Padroeira de Valen\\u00e7a do Piaui teve in\\u00edcio neste domingo&quot;,&quot;thumbnailURL&quot;:&quot;https:\\\/\\\/portalv1.com.br\\\/app\\\/wp-content\\\/uploads\\\/2023\\\/12\\\/IMG_5282-Copy-400x250.jpg&quot;,&quot;style&quot;:&quot;&quot;},{&quot;thumbcode&quot;:&quot;https:\\\/\\\/portalv1.com.br\\\/app\\\/wp-content\\\/uploads\\\/2023\\\/12\\\/IMG_5284-Copy-400x250.jpg&quot;,&quot;imageURL&quot;:&quot;https:\\\/\\\/portalv1.com.br\\\/app\\\/wp-content\\\/uploads\\\/2023\\\/12\\\/IMG_5284-Copy.jpg&quot;,&quot;pid&quot;:162294,&quot;galleryid&quot;:1,&quot;description&quot;:&quot;&quot;,&quot;alttext&quot;:&quot;Festejo da Padroeira de Valen\\u00e7a do Piaui teve in\\u00edcio neste domingo&quot;,&quot;thumbnailURL&quot;:&quot;https:\\\/\\\/portalv1.com.br\\\/app\\\/wp-content\\\/uploads\\\/2023\\\/12\\\/IMG_5284-Copy-400x250.jpg&quot;,&quot;style&quot;:&quot;&quot;},{&quot;thumbcode&quot;:&quot;https:\\\/\\\/portalv1.com.br\\\/app\\\/wp-content\\\/uploads\\\/2023\\\/12\\\/IMG_5287-Copy-400x250.jpg&quot;,&quot;imageURL&quot;:&quot;https:\\\/\\\/portalv1.com.br\\\/app\\\/wp-content\\\/uploads\\\/2023\\\/12\\\/IMG_5287-Copy.jpg&quot;,&quot;pid&quot;:162295,&quot;galleryid&quot;:1,&quot;description&quot;:&quot;&quot;,&quot;alttext&quot;:&quot;Festejo da Padroeira de Valen\\u00e7a do Piaui teve in\\u00edcio neste domingo&quot;,&quot;thumbnailURL&quot;:&quot;https:\\\/\\\/portalv1.com.br\\\/app\\\/wp-content\\\/uploads\\\/2023\\\/12\\\/IMG_5287-Copy-400x250.jpg&quot;,&quot;style&quot;:&quot;&quot;},{&quot;thumbcode&quot;:&quot;https:\\\/\\\/portalv1.com.br\\\/app\\\/wp-content\\\/uploads\\\/2023\\\/12\\\/IMG_5288-Copy-400x250.jpg&quot;,&quot;imageURL&quot;:&quot;https:\\\/\\\/portalv1.com.br\\\/app\\\/wp-content\\\/uploads\\\/2023\\\/12\\\/IMG_5288-Copy.jpg&quot;,&quot;pid&quot;:162296,&quot;galleryid&quot;:1,&quot;description&quot;:&quot;&quot;,&quot;alttext&quot;:&quot;Festejo da Padroeira de Valen\\u00e7a do Piaui teve in\\u00edcio neste domingo&quot;,&quot;thumbnailURL&quot;:&quot;https:\\\/\\\/portalv1.com.br\\\/app\\\/wp-content\\\/uploads\\\/2023\\\/12\\\/IMG_5288-Copy-400x250.jpg&quot;,&quot;style&quot;:&quot;&quot;},{&quot;thumbcode&quot;:&quot;https:\\\/\\\/portalv1.com.br\\\/app\\\/wp-content\\\/uploads\\\/2023\\\/12\\\/IMG_5291-Copy-400x250.jpg&quot;,&quot;imageURL&quot;:&quot;https:\\\/\\\/portalv1.com.br\\\/app\\\/wp-content\\\/uploads\\\/2023\\\/12\\\/IMG_5291-Copy.jpg&quot;,&quot;pid&quot;:162297,&quot;galleryid&quot;:1,&quot;description&quot;:&quot;&quot;,&quot;alttext&quot;:&quot;Festejo da Padroeira de Valen\\u00e7a do Piaui teve in\\u00edcio neste domingo&quot;,&quot;thumbnailURL&quot;:&quot;https:\\\/\\\/portalv1.com.br\\\/app\\\/wp-content\\\/uploads\\\/2023\\\/12\\\/IMG_5291-Copy-400x250.jpg&quot;,&quot;style&quot;:&quot;&quot;},{&quot;thumbcode&quot;:&quot;https:\\\/\\\/portalv1.com.br\\\/app\\\/wp-content\\\/uploads\\\/2023\\\/12\\\/IMG_5293-Copy-400x250.jpg&quot;,&quot;imageURL&quot;:&quot;https:\\\/\\\/portalv1.com.br\\\/app\\\/wp-content\\\/uploads\\\/2023\\\/12\\\/IMG_5293-Copy.jpg&quot;,&quot;pid&quot;:162298,&quot;galleryid&quot;:1,&quot;description&quot;:&quot;&quot;,&quot;alttext&quot;:&quot;Festejo da Padroeira de Valen\\u00e7a do Piaui teve in\\u00edcio neste domingo&quot;,&quot;thumbnailURL&quot;:&quot;https:\\\/\\\/portalv1.com.br\\\/app\\\/wp-content\\\/uploads\\\/2023\\\/12\\\/IMG_5293-Copy-400x250.jpg&quot;,&quot;style&quot;:&quot;&quot;},{&quot;thumbcode&quot;:&quot;https:\\\/\\\/portalv1.com.br\\\/app\\\/wp-content\\\/uploads\\\/2023\\\/12\\\/IMG_5307-Copy-400x250.jpg&quot;,&quot;imageURL&quot;:&quot;https:\\\/\\\/portalv1.com.br\\\/app\\\/wp-content\\\/uploads\\\/2023\\\/12\\\/IMG_5307-Copy.jpg&quot;,&quot;pid&quot;:162299,&quot;galleryid&quot;:1,&quot;description&quot;:&quot;&quot;,&quot;alttext&quot;:&quot;Festejo da Padroeira de Valen\\u00e7a do Piaui teve in\\u00edcio neste domingo&quot;,&quot;thumbnailURL&quot;:&quot;https:\\\/\\\/portalv1.com.br\\\/app\\\/wp-content\\\/uploads\\\/2023\\\/12\\\/IMG_5307-Copy-400x250.jpg&quot;,&quot;style&quot;:&quot;&quot;},{&quot;thumbcode&quot;:&quot;https:\\\/\\\/portalv1.com.br\\\/app\\\/wp-content\\\/uploads\\\/2023\\\/12\\\/IMG_5308-Copy-400x250.jpg&quot;,&quot;imageURL&quot;:&quot;https:\\\/\\\/portalv1.com.br\\\/app\\\/wp-content\\\/uploads\\\/2023\\\/12\\\/IMG_5308-Copy.jpg&quot;,&quot;pid&quot;:162300,&quot;galleryid&quot;:1,&quot;description&quot;:&quot;&quot;,&quot;alttext&quot;:&quot;Festejo da Padroeira de Valen\\u00e7a do Piaui teve in\\u00edcio neste domingo&quot;,&quot;thumbnailURL&quot;:&quot;https:\\\/\\\/portalv1.com.br\\\/app\\\/wp-content\\\/uploads\\\/2023\\\/12\\\/IMG_5308-Copy-400x250.jpg&quot;,&quot;style&quot;:&quot;&quot;},{&quot;thumbcode&quot;:&quot;https:\\\/\\\/portalv1.com.br\\\/app\\\/wp-content\\\/uploads\\\/2023\\\/12\\\/IMG_5313-Copy-400x250.jpg&quot;,&quot;imageURL&quot;:&quot;https:\\\/\\\/portalv1.com.br\\\/app\\\/wp-content\\\/uploads\\\/2023\\\/12\\\/IMG_5313-Copy.jpg&quot;,&quot;pid&quot;:162301,&quot;galleryid&quot;:1,&quot;description&quot;:&quot;&quot;,&quot;alttext&quot;:&quot;Festejo da Padroeira de Valen\\u00e7a do Piaui teve in\\u00edcio neste domingo&quot;,&quot;thumbnailURL&quot;:&quot;https:\\\/\\\/portalv1.com.br\\\/app\\\/wp-content\\\/uploads\\\/2023\\\/12\\\/IMG_5313-Copy-400x250.jpg&quot;,&quot;style&quot;:&quot;&quot;},{&quot;thumbcode&quot;:&quot;https:\\\/\\\/portalv1.com.br\\\/app\\\/wp-content\\\/uploads\\\/2023\\\/12\\\/IMG_5315-Copy-400x250.jpg&quot;,&quot;imageURL&quot;:&quot;https:\\\/\\\/portalv1.com.br\\\/app\\\/wp-content\\\/uploads\\\/2023\\\/12\\\/IMG_5315-Copy.jpg&quot;,&quot;pid&quot;:162302,&quot;galleryid&quot;:1,&quot;description&quot;:&quot;&quot;,&quot;alttext&quot;:&quot;Festejo da Padroeira de Valen\\u00e7a do Piaui teve in\\u00edcio neste domingo&quot;,&quot;thumbnailURL&quot;:&quot;https:\\\/\\\/portalv1.com.br\\\/app\\\/wp-content\\\/uploads\\\/2023\\\/12\\\/IMG_5315-Copy-400x250.jpg&quot;,&quot;style&quot;:&quot;&quot;},{&quot;thumbcode&quot;:&quot;https:\\\/\\\/portalv1.com.br\\\/app\\\/wp-content\\\/uploads\\\/2023\\\/12\\\/IMG_5320-Copy-400x250.jpg&quot;,&quot;imageURL&quot;:&quot;https:\\\/\\\/portalv1.com.br\\\/app\\\/wp-content\\\/uploads\\\/2023\\\/12\\\/IMG_5320-Copy.jpg&quot;,&quot;pid&quot;:162303,&quot;galleryid&quot;:1,&quot;description&quot;:&quot;&quot;,&quot;alttext&quot;:&quot;Festejo da Padroeira de Valen\\u00e7a do Piaui teve in\\u00edcio neste domingo&quot;,&quot;thumbnailURL&quot;:&quot;https:\\\/\\\/portalv1.com.br\\\/app\\\/wp-content\\\/uploads\\\/2023\\\/12\\\/IMG_5320-Copy-400x250.jpg&quot;,&quot;style&quot;:&quot;&quot;},{&quot;thumbcode&quot;:&quot;https:\\\/\\\/portalv1.com.br\\\/app\\\/wp-content\\\/uploads\\\/2023\\\/12\\\/IMG_5323-Copy-400x250.jpg&quot;,&quot;imageURL&quot;:&quot;https:\\\/\\\/portalv1.com.br\\\/app\\\/wp-content\\\/uploads\\\/2023\\\/12\\\/IMG_5323-Copy.jpg&quot;,&quot;pid&quot;:162304,&quot;galleryid&quot;:1,&quot;description&quot;:&quot;&quot;,&quot;alttext&quot;:&quot;Festejo da Padroeira de Valen\\u00e7a do Piaui teve in\\u00edcio neste domingo&quot;,&quot;thumbnailURL&quot;:&quot;https:\\\/\\\/portalv1.com.br\\\/app\\\/wp-content\\\/uploads\\\/2023\\\/12\\\/IMG_5323-Copy-400x250.jpg&quot;,&quot;style&quot;:&quot;&quot;},{&quot;thumbcode&quot;:&quot;https:\\\/\\\/portalv1.com.br\\\/app\\\/wp-content\\\/uploads\\\/2023\\\/12\\\/IMG_5327-Copy-400x250.jpg&quot;,&quot;imageURL&quot;:&quot;https:\\\/\\\/portalv1.com.br\\\/app\\\/wp-content\\\/uploads\\\/2023\\\/12\\\/IMG_5327-Copy.jpg&quot;,&quot;pid&quot;:162305,&quot;galleryid&quot;:1,&quot;description&quot;:&quot;&quot;,&quot;alttext&quot;:&quot;Festejo da Padroeira de Valen\\u00e7a do Piaui teve in\\u00edcio neste domingo&quot;,&quot;thumbnailURL&quot;:&quot;https:\\\/\\\/portalv1.com.br\\\/app\\\/wp-content\\\/uploads\\\/2023\\\/12\\\/IMG_5327-Copy-400x250.jpg&quot;,&quot;style&quot;:&quot;&quot;},{&quot;thumbcode&quot;:&quot;https:\\\/\\\/portalv1.com.br\\\/app\\\/wp-content\\\/uploads\\\/2023\\\/12\\\/IMG_5328-Copy-400x250.jpg&quot;,&quot;imageURL&quot;:&quot;https:\\\/\\\/portalv1.com.br\\\/app\\\/wp-content\\\/uploads\\\/2023\\\/12\\\/IMG_5328-Copy.jpg&quot;,&quot;pid&quot;:162306,&quot;galleryid&quot;:1,&quot;description&quot;:&quot;&quot;,&quot;alttext&quot;:&quot;Festejo da Padroeira de Valen\\u00e7a do Piaui teve in\\u00edcio neste domingo&quot;,&quot;thumbnailURL&quot;:&quot;https:\\\/\\\/portalv1.com.br\\\/app\\\/wp-content\\\/uploads\\\/2023\\\/12\\\/IMG_5328-Copy-400x250.jpg&quot;,&quot;style&quot;:&quot;&quot;},{&quot;thumbcode&quot;:&quot;https:\\\/\\\/portalv1.com.br\\\/app\\\/wp-content\\\/uploads\\\/2023\\\/12\\\/IMG_5336-Copy-400x250.jpg&quot;,&quot;imageURL&quot;:&quot;https:\\\/\\\/portalv1.com.br\\\/app\\\/wp-content\\\/uploads\\\/2023\\\/12\\\/IMG_5336-Copy.jpg&quot;,&quot;pid&quot;:162307,&quot;galleryid&quot;:1,&quot;description&quot;:&quot;&quot;,&quot;alttext&quot;:&quot;Festejo da Padroeira de Valen\\u00e7a do Piaui teve in\\u00edcio neste domingo&quot;,&quot;thumbnailURL&quot;:&quot;https:\\\/\\\/portalv1.com.br\\\/app\\\/wp-content\\\/uploads\\\/2023\\\/12\\\/IMG_5336-Copy-400x250.jpg&quot;,&quot;style&quot;:&quot;&quot;},{&quot;thumbcode&quot;:&quot;https:\\\/\\\/portalv1.com.br\\\/app\\\/wp-content\\\/uploads\\\/2023\\\/12\\\/IMG_5337-Copy-400x250.jpg&quot;,&quot;imageURL&quot;:&quot;https:\\\/\\\/portalv1.com.br\\\/app\\\/wp-content\\\/uploads\\\/2023\\\/12\\\/IMG_5337-Copy.jpg&quot;,&quot;pid&quot;:162308,&quot;galleryid&quot;:1,&quot;description&quot;:&quot;&quot;,&quot;alttext&quot;:&quot;Festejo da Padroeira de Valen\\u00e7a do Piaui teve in\\u00edcio neste domingo&quot;,&quot;thumbnailURL&quot;:&quot;https:\\\/\\\/portalv1.com.br\\\/app\\\/wp-content\\\/uploads\\\/2023\\\/12\\\/IMG_5337-Copy-400x250.jpg&quot;,&quot;style&quot;:&quot;&quot;},{&quot;thumbcode&quot;:&quot;https:\\\/\\\/portalv1.com.br\\\/app\\\/wp-content\\\/uploads\\\/2023\\\/12\\\/IMG_5338-Copy-400x250.jpg&quot;,&quot;imageURL&quot;:&quot;https:\\\/\\\/portalv1.com.br\\\/app\\\/wp-content\\\/uploads\\\/2023\\\/12\\\/IMG_5338-Copy.jpg&quot;,&quot;pid&quot;:162309,&quot;galleryid&quot;:1,&quot;description&quot;:&quot;&quot;,&quot;alttext&quot;:&quot;Festejo da Padroeira de Valen\\u00e7a do Piaui teve in\\u00edcio neste domingo&quot;,&quot;thumbnailURL&quot;:&quot;https:\\\/\\\/portalv1.com.br\\\/app\\\/wp-content\\\/uploads\\\/2023\\\/12\\\/IMG_5338-Copy-400x250.jpg&quot;,&quot;style&quot;:&quot;&quot;},{&quot;thumbcode&quot;:&quot;https:\\\/\\\/portalv1.com.br\\\/app\\\/wp-content\\\/uploads\\\/2023\\\/12\\\/IMG_5341-Copy-400x250.jpg&quot;,&quot;imageURL&quot;:&quot;https:\\\/\\\/portalv1.com.br\\\/app\\\/wp-content\\\/uploads\\\/2023\\\/12\\\/IMG_5341-Copy.jpg&quot;,&quot;pid&quot;:162310,&quot;galleryid&quot;:1,&quot;description&quot;:&quot;&quot;,&quot;alttext&quot;:&quot;Festejo da Padroeira de Valen\\u00e7a do Piaui teve in\\u00edcio neste domingo&quot;,&quot;thumbnailURL&quot;:&quot;https:\\\/\\\/portalv1.com.br\\\/app\\\/wp-content\\\/uploads\\\/2023\\\/12\\\/IMG_5341-Copy-400x250.jpg&quot;,&quot;style&quot;:&quot;&quot;},{&quot;thumbcode&quot;:&quot;https:\\\/\\\/portalv1.com.br\\\/app\\\/wp-content\\\/uploads\\\/2023\\\/12\\\/IMG_5357-Copy-400x250.jpg&quot;,&quot;imageURL&quot;:&quot;https:\\\/\\\/portalv1.com.br\\\/app\\\/wp-content\\\/uploads\\\/2023\\\/12\\\/IMG_5357-Copy.jpg&quot;,&quot;pid&quot;:162311,&quot;galleryid&quot;:1,&quot;description&quot;:&quot;&quot;,&quot;alttext&quot;:&quot;Festejo da Padroeira de Valen\\u00e7a do Piaui teve in\\u00edcio neste domingo&quot;,&quot;thumbnailURL&quot;:&quot;https:\\\/\\\/portalv1.com.br\\\/app\\\/wp-content\\\/uploads\\\/2023\\\/12\\\/IMG_5357-Copy-400x250.jpg&quot;,&quot;style&quot;:&quot;&quot;},{&quot;thumbcode&quot;:&quot;https:\\\/\\\/portalv1.com.br\\\/app\\\/wp-content\\\/uploads\\\/2023\\\/12\\\/IMG_5359-Copy-400x250.jpg&quot;,&quot;imageURL&quot;:&quot;https:\\\/\\\/portalv1.com.br\\\/app\\\/wp-content\\\/uploads\\\/2023\\\/12\\\/IMG_5359-Copy.jpg&quot;,&quot;pid&quot;:162312,&quot;galleryid&quot;:1,&quot;description&quot;:&quot;&quot;,&quot;alttext&quot;:&quot;Festejo da Padroeira de Valen\\u00e7a do Piaui teve in\\u00edcio neste domingo&quot;,&quot;thumbnailURL&quot;:&quot;https:\\\/\\\/portalv1.com.br\\\/app\\\/wp-content\\\/uploads\\\/2023\\\/12\\\/IMG_5359-Copy-400x250.jpg&quot;,&quot;style&quot;:&quot;&quot;},{&quot;thumbcode&quot;:&quot;https:\\\/\\\/portalv1.com.br\\\/app\\\/wp-content\\\/uploads\\\/2023\\\/12\\\/IMG_5363-Copy-400x250.jpg&quot;,&quot;imageURL&quot;:&quot;https:\\\/\\\/portalv1.com.br\\\/app\\\/wp-content\\\/uploads\\\/2023\\\/12\\\/IMG_5363-Copy.jpg&quot;,&quot;pid&quot;:162313,&quot;galleryid&quot;:1,&quot;description&quot;:&quot;&quot;,&quot;alttext&quot;:&quot;Festejo da Padroeira de Valen\\u00e7a do Piaui teve in\\u00edcio neste domingo&quot;,&quot;thumbnailURL&quot;:&quot;https:\\\/\\\/portalv1.com.br\\\/app\\\/wp-content\\\/uploads\\\/2023\\\/12\\\/IMG_5363-Copy-400x250.jpg&quot;,&quot;style&quot;:&quot;&quot;},{&quot;thumbcode&quot;:&quot;https:\\\/\\\/portalv1.com.br\\\/app\\\/wp-content\\\/uploads\\\/2023\\\/12\\\/IMG_5365-Copy-400x250.jpg&quot;,&quot;imageURL&quot;:&quot;https:\\\/\\\/portalv1.com.br\\\/app\\\/wp-content\\\/uploads\\\/2023\\\/12\\\/IMG_5365-Copy.jpg&quot;,&quot;pid&quot;:162314,&quot;galleryid&quot;:1,&quot;description&quot;:&quot;&quot;,&quot;alttext&quot;:&quot;Festejo da Padroeira de Valen\\u00e7a do Piaui teve in\\u00edcio neste domingo&quot;,&quot;thumbnailURL&quot;:&quot;https:\\\/\\\/portalv1.com.br\\\/app\\\/wp-content\\\/uploads\\\/2023\\\/12\\\/IMG_5365-Copy-400x250.jpg&quot;,&quot;style&quot;:&quot;&quot;},{&quot;thumbcode&quot;:&quot;https:\\\/\\\/portalv1.com.br\\\/app\\\/wp-content\\\/uploads\\\/2023\\\/12\\\/IMG_5366-Copy-400x250.jpg&quot;,&quot;imageURL&quot;:&quot;https:\\\/\\\/portalv1.com.br\\\/app\\\/wp-content\\\/uploads\\\/2023\\\/12\\\/IMG_5366-Copy.jpg&quot;,&quot;pid&quot;:162315,&quot;galleryid&quot;:1,&quot;description&quot;:&quot;&quot;,&quot;alttext&quot;:&quot;Festejo da Padroeira de Valen\\u00e7a do Piaui teve in\\u00edcio neste domingo&quot;,&quot;thumbnailURL&quot;:&quot;https:\\\/\\\/portalv1.com.br\\\/app\\\/wp-content\\\/uploads\\\/2023\\\/12\\\/IMG_5366-Copy-400x250.jpg&quot;,&quot;style&quot;:&quot;&quot;},{&quot;thumbcode&quot;:&quot;https:\\\/\\\/portalv1.com.br\\\/app\\\/wp-content\\\/uploads\\\/2023\\\/12\\\/IMG_5371-Copy-400x250.jpg&quot;,&quot;imageURL&quot;:&quot;https:\\\/\\\/portalv1.com.br\\\/app\\\/wp-content\\\/uploads\\\/2023\\\/12\\\/IMG_5371-Copy.jpg&quot;,&quot;pid&quot;:162316,&quot;galleryid&quot;:1,&quot;description&quot;:&quot;&quot;,&quot;alttext&quot;:&quot;Festejo da Padroeira de Valen\\u00e7a do Piaui teve in\\u00edcio neste domingo&quot;,&quot;thumbnailURL&quot;:&quot;https:\\\/\\\/portalv1.com.br\\\/app\\\/wp-content\\\/uploads\\\/2023\\\/12\\\/IMG_5371-Copy-400x250.jpg&quot;,&quot;style&quot;:&quot;&quot;},{&quot;thumbcode&quot;:&quot;https:\\\/\\\/portalv1.com.br\\\/app\\\/wp-content\\\/uploads\\\/2023\\\/12\\\/IMG_5374-Copy-400x250.jpg&quot;,&quot;imageURL&quot;:&quot;https:\\\/\\\/portalv1.com.br\\\/app\\\/wp-content\\\/uploads\\\/2023\\\/12\\\/IMG_5374-Copy.jpg&quot;,&quot;pid&quot;:162317,&quot;galleryid&quot;:1,&quot;description&quot;:&quot;&quot;,&quot;alttext&quot;:&quot;Festejo da Padroeira de Valen\\u00e7a do Piaui teve in\\u00edcio neste domingo&quot;,&quot;thumbnailURL&quot;:&quot;https:\\\/\\\/portalv1.com.br\\\/app\\\/wp-content\\\/uploads\\\/2023\\\/12\\\/IMG_5374-Copy-400x250.jpg&quot;,&quot;style&quot;:&quot;&quot;},{&quot;thumbcode&quot;:&quot;https:\\\/\\\/portalv1.com.br\\\/app\\\/wp-content\\\/uploads\\\/2023\\\/12\\\/IMG_5376-Copy-400x250.jpg&quot;,&quot;imageURL&quot;:&quot;https:\\\/\\\/portalv1.com.br\\\/app\\\/wp-content\\\/uploads\\\/2023\\\/12\\\/IMG_5376-Copy.jpg&quot;,&quot;pid&quot;:162318,&quot;galleryid&quot;:1,&quot;description&quot;:&quot;&quot;,&quot;alttext&quot;:&quot;Festejo da Padroeira de Valen\\u00e7a do Piaui teve in\\u00edcio neste domingo&quot;,&quot;thumbnailURL&quot;:&quot;https:\\\/\\\/portalv1.com.br\\\/app\\\/wp-content\\\/uploads\\\/2023\\\/12\\\/IMG_5376-Copy-400x250.jpg&quot;,&quot;style&quot;:&quot;&quot;},{&quot;thumbcode&quot;:&quot;https:\\\/\\\/portalv1.com.br\\\/app\\\/wp-content\\\/uploads\\\/2023\\\/12\\\/IMG_5377-Copy-400x250.jpg&quot;,&quot;imageURL&quot;:&quot;https:\\\/\\\/portalv1.com.br\\\/app\\\/wp-content\\\/uploads\\\/2023\\\/12\\\/IMG_5377-Copy.jpg&quot;,&quot;pid&quot;:162319,&quot;galleryid&quot;:1,&quot;description&quot;:&quot;&quot;,&quot;alttext&quot;:&quot;Festejo da Padroeira de Valen\\u00e7a do Piaui teve in\\u00edcio neste domingo&quot;,&quot;thumbnailURL&quot;:&quot;https:\\\/\\\/portalv1.com.br\\\/app\\\/wp-content\\\/uploads\\\/2023\\\/12\\\/IMG_5377-Copy-400x250.jpg&quot;,&quot;style&quot;:&quot;&quot;},{&quot;thumbcode&quot;:&quot;https:\\\/\\\/portalv1.com.br\\\/app\\\/wp-content\\\/uploads\\\/2023\\\/12\\\/IMG_5381-Copy-400x250.jpg&quot;,&quot;imageURL&quot;:&quot;https:\\\/\\\/portalv1.com.br\\\/app\\\/wp-content\\\/uploads\\\/2023\\\/12\\\/IMG_5381-Copy.jpg&quot;,&quot;pid&quot;:162320,&quot;galleryid&quot;:1,&quot;description&quot;:&quot;&quot;,&quot;alttext&quot;:&quot;Festejo da Padroeira de Valen\\u00e7a do Piaui teve in\\u00edcio neste domingo&quot;,&quot;thumbnailURL&quot;:&quot;https:\\\/\\\/portalv1.com.br\\\/app\\\/wp-content\\\/uploads\\\/2023\\\/12\\\/IMG_5381-Copy-400x250.jpg&quot;,&quot;style&quot;:&quot;&quot;},{&quot;thumbcode&quot;:&quot;https:\\\/\\\/portalv1.com.br\\\/app\\\/wp-content\\\/uploads\\\/2023\\\/12\\\/IMG_5384-Copy-400x250.jpg&quot;,&quot;imageURL&quot;:&quot;https:\\\/\\\/portalv1.com.br\\\/app\\\/wp-content\\\/uploads\\\/2023\\\/12\\\/IMG_5384-Copy.jpg&quot;,&quot;pid&quot;:162321,&quot;galleryid&quot;:1,&quot;description&quot;:&quot;&quot;,&quot;alttext&quot;:&quot;Festejo da Padroeira de Valen\\u00e7a do Piaui teve in\\u00edcio neste domingo&quot;,&quot;thumbnailURL&quot;:&quot;https:\\\/\\\/portalv1.com.br\\\/app\\\/wp-content\\\/uploads\\\/2023\\\/12\\\/IMG_5384-Copy-400x250.jpg&quot;,&quot;style&quot;:&quot;&quot;},{&quot;thumbcode&quot;:&quot;https:\\\/\\\/portalv1.com.br\\\/app\\\/wp-content\\\/uploads\\\/2023\\\/12\\\/IMG_5386-Copy-400x250.jpg&quot;,&quot;imageURL&quot;:&quot;https:\\\/\\\/portalv1.com.br\\\/app\\\/wp-content\\\/uploads\\\/2023\\\/12\\\/IMG_5386-Copy.jpg&quot;,&quot;pid&quot;:162322,&quot;galleryid&quot;:1,&quot;description&quot;:&quot;&quot;,&quot;alttext&quot;:&quot;Festejo da Padroeira de Valen\\u00e7a do Piaui teve in\\u00edcio neste domingo&quot;,&quot;thumbnailURL&quot;:&quot;https:\\\/\\\/portalv1.com.br\\\/app\\\/wp-content\\\/uploads\\\/2023\\\/12\\\/IMG_5386-Copy-400x250.jpg&quot;,&quot;style&quot;:&quot;&quot;},{&quot;thumbcode&quot;:&quot;https:\\\/\\\/portalv1.com.br\\\/app\\\/wp-content\\\/uploads\\\/2023\\\/12\\\/IMG_5390-Copy-400x250.jpg&quot;,&quot;imageURL&quot;:&quot;https:\\\/\\\/portalv1.com.br\\\/app\\\/wp-content\\\/uploads\\\/2023\\\/12\\\/IMG_5390-Copy.jpg&quot;,&quot;pid&quot;:162323,&quot;galleryid&quot;:1,&quot;description&quot;:&quot;&quot;,&quot;alttext&quot;:&quot;Festejo da Padroeira de Valen\\u00e7a do Piaui teve in\\u00edcio neste domingo&quot;,&quot;thumbnailURL&quot;:&quot;https:\\\/\\\/portalv1.com.br\\\/app\\\/wp-content\\\/uploads\\\/2023\\\/12\\\/IMG_5390-Copy-400x250.jpg&quot;,&quot;style&quot;:&quot;&quot;},{&quot;thumbcode&quot;:&quot;https:\\\/\\\/portalv1.com.br\\\/app\\\/wp-content\\\/uploads\\\/2023\\\/12\\\/IMG_5391-Copy-400x250.jpg&quot;,&quot;imageURL&quot;:&quot;https:\\\/\\\/portalv1.com.br\\\/app\\\/wp-content\\\/uploads\\\/2023\\\/12\\\/IMG_5391-Copy.jpg&quot;,&quot;pid&quot;:162324,&quot;galleryid&quot;:1,&quot;description&quot;:&quot;&quot;,&quot;alttext&quot;:&quot;Festejo da Padroeira de Valen\\u00e7a do Piaui teve in\\u00edcio neste domingo&quot;,&quot;thumbnailURL&quot;:&quot;https:\\\/\\\/portalv1.com.br\\\/app\\\/wp-content\\\/uploads\\\/2023\\\/12\\\/IMG_5391-Copy-400x250.jpg&quot;,&quot;style&quot;:&quot;&quot;},{&quot;thumbcode&quot;:&quot;https:\\\/\\\/portalv1.com.br\\\/app\\\/wp-content\\\/uploads\\\/2023\\\/12\\\/IMG_5394-Copy-400x250.jpg&quot;,&quot;imageURL&quot;:&quot;https:\\\/\\\/portalv1.com.br\\\/app\\\/wp-content\\\/uploads\\\/2023\\\/12\\\/IMG_5394-Copy.jpg&quot;,&quot;pid&quot;:162325,&quot;galleryid&quot;:1,&quot;description&quot;:&quot;&quot;,&quot;alttext&quot;:&quot;Festejo da Padroeira de Valen\\u00e7a do Piaui teve in\\u00edcio neste domingo&quot;,&quot;thumbnailURL&quot;:&quot;https:\\\/\\\/portalv1.com.br\\\/app\\\/wp-content\\\/uploads\\\/2023\\\/12\\\/IMG_5394-Copy-400x250.jpg&quot;,&quot;style&quot;:&quot;&quot;},{&quot;thumbcode&quot;:&quot;https:\\\/\\\/portalv1.com.br\\\/app\\\/wp-content\\\/uploads\\\/2023\\\/12\\\/IMG_5395-Copy-400x250.jpg&quot;,&quot;imageURL&quot;:&quot;https:\\\/\\\/portalv1.com.br\\\/app\\\/wp-content\\\/uploads\\\/2023\\\/12\\\/IMG_5395-Copy.jpg&quot;,&quot;pid&quot;:162326,&quot;galleryid&quot;:1,&quot;description&quot;:&quot;&quot;,&quot;alttext&quot;:&quot;Festejo da Padroeira de Valen\\u00e7a do Piaui teve in\\u00edcio neste domingo&quot;,&quot;thumbnailURL&quot;:&quot;https:\\\/\\\/portalv1.com.br\\\/app\\\/wp-content\\\/uploads\\\/2023\\\/12\\\/IMG_5395-Copy-400x250.jpg&quot;,&quot;style&quot;:&quot;&quot;},{&quot;thumbcode&quot;:&quot;https:\\\/\\\/portalv1.com.br\\\/app\\\/wp-content\\\/uploads\\\/2023\\\/12\\\/IMG_5397-Copy-400x250.jpg&quot;,&quot;imageURL&quot;:&quot;https:\\\/\\\/portalv1.com.br\\\/app\\\/wp-content\\\/uploads\\\/2023\\\/12\\\/IMG_5397-Copy.jpg&quot;,&quot;pid&quot;:162327,&quot;galleryid&quot;:1,&quot;description&quot;:&quot;&quot;,&quot;alttext&quot;:&quot;Festejo da Padroeira de Valen\\u00e7a do Piaui teve in\\u00edcio neste domingo&quot;,&quot;thumbnailURL&quot;:&quot;https:\\\/\\\/portalv1.com.br\\\/app\\\/wp-content\\\/uploads\\\/2023\\\/12\\\/IMG_5397-Copy-400x250.jpg&quot;,&quot;style&quot;:&quot;&quot;},{&quot;thumbcode&quot;:&quot;https:\\\/\\\/portalv1.com.br\\\/app\\\/wp-content\\\/uploads\\\/2023\\\/12\\\/IMG_5401-Copy-400x250.jpg&quot;,&quot;imageURL&quot;:&quot;https:\\\/\\\/portalv1.com.br\\\/app\\\/wp-content\\\/uploads\\\/2023\\\/12\\\/IMG_5401-Copy.jpg&quot;,&quot;pid&quot;:162328,&quot;galleryid&quot;:1,&quot;description&quot;:&quot;&quot;,&quot;alttext&quot;:&quot;Festejo da Padroeira de Valen\\u00e7a do Piaui teve in\\u00edcio neste domingo&quot;,&quot;thumbnailURL&quot;:&quot;https:\\\/\\\/portalv1.com.br\\\/app\\\/wp-content\\\/uploads\\\/2023\\\/12\\\/IMG_5401-Copy-400x250.jpg&quot;,&quot;style&quot;:&quot;&quot;},{&quot;thumbcode&quot;:&quot;https:\\\/\\\/portalv1.com.br\\\/app\\\/wp-content\\\/uploads\\\/2023\\\/12\\\/IMG_5406-Copy-400x250.jpg&quot;,&quot;imageURL&quot;:&quot;https:\\\/\\\/portalv1.com.br\\\/app\\\/wp-content\\\/uploads\\\/2023\\\/12\\\/IMG_5406-Copy.jpg&quot;,&quot;pid&quot;:162329,&quot;galleryid&quot;:1,&quot;description&quot;:&quot;&quot;,&quot;alttext&quot;:&quot;Festejo da Padroeira de Valen\\u00e7a do Piaui teve in\\u00edcio neste domingo&quot;,&quot;thumbnailURL&quot;:&quot;https:\\\/\\\/portalv1.com.br\\\/app\\\/wp-content\\\/uploads\\\/2023\\\/12\\\/IMG_5406-Copy-400x250.jpg&quot;,&quot;style&quot;:&quot;&quot;},{&quot;thumbcode&quot;:&quot;https:\\\/\\\/portalv1.com.br\\\/app\\\/wp-content\\\/uploads\\\/2023\\\/12\\\/IMG_5410-Copy-400x250.jpg&quot;,&quot;imageURL&quot;:&quot;https:\\\/\\\/portalv1.com.br\\\/app\\\/wp-content\\\/uploads\\\/2023\\\/12\\\/IMG_5410-Copy.jpg&quot;,&quot;pid&quot;:162330,&quot;galleryid&quot;:1,&quot;description&quot;:&quot;&quot;,&quot;alttext&quot;:&quot;Festejo da Padroeira de Valen\\u00e7a do Piaui teve in\\u00edcio neste domingo&quot;,&quot;thumbnailURL&quot;:&quot;https:\\\/\\\/portalv1.com.br\\\/app\\\/wp-content\\\/uploads\\\/2023\\\/12\\\/IMG_5410-Copy-400x250.jpg&quot;,&quot;style&quot;:&quot;&quot;}]}}\"><\/div>\n                  <\/div>\n","protected":false},"excerpt":{"rendered":"<p>Teve in\u00edcio neste domingo (17), o festejo de Nossa Senhora do \u00d3 e Concei\u00e7\u00e3o, padroeira da cidade de Valen\u00e7a do Piaui. A festividade come\u00e7ou com uma prociss\u00e3o pelas ruas da&#8230;<\/p>\n","protected":false},"author":1,"featured_media":162331,"comment_status":"open","ping_status":"open","sticky":false,"template":"","format":"standard","meta":{"ngg_post_thumbnail":0,"footnotes":""},"categories":[243],"tags":[],"class_list":["post-162267","post","type-post","status-publish","format-standard","has-post-thumbnail","hentry","category-geral"],"views":982,"meta_data":{"thumb":"https:\/\/portalv1.com.br\/app\/wp-content\/uploads\/2023\/12\/IMG_5176-Copy-1.jpg","imagem":{"fullsize":{"url":"https:\/\/portalv1.com.br\/app\/wp-content\/uploads\/2023\/12\/IMG_5176-Copy-1.jpg","width":1920,"height":1080},"medium":{"url":"https:\/\/portalv1.com.br\/app\/wp-content\/uploads\/2023\/12\/IMG_5176-Copy-1-300x169.jpg","width":300,"height":169},"large":{"url":"https:\/\/portalv1.com.br\/app\/wp-content\/uploads\/2023\/12\/IMG_5176-Copy-1-640x360.jpg","width":640,"height":360},"thumbnail":{"url":"https:\/\/portalv1.com.br\/app\/wp-content\/uploads\/2023\/12\/IMG_5176-Copy-1-100x100.jpg","width":100,"height":100},"medium_large":{"url":"https:\/\/portalv1.com.br\/app\/wp-content\/uploads\/2023\/12\/IMG_5176-Copy-1-768x432.jpg","width":768,"height":432},"1536x1536":{"url":"https:\/\/portalv1.com.br\/app\/wp-content\/uploads\/2023\/12\/IMG_5176-Copy-1-1536x864.jpg","width":1536,"height":864}},"data":{"simple":"17\/12\/2023","date_time":"17\/12\/2023 19:26:53","date":"h\u00e1 2 anos"},"chapeu":"Nossa Senhora do \u00d3 e Concei\u00e7\u00e3o","source":"slide"},"_links":{"self":[{"href":"https:\/\/portalv1.com.br\/api\/wp\/v2\/posts\/162267","targetHints":{"allow":["GET"]}}],"collection":[{"href":"https:\/\/portalv1.com.br\/api\/wp\/v2\/posts"}],"about":[{"href":"https:\/\/portalv1.com.br\/api\/wp\/v2\/types\/post"}],"author":[{"embeddable":true,"href":"https:\/\/portalv1.com.br\/api\/wp\/v2\/users\/1"}],"replies":[{"embeddable":true,"href":"https:\/\/portalv1.com.br\/api\/wp\/v2\/comments?post=162267"}],"version-history":[{"count":0,"href":"https:\/\/portalv1.com.br\/api\/wp\/v2\/posts\/162267\/revisions"}],"wp:featuredmedia":[{"embeddable":true,"href":"https:\/\/portalv1.com.br\/api\/wp\/v2\/media\/162331"}],"wp:attachment":[{"href":"https:\/\/portalv1.com.br\/api\/wp\/v2\/media?parent=162267"}],"wp:term":[{"taxonomy":"category","embeddable":true,"href":"https:\/\/portalv1.com.br\/api\/wp\/v2\/categories?post=162267"},{"taxonomy":"post_tag","embeddable":true,"href":"https:\/\/portalv1.com.br\/api\/wp\/v2\/tags?post=162267"}],"curies":[{"name":"wp","href":"https:\/\/api.w.org\/{rel}","templated":true}]}}