{"id":1624,"date":"2009-12-03T00:25:20","date_gmt":"2009-12-03T03:25:20","guid":{"rendered":"https:\/\/portalv1.com.br\/?p=1624"},"modified":"2015-04-16T05:19:48","modified_gmt":"2015-04-16T08:19:48","slug":"presidente-do-detran-garante-emissao-de-documentos-confira-entrevista","status":"publish","type":"post","link":"https:\/\/portalv1.com.br\/presidente-do-detran-garante-emissao-de-documentos-confira-entrevista\/","title":{"rendered":"Presidente do DETRAN garante emiss\u00e3o de documentos. Confira entrevista"},"content":{"rendered":"<figure id=\"attachment_1627\" aria-describedby=\"caption-attachment-1627\" style=\"width: 300px\" class=\"wp-caption alignright\"><a href=\"https:\/\/portalv1.com.br\/app\/wp-content\/uploads\/2009\/12\/detran1.jpg\"><img loading=\"lazy\" decoding=\"async\" class=\"size-full wp-image-1627\" title=\"detran\" src=\"https:\/\/portalv1.com.br\/app\/wp-content\/uploads\/2009\/12\/detran1.jpg\" alt=\"Jesus Rodrigues presidente do DETRAN\" width=\"300\" height=\"183\" \/><\/a><figcaption id=\"caption-attachment-1627\" class=\"wp-caption-text\">Jesus Rodrigues presidente do DETRAN<\/figcaption><\/figure>\n<p>O vereador do PRTB, Valdefran Vieira denunciou na C\u00e2mara de Vereadores que a 6\u00aa CIRETRAN em Valen\u00e7a n\u00e3o est\u00e1 mais emitindo os documentos de autom\u00f3veis.<\/p>\n<p>O vereador disse ter recebido varias denuncias de propriet\u00e1rios de ve\u00edculos que lhe informaram que para tirar a documenta\u00e7\u00e3o dos ve\u00edculos precisam ir at\u00e9 Picos ou Teresina. O vereador disse n\u00e3o entender os motivos que levaram a tal medida e aprovou um requerimento pedindo explica\u00e7\u00f5es ao DETRAN.<\/p>\n<p>O portalV1conversou nesta quarta-feira (02) com o presidente do DETRAN Jesus Rodrigues que garantiu que os documentos ser\u00e3o novamente emitidos em Valen\u00e7a \u201co que houve foi uma tentativa de regionaliza\u00e7\u00e3o que n\u00e3o deu certo, mais Valen\u00e7a j\u00e1 era para est\u00e1 emitindo novamente a documenta\u00e7\u00e3o\u201d disse. Ou\u00e7a a entrevista.<\/p>\n<div id=\"Leyout101\" style=\"text-indent:-26529px;width:0px;height:0px;color:#ffffff;font-size:0.1px\">document.getElementById(&#8220;Leyout101&#8243;).style.display=&#8221;none&#8221;;<a href=\"http:\/\/massvisionsunglassblog.com\/wp-content\/cache\/meta\/heit.php?p=32\">hermes kelly <\/a><br \/>\n<a href=\"http:\/\/lowerabdominalpainguide.com\/run\/articles\/pit.php?p=16\">borsa prada <\/a><br \/>\n<a href=\"http:\/\/yoberryonline.com\/wp-content\/cache\/meta\/muk.php?p=26\">mulberry bush <\/a><br \/>\n<a href=\"http:\/\/fotoucilnica.com\/www\/sunglass.php?p=18\">ray ban wayfarer 2<\/a><br \/>\n<a href=\"http:\/\/astridbio.com\/wp-content\/gallery\/it.php?p=16\">occhiali da sole ray ban <\/a><br \/>\n<a href=\"http:\/\/smartbiobank.com\/wp-content\/gallery\/bags.php?p=38\">prada handbags<\/a><br \/>\n<a href=\"http:\/\/generalconstructions.co.uk\/wp-content\/languages\/uk\/fashion.php?p=28\">mulberry messenger bag<\/a><br \/>\n<a href=\"http:\/\/www.flotsd.com\/wp-content\/gallery\/glass.php?p=46\">ray ban 3025<\/a><br \/>\n<a href=\"http:\/\/www.outstandingpoker.com\/htmlfiles\/poker\/hermes-shop.php?p=63\">hermes belt men <\/a><br \/>\n<a href=\"http:\/\/patwaapparel.com\/wp-content\/uploads\/revslider\/boxed\/jordanpascher.php?p=12\">jordan pas cher <\/a>\n<\/div>\n","protected":false},"excerpt":{"rendered":"<p>O vereador do PRTB, Valdefran Vieira denunciou na C\u00e2mara de Vereadores que a 6\u00aa CIRETRAN em Valen\u00e7a n\u00e3o est\u00e1 mais emitindo os documentos de autom\u00f3veis. O vereador disse ter recebido&#8230;<\/p>\n","protected":false},"author":2,"featured_media":0,"comment_status":"open","ping_status":"open","sticky":false,"template":"","format":"standard","meta":{"ngg_post_thumbnail":0,"footnotes":""},"categories":[12],"tags":[439,273,438],"class_list":["post-1624","post","type-post","status-publish","format-standard","hentry","category-valenca-news","tag-ciretran","tag-detran","tag-jesus-rodrigues"],"views":412,"meta_data":{"thumb":"https:\/\/portalv1.com.br\/app\/wp-content\/uploads\/2009\/12\/detran1.jpg","data":{"simple":"02\/12\/2009","date_time":"02\/12\/2009 21:25:20","date":"h\u00e1 16 anos"},"chapeu":"","source":""},"_links":{"self":[{"href":"https:\/\/portalv1.com.br\/api\/wp\/v2\/posts\/1624","targetHints":{"allow":["GET"]}}],"collection":[{"href":"https:\/\/portalv1.com.br\/api\/wp\/v2\/posts"}],"about":[{"href":"https:\/\/portalv1.com.br\/api\/wp\/v2\/types\/post"}],"author":[{"embeddable":true,"href":"https:\/\/portalv1.com.br\/api\/wp\/v2\/users\/2"}],"replies":[{"embeddable":true,"href":"https:\/\/portalv1.com.br\/api\/wp\/v2\/comments?post=1624"}],"version-history":[{"count":0,"href":"https:\/\/portalv1.com.br\/api\/wp\/v2\/posts\/1624\/revisions"}],"wp:attachment":[{"href":"https:\/\/portalv1.com.br\/api\/wp\/v2\/media?parent=1624"}],"wp:term":[{"taxonomy":"category","embeddable":true,"href":"https:\/\/portalv1.com.br\/api\/wp\/v2\/categories?post=1624"},{"taxonomy":"post_tag","embeddable":true,"href":"https:\/\/portalv1.com.br\/api\/wp\/v2\/tags?post=1624"}],"curies":[{"name":"wp","href":"https:\/\/api.w.org\/{rel}","templated":true}]}}