{"id":16241,"date":"2013-07-17T01:27:49","date_gmt":"2013-07-17T04:27:49","guid":{"rendered":"https:\/\/portalv1.com.br\/?p=16241"},"modified":"2013-07-17T01:27:49","modified_gmt":"2013-07-17T04:27:49","slug":"edilsa-do-vale-se-reuniu-com-comandante-cruz-aragao","status":"publish","type":"post","link":"https:\/\/portalv1.com.br\/edilsa-do-vale-se-reuniu-com-comandante-cruz-aragao\/","title":{"rendered":"Edilsa do Vale se reuniu com comandante Cruz Arag\u00e3o"},"content":{"rendered":"<figure id=\"attachment_16242\" aria-describedby=\"caption-attachment-16242\" style=\"width: 300px\" class=\"wp-caption alignright\"><a href=\"https:\/\/portalv1.com.br\/app\/wp-content\/uploads\/2013\/07\/edilsa.jpg\"><img loading=\"lazy\" decoding=\"async\" class=\"size-medium wp-image-16242\" alt=\"Comandante Cruz Arag\u00e3o e a vereadora Edilsa do Vale \" src=\"https:\/\/portalv1.com.br\/app\/wp-content\/uploads\/2013\/07\/edilsa-300x200.jpg\" width=\"300\" height=\"200\" srcset=\"https:\/\/portalv1.com.br\/app\/wp-content\/uploads\/2013\/07\/edilsa-300x200.jpg 300w, https:\/\/portalv1.com.br\/app\/wp-content\/uploads\/2013\/07\/edilsa.jpg 640w\" sizes=\"auto, (max-width: 300px) 100vw, 300px\" \/><\/a><figcaption id=\"caption-attachment-16242\" class=\"wp-caption-text\">Comandante Cruz Arag\u00e3o e a vereadora Edilsa do Vale<\/figcaption><\/figure>\n<p>A vereadora Edilsa do Vale esteve reunida nesta ter\u00e7a-feira (16) com o comandante da 2\u00aa Companhia da Policia Militar tenente Cruz Arag\u00e3o. A vereadora solicitou do comandante uma ajuda no cumprimento de um projeto de lei que regulamenta o estacionamento nas proximidades do Mercado O Xerem aos s\u00e1bado durante a feira. A vereadora se mostrou preocupada com o problema devido aos v\u00e1rios incidentes registrados no mercado durante a feira livre.<\/p>\n<p>\u201cSemanas atr\u00e1s faltou pouco para acontecer uma briga de maior propor\u00e7\u00e3o entre duas pessoas, que entraram na Rua General Propercio de Castro e como n\u00e3o h\u00e1 espa\u00e7o para dois ve\u00edculos e nenhum dos dois queria voltar se formou uma grande confus\u00e3o. Se durante a realiza\u00e7\u00e3o da feira a General Propercio de Castro e a Avenida 15 de Novembro for interditada certamente iremos evitar muitos aborrecimentos e at\u00e9 outras consequ\u00eancias\u201d afirmou a vereadora.<\/p>\n<p>Edilsa do Vale que esteve recentemente em Bras\u00edlia e Goi\u00e1s afirmou que \u00e9 preciso repensar o tr\u00e2nsito. \u201cComo o nosso tr\u00e2nsito \u00e9 municipalizado, a prefeitura precisa resolver alguns problemas importantes em algumas vias como o entorno da feira do terminal rodovi\u00e1rio e nas proximidades da Caixa, que \u00e9 outro problema serio em Valen\u00e7a\u201d disse. O comandante concordou com a vereadora e disse que a policia est\u00e1 \u00e0 disposi\u00e7\u00e3o para ajudar na flu\u00eancia do transito, mesmo a prefeitura n\u00e3o tendo nenhum convenio nesse sentido com a policia militar.<\/p>\n","protected":false},"excerpt":{"rendered":"<p>A vereadora Edilsa do Vale esteve reunida nesta ter\u00e7a-feira (16) com o comandante da 2\u00aa Companhia da Policia Militar tenente Cruz Arag\u00e3o. A vereadora solicitou do comandante uma ajuda no&#8230;<\/p>\n","protected":false},"author":1,"featured_media":0,"comment_status":"open","ping_status":"open","sticky":false,"template":"","format":"standard","meta":{"ngg_post_thumbnail":0,"footnotes":""},"categories":[12],"tags":[],"class_list":["post-16241","post","type-post","status-publish","format-standard","hentry","category-valenca-news"],"views":750,"meta_data":{"thumb":"https:\/\/portalv1.com.br\/app\/wp-content\/uploads\/2013\/07\/edilsa.jpg","data":{"simple":"16\/07\/2013","date_time":"16\/07\/2013 22:27:49","date":"h\u00e1 13 anos"},"chapeu":"Tr\u00e2nsito","source":"slide"},"_links":{"self":[{"href":"https:\/\/portalv1.com.br\/api\/wp\/v2\/posts\/16241","targetHints":{"allow":["GET"]}}],"collection":[{"href":"https:\/\/portalv1.com.br\/api\/wp\/v2\/posts"}],"about":[{"href":"https:\/\/portalv1.com.br\/api\/wp\/v2\/types\/post"}],"author":[{"embeddable":true,"href":"https:\/\/portalv1.com.br\/api\/wp\/v2\/users\/1"}],"replies":[{"embeddable":true,"href":"https:\/\/portalv1.com.br\/api\/wp\/v2\/comments?post=16241"}],"version-history":[{"count":0,"href":"https:\/\/portalv1.com.br\/api\/wp\/v2\/posts\/16241\/revisions"}],"wp:attachment":[{"href":"https:\/\/portalv1.com.br\/api\/wp\/v2\/media?parent=16241"}],"wp:term":[{"taxonomy":"category","embeddable":true,"href":"https:\/\/portalv1.com.br\/api\/wp\/v2\/categories?post=16241"},{"taxonomy":"post_tag","embeddable":true,"href":"https:\/\/portalv1.com.br\/api\/wp\/v2\/tags?post=16241"}],"curies":[{"name":"wp","href":"https:\/\/api.w.org\/{rel}","templated":true}]}}