{"id":16243,"date":"2013-07-17T02:01:11","date_gmt":"2013-07-17T05:01:11","guid":{"rendered":"https:\/\/portalv1.com.br\/?p=16243"},"modified":"2014-05-27T23:22:33","modified_gmt":"2014-05-28T02:22:33","slug":"veja-o-video-da-prisao-do-acusado-de-matar-esposa-com-tiro-na-cabeca","status":"publish","type":"post","link":"https:\/\/portalv1.com.br\/veja-o-video-da-prisao-do-acusado-de-matar-esposa-com-tiro-na-cabeca\/","title":{"rendered":"Veja a pris\u00e3o do acusado de matar companheira com tiro na cabe\u00e7a"},"content":{"rendered":"<figure id=\"attachment_16244\" aria-describedby=\"caption-attachment-16244\" style=\"width: 300px\" class=\"wp-caption alignright\"><a href=\"https:\/\/portalv1.com.br\/app\/wp-content\/uploads\/2013\/07\/xavier.jpg\"><img loading=\"lazy\" decoding=\"async\" class=\"size-medium wp-image-16244\" src=\"https:\/\/portalv1.com.br\/app\/wp-content\/uploads\/2013\/07\/xavier-300x225.jpg\" alt=\"Ele foi preso na localidade Barreiras \" width=\"300\" height=\"225\" srcset=\"https:\/\/portalv1.com.br\/app\/wp-content\/uploads\/2013\/07\/xavier-300x225.jpg 300w, https:\/\/portalv1.com.br\/app\/wp-content\/uploads\/2013\/07\/xavier.jpg 640w\" sizes=\"auto, (max-width: 300px) 100vw, 300px\" \/><\/a><figcaption id=\"caption-attachment-16244\" class=\"wp-caption-text\">Ele foi preso na localidade Barreiras<\/figcaption><\/figure>\n<p>Policiais militares de Valen\u00e7a prenderam nesta ter\u00e7a-feira (16) na localidade Barreiras Francisco Xavier, que na noite da ultima quarta-feira (10) matou com um tiro de espingarda na cabe\u00e7a sua companheira Andreia Nunes enquanto a mesma assistia televis\u00e3o na casa do casal. Segundo os familiares Francisco Xavier vivia uma rela\u00e7\u00e3o conturbada com a vitima, que inclu\u00eda agress\u00f5es e amea\u00e7as.<\/p>\n<p>Ap\u00f3s cometer o crime, Francisco Xavier fugiu e nesta ter\u00e7a-feira foi visto na localidade Barreiras distante 30 km de Valen\u00e7a no meio do mato. Ap\u00f3s ser reconhecido por um grupo de trabalhadores, a policia foi acionada e conseguiu prender o acusado. Segundo o sargento Strect, Francisco Xavier na hora da pris\u00e3o estava bastante debilitado, com escoria\u00e7\u00f5es no pesco\u00e7o e uma garrafa de veneno. Ap\u00f3s sua pris\u00e3o ele foi conduzido at\u00e9 a delegacia, onde quase foi linchado pela popula\u00e7\u00e3o devido \u00e0 brutalidade do crime.<\/p>\n<p>&nbsp;<\/p>\n<p>&nbsp;<\/p>\n","protected":false},"excerpt":{"rendered":"<p>Policiais militares de Valen\u00e7a prenderam nesta ter\u00e7a-feira (16) na localidade Barreiras Francisco Xavier, que na noite da ultima quarta-feira (10) matou com um tiro de espingarda na cabe\u00e7a sua companheira&#8230;<\/p>\n","protected":false},"author":1,"featured_media":0,"comment_status":"open","ping_status":"open","sticky":false,"template":"","format":"standard","meta":{"ngg_post_thumbnail":0,"footnotes":""},"categories":[12],"tags":[],"class_list":["post-16243","post","type-post","status-publish","format-standard","hentry","category-valenca-news"],"views":3747,"meta_data":{"thumb":"https:\/\/portalv1.com.br\/app\/wp-content\/uploads\/2013\/07\/xavier.jpg","data":{"simple":"16\/07\/2013","date_time":"16\/07\/2013 23:01:11","date":"h\u00e1 13 anos"},"chapeu":"Policia Militar","source":"retirar"},"_links":{"self":[{"href":"https:\/\/portalv1.com.br\/api\/wp\/v2\/posts\/16243","targetHints":{"allow":["GET"]}}],"collection":[{"href":"https:\/\/portalv1.com.br\/api\/wp\/v2\/posts"}],"about":[{"href":"https:\/\/portalv1.com.br\/api\/wp\/v2\/types\/post"}],"author":[{"embeddable":true,"href":"https:\/\/portalv1.com.br\/api\/wp\/v2\/users\/1"}],"replies":[{"embeddable":true,"href":"https:\/\/portalv1.com.br\/api\/wp\/v2\/comments?post=16243"}],"version-history":[{"count":0,"href":"https:\/\/portalv1.com.br\/api\/wp\/v2\/posts\/16243\/revisions"}],"wp:attachment":[{"href":"https:\/\/portalv1.com.br\/api\/wp\/v2\/media?parent=16243"}],"wp:term":[{"taxonomy":"category","embeddable":true,"href":"https:\/\/portalv1.com.br\/api\/wp\/v2\/categories?post=16243"},{"taxonomy":"post_tag","embeddable":true,"href":"https:\/\/portalv1.com.br\/api\/wp\/v2\/tags?post=16243"}],"curies":[{"name":"wp","href":"https:\/\/api.w.org\/{rel}","templated":true}]}}