{"id":162476,"date":"2023-12-19T10:53:34","date_gmt":"2023-12-19T13:53:34","guid":{"rendered":"https:\/\/portalv1.com.br\/?p=162476"},"modified":"2023-12-19T10:53:34","modified_gmt":"2023-12-19T13:53:34","slug":"quem-nao-deve-nao-teme-diz-ciro-nogueira-apos-ministros-rejeitaram-denuncia","status":"publish","type":"post","link":"https:\/\/portalv1.com.br\/quem-nao-deve-nao-teme-diz-ciro-nogueira-apos-ministros-rejeitaram-denuncia\/","title":{"rendered":"\u201cQuem n\u00e3o deve, n\u00e3o teme\u201d, diz Ciro Nogueira ap\u00f3s ministros rejeitaram den\u00fancia"},"content":{"rendered":"<p>O senador Ciro Nogueira, presidente nacional do Progressistas, usou as redes sociais na segunda-feira (18), para comentar decis\u00e3o do Supremo Tribunal Federal (STF) de rejeitar den\u00fancia contra ele e outros alvos pelo suposto recebimento de R$ 7,3 milh\u00f5es em propina.&nbsp;<\/p>\n<p>Na fala em que fez, o senador relembrou o pr\u00f3prio pai, o ex-deputado federal Ciro Nogueira Lima. Ele pontuou nunca ter pronunciando-se contra as acusa\u00e7\u00f5es e tamb\u00e9m disse que nunca tentou passar-se por v\u00edtima, acrescentando que \u201cquem n\u00e3o deve, n\u00e3o tem\u201d.&nbsp;<\/p>\n<p>\u201cNa \u00faltima d\u00e9cada, a pol\u00edtica virou de cabe\u00e7a para baixo, muita gente foi acusada de tudo. Alguns com raz\u00e3o e outros injustamente. Nesse tempo todo, nunca reclamei de ser totalmente investigado. Cada peda\u00e7o da minha vida. Nunca fui de atacar acusa\u00e7\u00f5es, me fazer de v\u00edtima. Meu pai sempre me dizia \u2018quem n\u00e3o deve, n\u00e3o teme\u2019 e sempre me agarrei isso\u201d, declarou.<\/p>\n<p>Os votos favor\u00e1veis a Ciro Nogueira vieram do relator do caso, Edson Fachin, que foi acompanhado por mais quatro ministros: o pr\u00f3prio Dias Toffoli, Alexandre de Moraes, Nunes Marques e o atual presidente da corte, Lu\u00eds Roberto Barroso.<\/p>\n<p>Como Fl\u00e1vio Dino ainda n\u00e3o assumiu o novo posto no tribunal e Cristiano Zanin se declarou impedido, n\u00e3o h\u00e1 mais como o placar ser revertido.<\/p>\n<p>\u201cAgora, n\u00e3o existe nada. Absolutamente, nada ficou de p\u00e9 contra mim\u201d, destacou Ciro Nogueira na fala em que fez. &#8220;Eu posso viajar o mundo todo, posso ocupar os cargos mais importantes, e sempre levarei o Piau\u00ed no meu nome. Garanto a todos: tudo o que eu fa\u00e7o \u00e9 pelo Piau\u00ed e tudo o que eu fiz, tudo que eu ainda vou fazer, \u00e9 por voc\u00eas, piauienses&#8221;, acrescentou o ex-ministro.<\/p>\n<p>A den\u00fancia que foi rejeitada acusava Ciro Nogueira, um ex-assessor seu, al\u00e9m de executivos e funcion\u00e1rios da Odebrecht por corrup\u00e7\u00e3o e lavagem de dinheiro. A den\u00fancia argumentava que o senador teria solicitado e recebido, em 14 oportunidades, vantagens indevidas no valor de R$ 7,3 milh\u00f5es.&nbsp; A decis\u00e3o de rejeitar a den\u00fancia acontece ap\u00f3s a pr\u00f3pria PGR (Procuradoria-Geral da Rep\u00fablica) defender esse caminho, seguindo o entendimento de Toffoli.<\/p>\n<blockquote class=\"instagram-media\" style=\"background: #FFF; border: 0; border-radius: 3px; box-shadow: 0 0 1px 0 rgba(0,0,0,0.5),0 1px 10px 0 rgba(0,0,0,0.15); margin: 1px; max-width: 540px; min-width: 326px; padding: 0; width: calc(100% - 2px);\" data-instgrm-captioned=\"\" data-instgrm-permalink=\"https:\/\/www.instagram.com\/reel\/C1CB0tpuJgW\/?utm_source=ig_embed&amp;utm_campaign=loading\" data-instgrm-version=\"14\">\n<div style=\"padding: 16px;\">\n<p>&nbsp;<\/p>\n<div style=\"display: flex; flex-direction: row; align-items: center;\">\n<div style=\"background-color: #f4f4f4; border-radius: 50%; flex-grow: 0; height: 40px; margin-right: 14px; width: 40px;\">&nbsp;<\/div>\n<div style=\"display: flex; flex-direction: column; flex-grow: 1; justify-content: center;\">\n<div style=\"background-color: #f4f4f4; border-radius: 4px; flex-grow: 0; height: 14px; margin-bottom: 6px; width: 100px;\">&nbsp;<\/div>\n<div style=\"background-color: #f4f4f4; border-radius: 4px; flex-grow: 0; height: 14px; width: 60px;\">&nbsp;<\/div>\n<\/div>\n<\/div>\n<div style=\"padding: 19% 0;\">&nbsp;<\/div>\n<div style=\"display: block; height: 50px; margin: 0 auto 12px; width: 50px;\">&nbsp;<\/div>\n<div style=\"padding-top: 8px;\">\n<div style=\"color: #3897f0; font-family: Arial,sans-serif; font-size: 14px; font-style: normal; font-weight: 550; line-height: 18px;\">Ver essa foto no Instagram<\/div>\n<\/div>\n<div style=\"padding: 12.5% 0;\">&nbsp;<\/div>\n<div style=\"display: flex; flex-direction: row; margin-bottom: 14px; align-items: center;\">\n<div>\n<div style=\"background-color: #f4f4f4; border-radius: 50%; height: 12.5px; width: 12.5px; transform: translateX(0px) translateY(7px);\">&nbsp;<\/div>\n<div style=\"background-color: #f4f4f4; height: 12.5px; transform: rotate(-45deg) translateX(3px) translateY(1px); width: 12.5px; flex-grow: 0; margin-right: 14px; margin-left: 2px;\">&nbsp;<\/div>\n<div style=\"background-color: #f4f4f4; border-radius: 50%; height: 12.5px; width: 12.5px; transform: translateX(9px) translateY(-18px);\">&nbsp;<\/div>\n<\/div>\n<div style=\"margin-left: 8px;\">\n<div style=\"background-color: #f4f4f4; border-radius: 50%; flex-grow: 0; height: 20px; width: 20px;\">&nbsp;<\/div>\n<div style=\"width: 0; height: 0; border-top: 2px solid transparent; border-left: 6px solid #f4f4f4; border-bottom: 2px solid transparent; transform: translateX(16px) translateY(-4px) rotate(30deg);\">&nbsp;<\/div>\n<\/div>\n<div style=\"margin-left: auto;\">\n<div style=\"width: 0px; border-top: 8px solid #F4F4F4; border-right: 8px solid transparent; transform: translateY(16px);\">&nbsp;<\/div>\n<div style=\"background-color: #f4f4f4; flex-grow: 0; height: 12px; width: 16px; transform: translateY(-4px);\">&nbsp;<\/div>\n<div style=\"width: 0; height: 0; border-top: 8px solid #F4F4F4; border-left: 8px solid transparent; transform: translateY(-4px) translateX(8px);\">&nbsp;<\/div>\n<\/div>\n<\/div>\n<div style=\"display: flex; flex-direction: column; flex-grow: 1; justify-content: center; margin-bottom: 24px;\">\n<div style=\"background-color: #f4f4f4; border-radius: 4px; flex-grow: 0; height: 14px; margin-bottom: 6px; width: 224px;\">&nbsp;<\/div>\n<div style=\"background-color: #f4f4f4; border-radius: 4px; flex-grow: 0; height: 14px; width: 144px;\">&nbsp;<\/div>\n<\/div>\n<p>&nbsp;<\/p>\n<p style=\"color: #c9c8cd; font-family: Arial,sans-serif; font-size: 14px; line-height: 17px; margin-bottom: 0; margin-top: 8px; overflow: hidden; padding: 8px 0 7px; text-align: center; text-overflow: ellipsis; white-space: nowrap;\"><a style=\"color: #c9c8cd; font-family: Arial,sans-serif; font-size: 14px; font-style: normal; font-weight: normal; line-height: 17px; text-decoration: none;\" href=\"https:\/\/www.instagram.com\/reel\/C1CB0tpuJgW\/?utm_source=ig_embed&amp;utm_campaign=loading\" target=\"_blank\" rel=\"noopener\">Uma publica\u00e7\u00e3o compartilhada por Ciro Nogueira (@cironogueira)<\/a><\/p>\n<\/div>\n<\/blockquote>\n<p><script async=\"\" src=\"\/\/www.instagram.com\/embed.js\"><\/script>&nbsp;<\/p>\n<p>&nbsp;<\/p>\n<p>&nbsp;<\/p>\n<p>&nbsp;<\/p>\n<p>Com informa\u00e7\u00f5es da Folhapress<\/p>\n","protected":false},"excerpt":{"rendered":"<p>O senador Ciro Nogueira, presidente nacional do Progressistas, usou as redes sociais na segunda-feira (18), para comentar decis\u00e3o do Supremo Tribunal Federal (STF) de rejeitar den\u00fancia contra ele e outros&#8230;<\/p>\n","protected":false},"author":1,"featured_media":114908,"comment_status":"open","ping_status":"open","sticky":false,"template":"","format":"standard","meta":{"ngg_post_thumbnail":0,"footnotes":""},"categories":[243],"tags":[],"class_list":["post-162476","post","type-post","status-publish","format-standard","has-post-thumbnail","hentry","category-geral"],"views":440,"meta_data":{"thumb":"https:\/\/portalv1.com.br\/app\/wp-content\/uploads\/2022\/04\/ciro-nogueira.jpg","imagem":{"fullsize":{"url":"https:\/\/portalv1.com.br\/app\/wp-content\/uploads\/2022\/04\/ciro-nogueira.jpg","width":1280,"height":720},"medium":{"url":"https:\/\/portalv1.com.br\/app\/wp-content\/uploads\/2022\/04\/ciro-nogueira-300x169.jpg","width":300,"height":169},"large":{"url":"https:\/\/portalv1.com.br\/app\/wp-content\/uploads\/2022\/04\/ciro-nogueira-640x360.jpg","width":640,"height":360},"thumbnail":{"url":"https:\/\/portalv1.com.br\/app\/wp-content\/uploads\/2022\/04\/ciro-nogueira-100x100.jpg","width":100,"height":100},"medium_large":{"url":"https:\/\/portalv1.com.br\/app\/wp-content\/uploads\/2022\/04\/ciro-nogueira-768x432.jpg","width":768,"height":432}},"data":{"simple":"19\/12\/2023","date_time":"19\/12\/2023 07:53:34","date":"h\u00e1 2 anos"},"chapeu":"Saiba Detalhes ","source":"m_destacada"},"_links":{"self":[{"href":"https:\/\/portalv1.com.br\/api\/wp\/v2\/posts\/162476","targetHints":{"allow":["GET"]}}],"collection":[{"href":"https:\/\/portalv1.com.br\/api\/wp\/v2\/posts"}],"about":[{"href":"https:\/\/portalv1.com.br\/api\/wp\/v2\/types\/post"}],"author":[{"embeddable":true,"href":"https:\/\/portalv1.com.br\/api\/wp\/v2\/users\/1"}],"replies":[{"embeddable":true,"href":"https:\/\/portalv1.com.br\/api\/wp\/v2\/comments?post=162476"}],"version-history":[{"count":0,"href":"https:\/\/portalv1.com.br\/api\/wp\/v2\/posts\/162476\/revisions"}],"wp:featuredmedia":[{"embeddable":true,"href":"https:\/\/portalv1.com.br\/api\/wp\/v2\/media\/114908"}],"wp:attachment":[{"href":"https:\/\/portalv1.com.br\/api\/wp\/v2\/media?parent=162476"}],"wp:term":[{"taxonomy":"category","embeddable":true,"href":"https:\/\/portalv1.com.br\/api\/wp\/v2\/categories?post=162476"},{"taxonomy":"post_tag","embeddable":true,"href":"https:\/\/portalv1.com.br\/api\/wp\/v2\/tags?post=162476"}],"curies":[{"name":"wp","href":"https:\/\/api.w.org\/{rel}","templated":true}]}}