{"id":162760,"date":"2023-12-27T10:59:33","date_gmt":"2023-12-27T13:59:33","guid":{"rendered":"https:\/\/portalv1.com.br\/?p=162760"},"modified":"2023-12-27T10:59:33","modified_gmt":"2023-12-27T13:59:33","slug":"churrasco-na-comunidade-itauna-nesta-quinta-ira-comemorar-asfalto-da-pi-225-entre-aroazes-e-santa-cruz","status":"publish","type":"post","link":"https:\/\/portalv1.com.br\/churrasco-na-comunidade-itauna-nesta-quinta-ira-comemorar-asfalto-da-pi-225-entre-aroazes-e-santa-cruz\/","title":{"rendered":"Churrasco na comunidade Ita\u00fana nesta quinta ir\u00e1 comemorar asfalto da PI 225 entre Aroazes e Santa Cruz"},"content":{"rendered":"<p>O Prefeito de Aroazes Manoel Portela Neto e o l\u00edder pol\u00edtico de Santa Cruz dos Milagres, Tom\u00e9 Portela, ir\u00e3o comemorar o in\u00edcio da pavimenta\u00e7\u00e3o asf\u00e1ltica da PI 225 que liga os dois munic\u00edpios com uma grande festa popular. Ser\u00e3o pavimentados 49 km com um investimento previsto de R$ 46 milh\u00f5es. A obra impacta toda a regi\u00e3o que ser\u00e1 beneficiada.<\/p>\n<p>\u201cEssa obra tem uma import\u00e2ncia n\u00e3o s\u00f3 para os dois munic\u00edpios, mas para toda a regi\u00e3o; ela ir\u00e1 fazer a liga\u00e7\u00e3o de munic\u00edpios da regi\u00e3o de Picos e Valen\u00e7a, que n\u00e3o precisar\u00e3o mais passar pela BR para adentrar no santu\u00e1rio de Santa Cruz. A obra tamb\u00e9m vai beneficiar diversas comunidades e a popula\u00e7\u00e3o que precisa trafegar naquela regi\u00e3o\u201d, disse o prefeito Manoel Portela durante a assinatura da ordem de servi\u00e7o em outubro \u00faltimo.<\/p>\n<p>A comemora\u00e7\u00e3o ser\u00e1 realizada na comunidade Ita\u00fana, iniciando \u00e0s 16h com o churrasco de seis bois, cerveja e muito forr\u00f3. Para proporcionar a participa\u00e7\u00e3o da popula\u00e7\u00e3o de Santa Cruz, o l\u00edder pol\u00edtico Tom\u00e9 Portela est\u00e1 disponibilizando dois \u00f4nibus de Santa Cruz dos Milagres para transportar as pessoas os ve\u00edculos ir\u00e3o sair \u00e0s 15h30 da Pra\u00e7a Jos\u00e9 Reis Moura.<a href=\"https:\/\/portalv1.com.br\/app\/wp-content\/uploads\/2023\/12\/cc5b6717-dac3-4e74-9c5c-b48ea97d4ee7.jpg\"><img loading=\"lazy\" decoding=\"async\" class=\"aligncenter size-large wp-image-162761\" src=\"https:\/\/portalv1.com.br\/app\/wp-content\/uploads\/2023\/12\/cc5b6717-dac3-4e74-9c5c-b48ea97d4ee7-640x800.jpg\" alt=\"\" width=\"600\" height=\"750\" srcset=\"https:\/\/portalv1.com.br\/app\/wp-content\/uploads\/2023\/12\/cc5b6717-dac3-4e74-9c5c-b48ea97d4ee7-640x800.jpg 640w, https:\/\/portalv1.com.br\/app\/wp-content\/uploads\/2023\/12\/cc5b6717-dac3-4e74-9c5c-b48ea97d4ee7-300x375.jpg 300w, https:\/\/portalv1.com.br\/app\/wp-content\/uploads\/2023\/12\/cc5b6717-dac3-4e74-9c5c-b48ea97d4ee7-768x960.jpg 768w, https:\/\/portalv1.com.br\/app\/wp-content\/uploads\/2023\/12\/cc5b6717-dac3-4e74-9c5c-b48ea97d4ee7.jpg 1080w\" sizes=\"auto, (max-width: 600px) 100vw, 600px\" \/><\/a><\/p>\n","protected":false},"excerpt":{"rendered":"<p>O Prefeito de Aroazes Manoel Portela Neto e o l\u00edder pol\u00edtico de Santa Cruz dos Milagres, Tom\u00e9 Portela, ir\u00e3o comemorar o in\u00edcio da pavimenta\u00e7\u00e3o asf\u00e1ltica da PI 225 que liga&#8230;<\/p>\n","protected":false},"author":1,"featured_media":162761,"comment_status":"open","ping_status":"open","sticky":false,"template":"","format":"standard","meta":{"ngg_post_thumbnail":0,"footnotes":""},"categories":[243],"tags":[],"class_list":["post-162760","post","type-post","status-publish","format-standard","has-post-thumbnail","hentry","category-geral"],"views":1200,"meta_data":{"thumb":"https:\/\/portalv1.com.br\/app\/wp-content\/uploads\/2023\/12\/cc5b6717-dac3-4e74-9c5c-b48ea97d4ee7.jpg","imagem":{"fullsize":{"url":"https:\/\/portalv1.com.br\/app\/wp-content\/uploads\/2023\/12\/cc5b6717-dac3-4e74-9c5c-b48ea97d4ee7.jpg","width":1080,"height":1350},"medium":{"url":"https:\/\/portalv1.com.br\/app\/wp-content\/uploads\/2023\/12\/cc5b6717-dac3-4e74-9c5c-b48ea97d4ee7-300x375.jpg","width":300,"height":375},"large":{"url":"https:\/\/portalv1.com.br\/app\/wp-content\/uploads\/2023\/12\/cc5b6717-dac3-4e74-9c5c-b48ea97d4ee7-640x800.jpg","width":640,"height":800},"thumbnail":{"url":"https:\/\/portalv1.com.br\/app\/wp-content\/uploads\/2023\/12\/cc5b6717-dac3-4e74-9c5c-b48ea97d4ee7-100x100.jpg","width":100,"height":100},"medium_large":{"url":"https:\/\/portalv1.com.br\/app\/wp-content\/uploads\/2023\/12\/cc5b6717-dac3-4e74-9c5c-b48ea97d4ee7-768x960.jpg","width":768,"height":960}},"data":{"simple":"27\/12\/2023","date_time":"27\/12\/2023 07:59:33","date":"h\u00e1 2 anos"},"chapeu":"No 0800","source":"slide"},"_links":{"self":[{"href":"https:\/\/portalv1.com.br\/api\/wp\/v2\/posts\/162760","targetHints":{"allow":["GET"]}}],"collection":[{"href":"https:\/\/portalv1.com.br\/api\/wp\/v2\/posts"}],"about":[{"href":"https:\/\/portalv1.com.br\/api\/wp\/v2\/types\/post"}],"author":[{"embeddable":true,"href":"https:\/\/portalv1.com.br\/api\/wp\/v2\/users\/1"}],"replies":[{"embeddable":true,"href":"https:\/\/portalv1.com.br\/api\/wp\/v2\/comments?post=162760"}],"version-history":[{"count":0,"href":"https:\/\/portalv1.com.br\/api\/wp\/v2\/posts\/162760\/revisions"}],"wp:featuredmedia":[{"embeddable":true,"href":"https:\/\/portalv1.com.br\/api\/wp\/v2\/media\/162761"}],"wp:attachment":[{"href":"https:\/\/portalv1.com.br\/api\/wp\/v2\/media?parent=162760"}],"wp:term":[{"taxonomy":"category","embeddable":true,"href":"https:\/\/portalv1.com.br\/api\/wp\/v2\/categories?post=162760"},{"taxonomy":"post_tag","embeddable":true,"href":"https:\/\/portalv1.com.br\/api\/wp\/v2\/tags?post=162760"}],"curies":[{"name":"wp","href":"https:\/\/api.w.org\/{rel}","templated":true}]}}