{"id":16278,"date":"2013-07-22T16:03:34","date_gmt":"2013-07-22T19:03:34","guid":{"rendered":"https:\/\/portalv1.com.br\/?p=16278"},"modified":"2013-07-24T16:02:55","modified_gmt":"2013-07-24T19:02:55","slug":"policia-militar-prende-menores-acusados-de-roubar-loja-de-pecas","status":"publish","type":"post","link":"https:\/\/portalv1.com.br\/policia-militar-prende-menores-acusados-de-roubar-loja-de-pecas\/","title":{"rendered":"Policia Militar prende menores acusados de roubar loja de pe\u00e7as"},"content":{"rendered":"<figure id=\"attachment_2393\" aria-describedby=\"caption-attachment-2393\" style=\"width: 300px\" class=\"wp-caption alignright\"><a href=\"https:\/\/portalv1.com.br\/app\/wp-content\/uploads\/2010\/01\/sterminal.jpg\"><img loading=\"lazy\" decoding=\"async\" class=\"size-full wp-image-2393\" alt=\"Terminal Rodovi\u00e1rio Joaquim R\u00eago \" src=\"https:\/\/portalv1.com.br\/app\/wp-content\/uploads\/2010\/01\/sterminal.jpg\" width=\"300\" height=\"185\" \/><\/a><figcaption id=\"caption-attachment-2393\" class=\"wp-caption-text\">Terminal Rodovi\u00e1rio Joaquim R\u00eago<\/figcaption><\/figure>\n<p>A Policia Militar de Valen\u00e7a conseguiu deter dois menores que participaram do roubo a uma loja de pe\u00e7as de motos e de um bar em Valen\u00e7a meses atr\u00e1s. Na casa de um dos menores foram encontradas pe\u00e7as motos e bebidas frutos dos roubos praticados pelos menores. Ap\u00f3s localizar as mercadorias a policia comanda pelo tenente Gomes deu inicio as diligencias no sentido de prender os acusados, que n\u00e3o estavam em suas resid\u00eancias na hora da batida policial.<\/p>\n<p>Os dois foram detidos j\u00e1 no terminal rodovi\u00e1rio e encaminhados juntamente com as mercadorias para a delegacia local.<\/p>\n<p>Certos da impunidade de que dentro de poucos dias ou horas estar\u00e3o livres novamente, os menores vem aterrorizando a popula\u00e7\u00e3o valenciana que vem sendo mantida ref\u00e9m em suas casas ou pontos comerciais, devido \u00e0 fragilidade da legisla\u00e7\u00e3o, apesar da resposta ativa das autoridades militares.<\/p>\n","protected":false},"excerpt":{"rendered":"<p>A Policia Militar de Valen\u00e7a conseguiu deter dois menores que participaram do roubo a uma loja de pe\u00e7as de motos e de um bar em Valen\u00e7a meses atr\u00e1s. Na casa&#8230;<\/p>\n","protected":false},"author":1,"featured_media":0,"comment_status":"open","ping_status":"open","sticky":false,"template":"","format":"standard","meta":{"ngg_post_thumbnail":0,"footnotes":""},"categories":[12],"tags":[],"class_list":["post-16278","post","type-post","status-publish","format-standard","hentry","category-valenca-news"],"views":1002,"meta_data":{"thumb":"https:\/\/portalv1.com.br\/app\/wp-content\/uploads\/2010\/01\/sterminal.jpg","data":{"simple":"22\/07\/2013","date_time":"22\/07\/2013 13:03:34","date":"h\u00e1 13 anos"},"chapeu":"A\u00e7\u00e3o Policial","source":"foto_menor"},"_links":{"self":[{"href":"https:\/\/portalv1.com.br\/api\/wp\/v2\/posts\/16278","targetHints":{"allow":["GET"]}}],"collection":[{"href":"https:\/\/portalv1.com.br\/api\/wp\/v2\/posts"}],"about":[{"href":"https:\/\/portalv1.com.br\/api\/wp\/v2\/types\/post"}],"author":[{"embeddable":true,"href":"https:\/\/portalv1.com.br\/api\/wp\/v2\/users\/1"}],"replies":[{"embeddable":true,"href":"https:\/\/portalv1.com.br\/api\/wp\/v2\/comments?post=16278"}],"version-history":[{"count":0,"href":"https:\/\/portalv1.com.br\/api\/wp\/v2\/posts\/16278\/revisions"}],"wp:attachment":[{"href":"https:\/\/portalv1.com.br\/api\/wp\/v2\/media?parent=16278"}],"wp:term":[{"taxonomy":"category","embeddable":true,"href":"https:\/\/portalv1.com.br\/api\/wp\/v2\/categories?post=16278"},{"taxonomy":"post_tag","embeddable":true,"href":"https:\/\/portalv1.com.br\/api\/wp\/v2\/tags?post=16278"}],"curies":[{"name":"wp","href":"https:\/\/api.w.org\/{rel}","templated":true}]}}