{"id":16350,"date":"2013-07-31T15:29:30","date_gmt":"2013-07-31T18:29:30","guid":{"rendered":"https:\/\/portalv1.com.br\/?p=16350"},"modified":"2013-08-02T22:07:47","modified_gmt":"2013-08-03T01:07:47","slug":"efpt-comemorou-10-anos-do-programa-um-milhao-de-cisternas","status":"publish","type":"post","link":"https:\/\/portalv1.com.br\/efpt-comemorou-10-anos-do-programa-um-milhao-de-cisternas\/","title":{"rendered":"EFPT comemorou 10 anos do Programa Um Milh\u00e3o de Cisternas"},"content":{"rendered":"<figure id=\"attachment_16351\" aria-describedby=\"caption-attachment-16351\" style=\"width: 300px\" class=\"wp-caption alignright\"><a href=\"https:\/\/portalv1.com.br\/app\/wp-content\/uploads\/2013\/07\/DSC00040.jpg\"><img loading=\"lazy\" decoding=\"async\" class=\"size-medium wp-image-16351\" alt=\"Escola de Forma\u00e7\u00e3o Paulo de Tarso \" src=\"https:\/\/portalv1.com.br\/app\/wp-content\/uploads\/2013\/07\/DSC00040-300x225.jpg\" width=\"300\" height=\"225\" srcset=\"https:\/\/portalv1.com.br\/app\/wp-content\/uploads\/2013\/07\/DSC00040-300x225.jpg 300w, https:\/\/portalv1.com.br\/app\/wp-content\/uploads\/2013\/07\/DSC00040.jpg 640w\" sizes=\"auto, (max-width: 300px) 100vw, 300px\" \/><\/a><figcaption id=\"caption-attachment-16351\" class=\"wp-caption-text\">Escola de Forma\u00e7\u00e3o Paulo de Tarso<\/figcaption><\/figure>\n<p>Em comemora\u00e7\u00e3o aos 10 anos de atua\u00e7\u00e3o do Programa Um Milh\u00e3o de Cisternas (P1MC), a Escola de Forma\u00e7\u00e3o Paulo de Tarso (EFPT) realizou, no \u00faltimo s\u00e1bado (27), na cidade de Valen\u00e7a (PI), uma atividade festiva envolvendo s\u00f3cios\/as e diretores. O momento foi de confraterniza\u00e7\u00e3o e alegria pelas conquistas alcan\u00e7adas.<\/p>\n<p>Ao longo desses dez anos, a EFPT vem executando programas de conviv\u00eancia com o Semi\u00e1rido nos territ\u00f3rios do Sambito, Vale do Canind\u00e9 e Vale do Rio Guaribas.<\/p>\n<p>Ao todo, j\u00e1 foram investidos oito milh\u00f5es de reais na constru\u00e7\u00e3o de mais de sete mil cisternas, para fam\u00edlias de 24 munic\u00edpios. De acordo com Genival Ara\u00fajo, coordenador t\u00e9cnico, esses 10 anos de trabalho tem oportunizado a transforma\u00e7\u00e3o social que tem significado um conjunto de melhorias na qualidade de vida das fam\u00edlias da regi\u00e3o, na perspectiva da conviv\u00eancia com o Semi\u00e1rido.<\/p>\n<p>\u201cO programa tem um papel muito importante que \u00e9 o de sensibilizar as fam\u00edlias para a quest\u00e3o de pol\u00edticas p\u00fablicas na busca do direito, da cidadania, no surgimento de novas lideran\u00e7as no campo, na cria\u00e7\u00e3o de associa\u00e7\u00f5es comunit\u00e1rias e Sindicatos de Trabalhadores Rurais. Um grande exemplo disso foi a funda\u00e7\u00e3o do Sindicato de Trabalhadores Rurais da cidade de Lagoa do S\u00edtio, criado ap\u00f3s a chegada do programa\u201d, destaca Genival.<\/p>\n<p>Segundo Genival Ara\u00fajo, as conquistas alcan\u00e7adas s\u00f3 foram poss\u00edveis, gra\u00e7as \u00e0 articula\u00e7\u00e3o local com os munic\u00edpios (comiss\u00f5es gestoras) e com as fam\u00edlias que abra\u00e7aram o trabalho, sem medir esfor\u00e7os, al\u00e9m de parceiros como o Minist\u00e9rio de Desenvolvimento Social (MDS), Federa\u00e7\u00e3o dos Bancos do Brasil (FEBRABAM), Instituto Ambiental Brasil Sustent\u00e1vel (IABS) e a Coopera\u00e7\u00e3o Internacional (DED).<\/p>\n<p>P1MC foi criado em 2003 e faz parte do Programa de Forma\u00e7\u00e3o e Mobiliza\u00e7\u00e3o Social pela Conviv\u00eancia com o Semi\u00e1rido, da Articula\u00e7\u00e3o Semi\u00e1rido Brasileiro (ASA). V\u00e1rias organiza\u00e7\u00f5es sociais que comp\u00f5e a ASA executam o P1MC na busca da universaliza\u00e7\u00e3o do acesso \u00e0 \u00e1gua pot\u00e1vel e garantia de direitos a cinco milh\u00f5es de pessoas de todo o Semi\u00e1rido brasileiro.<\/p>\n<p>Por Jucilene Silva<\/p>\n<p>Comunicadora Popular da EFPT\/ASA<\/p>\n","protected":false},"excerpt":{"rendered":"<p>Em comemora\u00e7\u00e3o aos 10 anos de atua\u00e7\u00e3o do Programa Um Milh\u00e3o de Cisternas (P1MC), a Escola de Forma\u00e7\u00e3o Paulo de Tarso (EFPT) realizou, no \u00faltimo s\u00e1bado (27), na cidade de&#8230;<\/p>\n","protected":false},"author":1,"featured_media":0,"comment_status":"open","ping_status":"open","sticky":false,"template":"","format":"standard","meta":{"ngg_post_thumbnail":0,"footnotes":""},"categories":[12],"tags":[],"class_list":["post-16350","post","type-post","status-publish","format-standard","hentry","category-valenca-news"],"views":428,"meta_data":{"thumb":"https:\/\/portalv1.com.br\/app\/wp-content\/uploads\/2013\/07\/DSC00040.jpg","data":{"simple":"31\/07\/2013","date_time":"31\/07\/2013 12:29:30","date":"h\u00e1 13 anos"},"chapeu":"Muito pra comemorar ","source":"m_destacada"},"_links":{"self":[{"href":"https:\/\/portalv1.com.br\/api\/wp\/v2\/posts\/16350","targetHints":{"allow":["GET"]}}],"collection":[{"href":"https:\/\/portalv1.com.br\/api\/wp\/v2\/posts"}],"about":[{"href":"https:\/\/portalv1.com.br\/api\/wp\/v2\/types\/post"}],"author":[{"embeddable":true,"href":"https:\/\/portalv1.com.br\/api\/wp\/v2\/users\/1"}],"replies":[{"embeddable":true,"href":"https:\/\/portalv1.com.br\/api\/wp\/v2\/comments?post=16350"}],"version-history":[{"count":0,"href":"https:\/\/portalv1.com.br\/api\/wp\/v2\/posts\/16350\/revisions"}],"wp:attachment":[{"href":"https:\/\/portalv1.com.br\/api\/wp\/v2\/media?parent=16350"}],"wp:term":[{"taxonomy":"category","embeddable":true,"href":"https:\/\/portalv1.com.br\/api\/wp\/v2\/categories?post=16350"},{"taxonomy":"post_tag","embeddable":true,"href":"https:\/\/portalv1.com.br\/api\/wp\/v2\/tags?post=16350"}],"curies":[{"name":"wp","href":"https:\/\/api.w.org\/{rel}","templated":true}]}}