{"id":16378,"date":"2013-08-05T09:46:32","date_gmt":"2013-08-05T12:46:32","guid":{"rendered":"https:\/\/portalv1.com.br\/?p=16378"},"modified":"2013-08-06T01:11:29","modified_gmt":"2013-08-06T04:11:29","slug":"educacao-de-lagoa-do-sitio-ganha-informativo-impresso","status":"publish","type":"post","link":"https:\/\/portalv1.com.br\/educacao-de-lagoa-do-sitio-ganha-informativo-impresso\/","title":{"rendered":"Educa\u00e7\u00e3o de Lagoa do Sitio ganha informativo impresso"},"content":{"rendered":"<figure id=\"attachment_16379\" aria-describedby=\"caption-attachment-16379\" style=\"width: 300px\" class=\"wp-caption alignright\"><a href=\"https:\/\/portalv1.com.br\/app\/wp-content\/uploads\/2013\/08\/semed.jpg\"><img loading=\"lazy\" decoding=\"async\" class=\"size-medium wp-image-16379\" alt=\"Informativo SEMED\" src=\"https:\/\/portalv1.com.br\/app\/wp-content\/uploads\/2013\/08\/semed-300x329.jpg\" width=\"300\" height=\"329\" srcset=\"https:\/\/portalv1.com.br\/app\/wp-content\/uploads\/2013\/08\/semed-300x329.jpg 300w, https:\/\/portalv1.com.br\/app\/wp-content\/uploads\/2013\/08\/semed.jpg 480w\" sizes=\"auto, (max-width: 300px) 100vw, 300px\" \/><\/a><figcaption id=\"caption-attachment-16379\" class=\"wp-caption-text\">Informativo SEMED<\/figcaption><\/figure>\n<p>A Secretaria Municipal de Educa\u00e7\u00e3o de Lagoa do Sitio (SEMED), que tem a frente o secret\u00e1rio Nilton Filho deu mais um passo a frente ao lan\u00e7ar o segundo exemplar do \u201cInformativo SEMED\u201d. Trata-se de um informativo impresso, que tr\u00e1s informa\u00e7\u00f5es das a\u00e7\u00f5es desenvolvidas pela educa\u00e7\u00e3o sitiolagoense a cada dois meses. O destaque da ultima edi\u00e7\u00e3o foi \u00e0 entrega de tablets para alunos da rede municipal de ensino feita pelo juiz Dr. Jos\u00e9 Osvaldo para os tr\u00eas alunos com melhor rendimento na rede municipal de ensino.<\/p>\n<p>Foram contemplados Agda Paola (Col\u00e9gio Jos\u00e9 Francisco) Antonia Carmecita (Helvidio Nunes) e Ana Vitoria da Unidade Escolar Raimundo Mel\u00e3o.<\/p>\n<p>Al\u00e9m das informa\u00e7\u00f5es das atividades desenvolvidas pela SEMED a popula\u00e7\u00e3o tem acesso aos recursos que entram na SEMED todos os meses. Ano passado a educa\u00e7\u00e3o de Lagoa do Sitio deixou a cidade de Valen\u00e7a para tr\u00e1s nos n\u00fameros do IDEB Lagoa do Sitio obteve nota de 3,8 enquanto que a cidade de Valen\u00e7a obteve 3,4. At\u00e9 2014 ser\u00e3o constru\u00eddas em Lagoa do Sitio 07 unidades escolares sendo 04 nesse ano. A constru\u00e7\u00e3o das unidades escolares s\u00e3o frutos de parceria do munic\u00edpio com o MEC.<\/p>\n","protected":false},"excerpt":{"rendered":"<p>A Secretaria Municipal de Educa\u00e7\u00e3o de Lagoa do Sitio (SEMED), que tem a frente o secret\u00e1rio Nilton Filho deu mais um passo a frente ao lan\u00e7ar o segundo exemplar do&#8230;<\/p>\n","protected":false},"author":1,"featured_media":0,"comment_status":"open","ping_status":"open","sticky":false,"template":"","format":"standard","meta":{"ngg_post_thumbnail":0,"footnotes":""},"categories":[12],"tags":[],"class_list":["post-16378","post","type-post","status-publish","format-standard","hentry","category-valenca-news"],"views":345,"meta_data":{"thumb":"https:\/\/portalv1.com.br\/app\/wp-content\/uploads\/2013\/08\/semed.jpg","data":{"simple":"05\/08\/2013","date_time":"05\/08\/2013 06:46:32","date":"h\u00e1 13 anos"},"chapeu":"Transpar\u00eancia   ","source":"foto_menor"},"_links":{"self":[{"href":"https:\/\/portalv1.com.br\/api\/wp\/v2\/posts\/16378","targetHints":{"allow":["GET"]}}],"collection":[{"href":"https:\/\/portalv1.com.br\/api\/wp\/v2\/posts"}],"about":[{"href":"https:\/\/portalv1.com.br\/api\/wp\/v2\/types\/post"}],"author":[{"embeddable":true,"href":"https:\/\/portalv1.com.br\/api\/wp\/v2\/users\/1"}],"replies":[{"embeddable":true,"href":"https:\/\/portalv1.com.br\/api\/wp\/v2\/comments?post=16378"}],"version-history":[{"count":0,"href":"https:\/\/portalv1.com.br\/api\/wp\/v2\/posts\/16378\/revisions"}],"wp:attachment":[{"href":"https:\/\/portalv1.com.br\/api\/wp\/v2\/media?parent=16378"}],"wp:term":[{"taxonomy":"category","embeddable":true,"href":"https:\/\/portalv1.com.br\/api\/wp\/v2\/categories?post=16378"},{"taxonomy":"post_tag","embeddable":true,"href":"https:\/\/portalv1.com.br\/api\/wp\/v2\/tags?post=16378"}],"curies":[{"name":"wp","href":"https:\/\/api.w.org\/{rel}","templated":true}]}}