{"id":165746,"date":"2024-01-02T09:48:33","date_gmt":"2024-01-02T12:48:33","guid":{"rendered":"https:\/\/portalv1.com.br\/?p=165746"},"modified":"2024-01-05T08:07:48","modified_gmt":"2024-01-05T11:07:48","slug":"aniversario-de-lagoa-do-sitio-tera-limao-com-mel-marcia-a-fenomenal-e-manim-vaqueiro","status":"publish","type":"post","link":"https:\/\/portalv1.com.br\/aniversario-de-lagoa-do-sitio-tera-limao-com-mel-marcia-a-fenomenal-e-manim-vaqueiro\/","title":{"rendered":"Anivers\u00e1rio de Lagoa do Sitio ter\u00e1 Lim\u00e3o com Mel, Marcia a fenomenal e Manim Vaqueiro"},"content":{"rendered":"<p>Lagoa do S\u00edtio comemora 30 anos no pr\u00f3ximo dia 26 de janeiro e a Prefeitura Municipal prepara uma grande festa para comemorar a data. O prefeito S\u00e1vio Moura confirmou seis atra\u00e7\u00f5es para animar o anivers\u00e1rio com destaque para a Banda Lim\u00e3o com Mel, M\u00e1rcia a fenomenal, Manim Vaqueiro, Edson Sanfoneiro, Z\u00e9 Hilton Show e GG do Piseiro. A festa acontecer\u00e1 na pra\u00e7a de eventos.<\/p>\n<p>A programa\u00e7\u00e3o oficial com as outras atra\u00e7\u00f5es do anivers\u00e1rio ser\u00e1 divulgada nos pr\u00f3ximos dias, no entanto o prefeito j\u00e1 anunciou a realiza\u00e7\u00e3o da disputa do Motocross, que volta a programa\u00e7\u00e3o do anivers\u00e1rio em grande estilo, uma vez que a competi\u00e7\u00e3o ser\u00e1 uma etapa da Copa Piauiense de Motocross. A prova ser\u00e1 disputada no dia 21 de janeiro.<\/p>\n<p>S\u00e1vio Moura aproveitou o an\u00fancio para agradecer as conquistas da gest\u00e3o municipal e prometeu muito trabalho no novo ano.<\/p>\n<p>\u201cGratid\u00e3o a Deus, aos amigos Sitiolagoenses pelo apoio e confian\u00e7a, a parceria com a base aliada e a toda equipe administrativa que faz a Gest\u00e3o S\u00e1vio Moura! Seguimos firmes e confiantes no trabalho de desenvolvimento e transforma\u00e7\u00e3o de nosso Munic\u00edpio. Que 2024 seja um ano de grandes conquistas e realiza\u00e7\u00f5es\u201d, disse o gestor.<\/p>\n<p><a href=\"https:\/\/portalv1.com.br\/app\/wp-content\/uploads\/2024\/01\/WhatsApp-Image-2024-01-02-at-09.43.58.jpeg\"><img loading=\"lazy\" decoding=\"async\" class=\"aligncenter size-large wp-image-165747\" src=\"https:\/\/portalv1.com.br\/app\/wp-content\/uploads\/2024\/01\/WhatsApp-Image-2024-01-02-at-09.43.58-640x1138.jpeg\" alt=\"\" width=\"600\" height=\"1067\" srcset=\"https:\/\/portalv1.com.br\/app\/wp-content\/uploads\/2024\/01\/WhatsApp-Image-2024-01-02-at-09.43.58-640x1138.jpeg 640w, https:\/\/portalv1.com.br\/app\/wp-content\/uploads\/2024\/01\/WhatsApp-Image-2024-01-02-at-09.43.58-300x534.jpeg 300w, https:\/\/portalv1.com.br\/app\/wp-content\/uploads\/2024\/01\/WhatsApp-Image-2024-01-02-at-09.43.58-768x1366.jpeg 768w, https:\/\/portalv1.com.br\/app\/wp-content\/uploads\/2024\/01\/WhatsApp-Image-2024-01-02-at-09.43.58-864x1536.jpeg 864w, https:\/\/portalv1.com.br\/app\/wp-content\/uploads\/2024\/01\/WhatsApp-Image-2024-01-02-at-09.43.58.jpeg 899w\" sizes=\"auto, (max-width: 600px) 100vw, 600px\" \/><\/a><\/p>\n","protected":false},"excerpt":{"rendered":"<p>Lagoa do S\u00edtio comemora 30 anos no pr\u00f3ximo dia 26 de janeiro e a Prefeitura Municipal prepara uma grande festa para comemorar a data. O prefeito S\u00e1vio Moura confirmou seis&#8230;<\/p>\n","protected":false},"author":1,"featured_media":165748,"comment_status":"open","ping_status":"open","sticky":false,"template":"","format":"standard","meta":{"ngg_post_thumbnail":0,"footnotes":""},"categories":[245,243],"tags":[],"class_list":["post-165746","post","type-post","status-publish","format-standard","has-post-thumbnail","hentry","category-entretenimento","category-geral"],"views":865,"meta_data":{"thumb":"https:\/\/portalv1.com.br\/app\/wp-content\/uploads\/2024\/01\/WhatsApp-Image-2024-01-02-at-09.44.18.jpeg","imagem":{"fullsize":{"url":"https:\/\/portalv1.com.br\/app\/wp-content\/uploads\/2024\/01\/WhatsApp-Image-2024-01-02-at-09.44.18.jpeg","width":899,"height":764},"medium":{"url":"https:\/\/portalv1.com.br\/app\/wp-content\/uploads\/2024\/01\/WhatsApp-Image-2024-01-02-at-09.44.18-300x255.jpeg","width":300,"height":255},"large":{"url":"https:\/\/portalv1.com.br\/app\/wp-content\/uploads\/2024\/01\/WhatsApp-Image-2024-01-02-at-09.44.18-640x544.jpeg","width":640,"height":544},"thumbnail":{"url":"https:\/\/portalv1.com.br\/app\/wp-content\/uploads\/2024\/01\/WhatsApp-Image-2024-01-02-at-09.44.18-100x100.jpeg","width":100,"height":100},"medium_large":{"url":"https:\/\/portalv1.com.br\/app\/wp-content\/uploads\/2024\/01\/WhatsApp-Image-2024-01-02-at-09.44.18-768x653.jpeg","width":768,"height":653}},"data":{"simple":"02\/01\/2024","date_time":"02\/01\/2024 06:48:33","date":"h\u00e1 2 anos"},"chapeu":"Dia 26 de janeiro ","source":"retirar"},"_links":{"self":[{"href":"https:\/\/portalv1.com.br\/api\/wp\/v2\/posts\/165746","targetHints":{"allow":["GET"]}}],"collection":[{"href":"https:\/\/portalv1.com.br\/api\/wp\/v2\/posts"}],"about":[{"href":"https:\/\/portalv1.com.br\/api\/wp\/v2\/types\/post"}],"author":[{"embeddable":true,"href":"https:\/\/portalv1.com.br\/api\/wp\/v2\/users\/1"}],"replies":[{"embeddable":true,"href":"https:\/\/portalv1.com.br\/api\/wp\/v2\/comments?post=165746"}],"version-history":[{"count":0,"href":"https:\/\/portalv1.com.br\/api\/wp\/v2\/posts\/165746\/revisions"}],"wp:featuredmedia":[{"embeddable":true,"href":"https:\/\/portalv1.com.br\/api\/wp\/v2\/media\/165748"}],"wp:attachment":[{"href":"https:\/\/portalv1.com.br\/api\/wp\/v2\/media?parent=165746"}],"wp:term":[{"taxonomy":"category","embeddable":true,"href":"https:\/\/portalv1.com.br\/api\/wp\/v2\/categories?post=165746"},{"taxonomy":"post_tag","embeddable":true,"href":"https:\/\/portalv1.com.br\/api\/wp\/v2\/tags?post=165746"}],"curies":[{"name":"wp","href":"https:\/\/api.w.org\/{rel}","templated":true}]}}