{"id":16597,"date":"2013-08-30T09:29:30","date_gmt":"2013-08-30T12:29:30","guid":{"rendered":"https:\/\/portalv1.com.br\/?p=16597"},"modified":"2013-08-30T09:34:08","modified_gmt":"2013-08-30T12:34:08","slug":"municipio-de-pimenteiras-recebera-mutirao-da-cidadania-saiba-mais","status":"publish","type":"post","link":"https:\/\/portalv1.com.br\/municipio-de-pimenteiras-recebera-mutirao-da-cidadania-saiba-mais\/","title":{"rendered":"Munic\u00edpio de Pimenteiras receber\u00e1 mutir\u00e3o da cidadania. Saiba mais"},"content":{"rendered":"<figure id=\"attachment_16598\" aria-describedby=\"caption-attachment-16598\" style=\"width: 300px\" class=\"wp-caption alignright\"><a href=\"https:\/\/portalv1.com.br\/app\/wp-content\/uploads\/2013\/08\/reinaldo.jpg\"><img loading=\"lazy\" decoding=\"async\" class=\"size-full wp-image-16598\" alt=\"Secret\u00e1rio de agricultura Reinaldo Paiva (centro) vice-prefeita Lucia Lacerda\" src=\"https:\/\/portalv1.com.br\/app\/wp-content\/uploads\/2013\/08\/reinaldo.jpg\" width=\"300\" height=\"200\" \/><\/a><figcaption id=\"caption-attachment-16598\" class=\"wp-caption-text\">Secret\u00e1rio de agricultura Reinaldo Paiva (centro) vice-prefeita Lucia Lacerda<\/figcaption><\/figure>\n<p>A Prefeitura Municipal de Pimenteiras, atrav\u00e9s da Secretaria Municipal de Agricultura, comunica da realiza\u00e7\u00e3o do mutir\u00e3o da Cidadania pelo Programa Nacional de Documenta\u00e7\u00e3o da Mulher Trabalhadora Rural \u2013 PNDTR, para emiss\u00e3o dos seguintes servi\u00e7os de atendimento: Emiss\u00e3o de Carteira de Identidade (mulher a partir dos 14 anos, homem a partir de 15 anos); Emiss\u00e3o de Carteira de Trabalho (para ambos os sexo a partir dos 14 anos de idade); CPF (para ambos os sexo a partir dos 14 anos); Atendimento do INSS, com orienta\u00e7\u00f5es sobre direitos previdenci\u00e1rios agendamentos. O evento acontecer\u00e1 no dia 02 de setembro no Centro Cultural Cin\u00e9as Martins Nogueira, a partir das 8h.<\/p>\n<p><strong>Maquinas do PAC 2 j\u00e1 est\u00e3o a disposi\u00e7\u00e3o da popula\u00e7\u00e3o<\/strong><\/p>\n<p><a href=\"https:\/\/portalv1.com.br\/app\/wp-content\/uploads\/2013\/08\/lucia.jpg\"><img loading=\"lazy\" decoding=\"async\" class=\"size-medium wp-image-16599 alignleft\" alt=\"lucia\" src=\"https:\/\/portalv1.com.br\/app\/wp-content\/uploads\/2013\/08\/lucia-300x169.jpg\" width=\"300\" height=\"169\" srcset=\"https:\/\/portalv1.com.br\/app\/wp-content\/uploads\/2013\/08\/lucia-300x169.jpg 300w, https:\/\/portalv1.com.br\/app\/wp-content\/uploads\/2013\/08\/lucia.jpg 600w\" sizes=\"auto, (max-width: 300px) 100vw, 300px\" \/><\/a>J\u00e1 est\u00e3o \u00e0 disposi\u00e7\u00e3o da comunidade as duas novas maquinas adquiridas pela prefeitura de Pimenteiras, via Minist\u00e9rio do Desenvolvimento Agr\u00e1rio (MDA). As maquinas foram recebidas pelo prefeito Venicio do \u00d3 das m\u00e3os do ministro do desenvolvimento agr\u00e1rio Pepe Vargas em solenidade na ultima sexta-feira (23). Pimenteiras que j\u00e1 havia recebido uma retroescavadeira foi contemplada desta vez com uma ca\u00e7amba e uma motoniveladora que devem se somar a mais um carro pipa e uma escavadeira hidr\u00e1ulica e um trator de esteira estes dois via Minist\u00e9rio da Pesca. O prefeito Venicio do \u00d3 e a vice-prefeita Lucia Lacerda afirmaram que as maquinas ser\u00e3o de grande utilidade para a recupera\u00e7\u00e3o de estradas e outros servi\u00e7os em prol da coletividade.<\/p>\n<p>&nbsp;<\/p>\n<p><strong><div class=\"ngg-galleryoverview\" data-widget=\"Galeria\" data-props='{&quot;galeria&quot;:{&quot;gallery_id&quot;:1255,&quot;total&quot;:5,&quot;max_page&quot;:1,&quot;page&quot;:1,&quot;images&quot;:[{&quot;pid&quot;:23935,&quot;imageURL&quot;:&quot;https:\\\/\\\/portalv1.com.br\\\/app\\\/wp-content\\\/gallery\\\/veniciodo\\\/01.jpg?t=1719173440&quot;,&quot;thumbnailURL&quot;:&quot;https:\\\/\\\/portalv1.com.br\\\/app\\\/wp-content\\\/gallery\\\/veniciodo\\\/thumbs\\\/thumbs_01.jpg?t=1719173440&quot;,&quot;description&quot;:&quot;U&quot;,&quot;alttext&quot;:&quot;01&quot;,&quot;style&quot;:&quot;&quot;},{&quot;pid&quot;:23936,&quot;imageURL&quot;:&quot;https:\\\/\\\/portalv1.com.br\\\/app\\\/wp-content\\\/gallery\\\/veniciodo\\\/02.jpg?t=1719173440&quot;,&quot;thumbnailURL&quot;:&quot;https:\\\/\\\/portalv1.com.br\\\/app\\\/wp-content\\\/gallery\\\/veniciodo\\\/thumbs\\\/thumbs_02.jpg?t=1719173440&quot;,&quot;description&quot;:&quot;U&quot;,&quot;alttext&quot;:&quot;02&quot;,&quot;style&quot;:&quot;&quot;},{&quot;pid&quot;:23937,&quot;imageURL&quot;:&quot;https:\\\/\\\/portalv1.com.br\\\/app\\\/wp-content\\\/gallery\\\/veniciodo\\\/03.jpg?t=1719173440&quot;,&quot;thumbnailURL&quot;:&quot;https:\\\/\\\/portalv1.com.br\\\/app\\\/wp-content\\\/gallery\\\/veniciodo\\\/thumbs\\\/thumbs_03.jpg?t=1719173440&quot;,&quot;description&quot;:&quot;U&quot;,&quot;alttext&quot;:&quot;03&quot;,&quot;style&quot;:&quot;&quot;},{&quot;pid&quot;:23938,&quot;imageURL&quot;:&quot;https:\\\/\\\/portalv1.com.br\\\/app\\\/wp-content\\\/gallery\\\/veniciodo\\\/04.jpg?t=1719173440&quot;,&quot;thumbnailURL&quot;:&quot;https:\\\/\\\/portalv1.com.br\\\/app\\\/wp-content\\\/gallery\\\/veniciodo\\\/thumbs\\\/thumbs_04.jpg?t=1719173440&quot;,&quot;description&quot;:&quot;U&quot;,&quot;alttext&quot;:&quot;04&quot;,&quot;style&quot;:&quot;&quot;},{&quot;pid&quot;:23939,&quot;imageURL&quot;:&quot;https:\\\/\\\/portalv1.com.br\\\/app\\\/wp-content\\\/gallery\\\/veniciodo\\\/venicio.jpg?t=1719173440&quot;,&quot;thumbnailURL&quot;:&quot;https:\\\/\\\/portalv1.com.br\\\/app\\\/wp-content\\\/gallery\\\/veniciodo\\\/thumbs\\\/thumbs_venicio.jpg?t=1719173440&quot;,&quot;description&quot;:&quot;U&quot;,&quot;alttext&quot;:&quot;venicio&quot;,&quot;style&quot;:&quot;&quot;}]}}'><\/div><\/strong>.<\/p>\n","protected":false},"excerpt":{"rendered":"<p>A Prefeitura Municipal de Pimenteiras, atrav\u00e9s da Secretaria Municipal de Agricultura, comunica da realiza\u00e7\u00e3o do mutir\u00e3o da Cidadania pelo Programa Nacional de Documenta\u00e7\u00e3o da Mulher Trabalhadora Rural \u2013 PNDTR, para&#8230;<\/p>\n","protected":false},"author":1,"featured_media":0,"comment_status":"open","ping_status":"open","sticky":false,"template":"","format":"standard","meta":{"ngg_post_thumbnail":0,"footnotes":""},"categories":[1174],"tags":[],"class_list":["post-16597","post","type-post","status-publish","format-standard","hentry","category-pimenteiras"],"views":498,"meta_data":{"thumb":"https:\/\/portalv1.com.br\/app\/wp-content\/uploads\/2013\/08\/reinaldo.jpg","data":{"simple":"30\/08\/2013","date_time":"30\/08\/2013 06:29:30","date":"h\u00e1 13 anos"},"chapeu":"Documenta\u00e7\u00e3o gr\u00e1tis ","source":"slide"},"_links":{"self":[{"href":"https:\/\/portalv1.com.br\/api\/wp\/v2\/posts\/16597","targetHints":{"allow":["GET"]}}],"collection":[{"href":"https:\/\/portalv1.com.br\/api\/wp\/v2\/posts"}],"about":[{"href":"https:\/\/portalv1.com.br\/api\/wp\/v2\/types\/post"}],"author":[{"embeddable":true,"href":"https:\/\/portalv1.com.br\/api\/wp\/v2\/users\/1"}],"replies":[{"embeddable":true,"href":"https:\/\/portalv1.com.br\/api\/wp\/v2\/comments?post=16597"}],"version-history":[{"count":0,"href":"https:\/\/portalv1.com.br\/api\/wp\/v2\/posts\/16597\/revisions"}],"wp:attachment":[{"href":"https:\/\/portalv1.com.br\/api\/wp\/v2\/media?parent=16597"}],"wp:term":[{"taxonomy":"category","embeddable":true,"href":"https:\/\/portalv1.com.br\/api\/wp\/v2\/categories?post=16597"},{"taxonomy":"post_tag","embeddable":true,"href":"https:\/\/portalv1.com.br\/api\/wp\/v2\/tags?post=16597"}],"curies":[{"name":"wp","href":"https:\/\/api.w.org\/{rel}","templated":true}]}}