{"id":16606,"date":"2013-09-01T18:23:47","date_gmt":"2013-09-01T21:23:47","guid":{"rendered":"https:\/\/portalv1.com.br\/?p=16606"},"modified":"2013-09-01T18:23:47","modified_gmt":"2013-09-01T21:23:47","slug":"piaui-pode-atingir-temperaturas-superiores-a-42-neste-semestre","status":"publish","type":"post","link":"https:\/\/portalv1.com.br\/piaui-pode-atingir-temperaturas-superiores-a-42-neste-semestre\/","title":{"rendered":"Piau\u00ed pode atingir temperaturas superiores a 42\u00b0 neste semestre"},"content":{"rendered":"<figure id=\"attachment_16607\" aria-describedby=\"caption-attachment-16607\" style=\"width: 300px\" class=\"wp-caption alignright\"><a href=\"https:\/\/portalv1.com.br\/app\/wp-content\/uploads\/2013\/09\/sonia.jpg\"><img loading=\"lazy\" decoding=\"async\" class=\"size-medium wp-image-16607\" alt=\"meteorologista S\u00f4nia Feitosa\" src=\"https:\/\/portalv1.com.br\/app\/wp-content\/uploads\/2013\/09\/sonia-300x215.jpg\" width=\"300\" height=\"215\" srcset=\"https:\/\/portalv1.com.br\/app\/wp-content\/uploads\/2013\/09\/sonia-300x215.jpg 300w, https:\/\/portalv1.com.br\/app\/wp-content\/uploads\/2013\/09\/sonia.jpg 450w\" sizes=\"auto, (max-width: 300px) 100vw, 300px\" \/><\/a><figcaption id=\"caption-attachment-16607\" class=\"wp-caption-text\">meteorologista S\u00f4nia Feitosa<\/figcaption><\/figure>\n<p>Setembro inaugura o per\u00edodo mais quente do ano no Piau\u00ed, o conhecido B-R-O-BR\u00d3. Como este ano o per\u00edodo chuvoso teve menos intensidade em todo o Estado, a meteorologia prev\u00ea que as temperaturas m\u00e1ximas possam superar os 42\u00b0C, inclusive na capital, Teresina.<\/p>\n<p>De acordo com a meteorologista S\u00f4nia Feitosa, da Secretaria Estadual de Meio Ambiente, as chuvas que ocorreram nos \u00faltimos dias deve-se a umidade advinda do litoral, onde o per\u00edodo chuvoso ainda perdura. &#8220;S\u00e3o as chamadas chuvas do caju. Elas ocorrem devido a umidade que vem de todo o litoral do Nordeste&#8221;, explica.<\/p>\n<p>Para os meses de setembro, outubro, novembro e in\u00edcio de dezembro, a previs\u00e3o \u00e9 de que as m\u00e9dias m\u00e1ximas sejam elevadas. &#8220;Pode acontecer, at\u00e9 novembro, chegando a mais de 40\u00b0, at\u00e9 mesmo mais de 42\u00b0 no extremo sul e no centro sul e, eventualmente, em Teresina. No ano passado tivemos 42\u00b0 na capital. N\u00e3o se descarta a possibilidade de ultrapassar isso. Esse ano as temperaturas est\u00e3o mais altas, ligeiramente acima da m\u00e9dia&#8221;, afirma.<\/p>\n<p>As principais recomenda\u00e7\u00f5es m\u00e9dicas para essa \u00e9poca do ano referem-se ao aumento da hidrata\u00e7\u00e3o do organismo, uso de roupas leves, evitar exposi\u00e7\u00e3o ao sol no per\u00edodo entre 10h at\u00e9 16h, preferir atividade f\u00edsica em hor\u00e1rios mais amenos, alimenta\u00e7\u00e3o a base de frutas e legumes e uso frequente do protetor solar.<\/p>\n<p>Fonte: cidadeverde.com<\/p>\n","protected":false},"excerpt":{"rendered":"<p>Setembro inaugura o per\u00edodo mais quente do ano no Piau\u00ed, o conhecido B-R-O-BR\u00d3. Como este ano o per\u00edodo chuvoso teve menos intensidade em todo o Estado, a meteorologia prev\u00ea que&#8230;<\/p>\n","protected":false},"author":1,"featured_media":0,"comment_status":"open","ping_status":"open","sticky":false,"template":"","format":"standard","meta":{"ngg_post_thumbnail":0,"footnotes":""},"categories":[12],"tags":[],"class_list":["post-16606","post","type-post","status-publish","format-standard","hentry","category-valenca-news"],"views":373,"meta_data":{"thumb":"https:\/\/portalv1.com.br\/app\/wp-content\/uploads\/2013\/09\/sonia.jpg","data":{"simple":"01\/09\/2013","date_time":"01\/09\/2013 15:23:47","date":"h\u00e1 13 anos"},"chapeu":"Calor","source":"m_destacada"},"_links":{"self":[{"href":"https:\/\/portalv1.com.br\/api\/wp\/v2\/posts\/16606","targetHints":{"allow":["GET"]}}],"collection":[{"href":"https:\/\/portalv1.com.br\/api\/wp\/v2\/posts"}],"about":[{"href":"https:\/\/portalv1.com.br\/api\/wp\/v2\/types\/post"}],"author":[{"embeddable":true,"href":"https:\/\/portalv1.com.br\/api\/wp\/v2\/users\/1"}],"replies":[{"embeddable":true,"href":"https:\/\/portalv1.com.br\/api\/wp\/v2\/comments?post=16606"}],"version-history":[{"count":0,"href":"https:\/\/portalv1.com.br\/api\/wp\/v2\/posts\/16606\/revisions"}],"wp:attachment":[{"href":"https:\/\/portalv1.com.br\/api\/wp\/v2\/media?parent=16606"}],"wp:term":[{"taxonomy":"category","embeddable":true,"href":"https:\/\/portalv1.com.br\/api\/wp\/v2\/categories?post=16606"},{"taxonomy":"post_tag","embeddable":true,"href":"https:\/\/portalv1.com.br\/api\/wp\/v2\/tags?post=16606"}],"curies":[{"name":"wp","href":"https:\/\/api.w.org\/{rel}","templated":true}]}}