{"id":16630,"date":"2013-09-05T09:45:36","date_gmt":"2013-09-05T12:45:36","guid":{"rendered":"https:\/\/portalv1.com.br\/?p=16630"},"modified":"2013-09-06T16:20:07","modified_gmt":"2013-09-06T19:20:07","slug":"valenca-pimenteiras-e-lagoa-do-sitio-receberao-onibus-nesta-sexta","status":"publish","type":"post","link":"https:\/\/portalv1.com.br\/valenca-pimenteiras-e-lagoa-do-sitio-receberao-onibus-nesta-sexta\/","title":{"rendered":"Valen\u00e7a, Pimenteiras e Lagoa do Sitio receber\u00e3o \u00f4nibus nesta sexta"},"content":{"rendered":"<figure id=\"attachment_16631\" aria-describedby=\"caption-attachment-16631\" style=\"width: 300px\" class=\"wp-caption alignright\"><a href=\"https:\/\/portalv1.com.br\/app\/wp-content\/uploads\/2013\/09\/ze-simao.jpg\"><img loading=\"lazy\" decoding=\"async\" class=\"size-full wp-image-16631\" alt=\"Governador Wilson Martins, prefeito Z\u00e9 Sim\u00e3o primeira dama Gercineide \" src=\"https:\/\/portalv1.com.br\/app\/wp-content\/uploads\/2013\/09\/ze-simao.jpg\" width=\"300\" height=\"200\" \/><\/a><figcaption id=\"caption-attachment-16631\" class=\"wp-caption-text\">Governador Wilson Martins, prefeito Z\u00e9 Sim\u00e3o primeira dama Gercineide<\/figcaption><\/figure>\n<p>As cidades de Valen\u00e7a do Piau\u00ed, Pimenteiras e Lagoa do Sitio ir\u00e3o receber nesta sexta-feira (06), em Teresina \u00f4nibus escolares para a rede escolar. a entrega acontece as 07h no Parque Potycabana, com a presen\u00e7a do governador Wilson Martins e do secret\u00e1rio estadual de educa\u00e7\u00e3o Atila Lira. A entrega dos \u00f4nibus fazem parte do Programa Estadual de Apoio ao Transporte Escolar (PEATE), que beneficia os munic\u00edpios piauienses que aderiram ao PEATE at\u00e9 junho deste ano.<\/p>\n<p>&#8220;Preocupado em garantir a universaliza\u00e7\u00e3o do Transporte Escolar de maneira justa e igualit\u00e1ria, o Governo do Estado est\u00e1 adquirindo \u00f4nibus de diferentes modelos, que garantem a acessibilidade atrav\u00e9s de lugar para cadeirante e esta\u00e7\u00e3o elevat\u00f3ria&#8221;, destaca o Secret\u00e1rio.<\/p>\n<p>Os ve\u00edculos a serem entregues na pr\u00f3xima sexta foram adquiridos com recursos pr\u00f3prios do Tesouro e do Governo Federal, custando cada um cerca de R$ 250 mil. Cada ve\u00edculo tem capacidade para 55 estudantes e conta com esta\u00e7\u00e3o elevat\u00f3ria para cadeirantes. O programa de transporte escolar adotado pelo Piau\u00ed, al\u00e9m de seguir tend\u00eancia nacional estabelecida pelo Minist\u00e9rio da Educa\u00e7\u00e3o (MEC), acompanha a pol\u00edtica educacional assumida pelo Governo do Estado que investe numa ampla melhoria da Educa\u00e7\u00e3o.<\/p>\n<p>Para o governador Wilson Martins, assegurar transporte escolar de qualidade para os alunos do Estado \u00e9 investir no futuro do Piau\u00ed. &#8220;A nossa meta \u00e9 acabar de vez com a evas\u00e3o escolar no Piau\u00ed, estamos garantindo aos nossos estudantes todas as condi\u00e7\u00f5es de ensino, e tudo isso para colher frutos em curto prazo, vamos melhorar o desempenho escolar e dar condi\u00e7\u00f5es para que todos sejam grandes profissionais do futuro&#8221;, afirma.<\/p>\n<p>Com a aquisi\u00e7\u00e3o destes \u00f4nibus, juntamente com os j\u00e1 entregues anteriormente, cerca de 30 mil crian\u00e7as ser\u00e3o transportadas diariamente. A meta do Governo do Estado \u00e9 entregar mais de 200 \u00f4nibus at\u00e9 o fim de 2013.<\/p>\n<p>Colabora\u00e7\u00e3o: ASCOM SEDUC<\/p>\n","protected":false},"excerpt":{"rendered":"<p>As cidades de Valen\u00e7a do Piau\u00ed, Pimenteiras e Lagoa do Sitio ir\u00e3o receber nesta sexta-feira (06), em Teresina \u00f4nibus escolares para a rede escolar. a entrega acontece as 07h no&#8230;<\/p>\n","protected":false},"author":1,"featured_media":0,"comment_status":"open","ping_status":"open","sticky":false,"template":"","format":"standard","meta":{"ngg_post_thumbnail":0,"footnotes":""},"categories":[12],"tags":[],"class_list":["post-16630","post","type-post","status-publish","format-standard","hentry","category-valenca-news"],"views":544,"meta_data":{"thumb":"https:\/\/portalv1.com.br\/app\/wp-content\/uploads\/2013\/09\/ze-simao.jpg","data":{"simple":"05\/09\/2013","date_time":"05\/09\/2013 06:45:36","date":"h\u00e1 13 anos"},"chapeu":"PEATE","source":"retirar"},"_links":{"self":[{"href":"https:\/\/portalv1.com.br\/api\/wp\/v2\/posts\/16630","targetHints":{"allow":["GET"]}}],"collection":[{"href":"https:\/\/portalv1.com.br\/api\/wp\/v2\/posts"}],"about":[{"href":"https:\/\/portalv1.com.br\/api\/wp\/v2\/types\/post"}],"author":[{"embeddable":true,"href":"https:\/\/portalv1.com.br\/api\/wp\/v2\/users\/1"}],"replies":[{"embeddable":true,"href":"https:\/\/portalv1.com.br\/api\/wp\/v2\/comments?post=16630"}],"version-history":[{"count":0,"href":"https:\/\/portalv1.com.br\/api\/wp\/v2\/posts\/16630\/revisions"}],"wp:attachment":[{"href":"https:\/\/portalv1.com.br\/api\/wp\/v2\/media?parent=16630"}],"wp:term":[{"taxonomy":"category","embeddable":true,"href":"https:\/\/portalv1.com.br\/api\/wp\/v2\/categories?post=16630"},{"taxonomy":"post_tag","embeddable":true,"href":"https:\/\/portalv1.com.br\/api\/wp\/v2\/tags?post=16630"}],"curies":[{"name":"wp","href":"https:\/\/api.w.org\/{rel}","templated":true}]}}