{"id":16661,"date":"2013-09-10T18:10:31","date_gmt":"2013-09-10T21:10:31","guid":{"rendered":"https:\/\/portalv1.com.br\/?p=16661"},"modified":"2013-09-14T10:25:13","modified_gmt":"2013-09-14T13:25:13","slug":"dias-20-e-21-tem-a-2a-feira-da-cajucultura-da-agricultura-familiar","status":"publish","type":"post","link":"https:\/\/portalv1.com.br\/dias-20-e-21-tem-a-2a-feira-da-cajucultura-da-agricultura-familiar\/","title":{"rendered":"Dias 20 e 21 tem a 2\u00aa Feira da Cajucultura da Agricultura Familiar"},"content":{"rendered":"<figure id=\"attachment_2393\" aria-describedby=\"caption-attachment-2393\" style=\"width: 300px\" class=\"wp-caption alignright\"><a href=\"https:\/\/portalv1.com.br\/app\/wp-content\/uploads\/2010\/01\/sterminal.jpg\"><img loading=\"lazy\" decoding=\"async\" class=\"size-full wp-image-2393\" alt=\"Terminal Rodovi\u00e1rio Joaquim R\u00eago \" src=\"https:\/\/portalv1.com.br\/app\/wp-content\/uploads\/2010\/01\/sterminal.jpg\" width=\"300\" height=\"185\" \/><\/a><figcaption id=\"caption-attachment-2393\" class=\"wp-caption-text\">Terminal Rodovi\u00e1rio Joaquim R\u00eago<\/figcaption><\/figure>\n<p>Ser\u00e1 realizada nos dias 20 e 21 de setembro no Terminal Rodovi\u00e1rio a 2\u00aa Feira da Cajucultura da Agricultura Familiar. Na programa\u00e7\u00e3o palestras e exposi\u00e7\u00f5es de produtos dos agricultores familiares do Territ\u00f3rio do Vale do Sambito. A solenidade de abertura ser\u00e1 as 09h da manha no p\u00e1tio do terminal rodovi\u00e1rio. Logo depois haver\u00e1 palestras com o coordenador regional do Emater Neto Vaqueiro. Com o articulador estadual da Rede Tem\u00e1tica da Agroind\u00fastria Familiar Milton Paula. Sobre a import\u00e2ncia do cooperativismo (OCEPI).<\/p>\n<p>Sobre t\u00e9cnicas agr\u00edcolas com os t\u00e9cnicos Jo\u00e3o Francisco Alexandre e Raimundo Batista do Nascimento. Linhas de creditos para os agricultores com Carlos Washington (Banco do Nordeste). Depoimentos e experi\u00eancias dos produtores. Ap\u00f3s o almo\u00e7o haver\u00e1 mais palestras com o coordenador do PMA da CONAB Jos\u00e9 Mendes. Sobre estrat\u00e9gias territoriais e as a\u00e7\u00f5es desenvolvidas no territ\u00f3rio do Vale do Sambito com a presidenta Liliane Vieira. No dia 21\/09 a programa\u00e7\u00e3o come\u00e7a com exposi\u00e7\u00e3o comercio justo e solid\u00e1rio e degusta\u00e7\u00e3o de pratos preparados com caju.<\/p>\n","protected":false},"excerpt":{"rendered":"<p>Ser\u00e1 realizada nos dias 20 e 21 de setembro no Terminal Rodovi\u00e1rio a 2\u00aa Feira da Cajucultura da Agricultura Familiar. Na programa\u00e7\u00e3o palestras e exposi\u00e7\u00f5es de produtos dos agricultores familiares&#8230;<\/p>\n","protected":false},"author":1,"featured_media":0,"comment_status":"open","ping_status":"open","sticky":false,"template":"","format":"standard","meta":{"ngg_post_thumbnail":0,"footnotes":""},"categories":[243,12],"tags":[],"class_list":["post-16661","post","type-post","status-publish","format-standard","hentry","category-geral","category-valenca-news"],"views":646,"meta_data":{"thumb":"https:\/\/portalv1.com.br\/app\/wp-content\/uploads\/2010\/01\/sterminal.jpg","data":{"simple":"10\/09\/2013","date_time":"10\/09\/2013 15:10:31","date":"h\u00e1 13 anos"},"chapeu":"Veja Programa\u00e7\u00e3o ","source":"retirar"},"_links":{"self":[{"href":"https:\/\/portalv1.com.br\/api\/wp\/v2\/posts\/16661","targetHints":{"allow":["GET"]}}],"collection":[{"href":"https:\/\/portalv1.com.br\/api\/wp\/v2\/posts"}],"about":[{"href":"https:\/\/portalv1.com.br\/api\/wp\/v2\/types\/post"}],"author":[{"embeddable":true,"href":"https:\/\/portalv1.com.br\/api\/wp\/v2\/users\/1"}],"replies":[{"embeddable":true,"href":"https:\/\/portalv1.com.br\/api\/wp\/v2\/comments?post=16661"}],"version-history":[{"count":0,"href":"https:\/\/portalv1.com.br\/api\/wp\/v2\/posts\/16661\/revisions"}],"wp:attachment":[{"href":"https:\/\/portalv1.com.br\/api\/wp\/v2\/media?parent=16661"}],"wp:term":[{"taxonomy":"category","embeddable":true,"href":"https:\/\/portalv1.com.br\/api\/wp\/v2\/categories?post=16661"},{"taxonomy":"post_tag","embeddable":true,"href":"https:\/\/portalv1.com.br\/api\/wp\/v2\/tags?post=16661"}],"curies":[{"name":"wp","href":"https:\/\/api.w.org\/{rel}","templated":true}]}}