{"id":16684,"date":"2013-09-16T08:07:29","date_gmt":"2013-09-16T11:07:29","guid":{"rendered":"https:\/\/portalv1.com.br\/?p=16684"},"modified":"2013-09-17T15:24:01","modified_gmt":"2013-09-17T18:24:01","slug":"promotor-abre-inquerito-para-apurar-contratos-firmados-pelo-prefeito-de-valenca","status":"publish","type":"post","link":"https:\/\/portalv1.com.br\/promotor-abre-inquerito-para-apurar-contratos-firmados-pelo-prefeito-de-valenca\/","title":{"rendered":"Promotor abre inqu\u00e9rito para apurar contratos firmados pelo prefeito de Valen\u00e7a"},"content":{"rendered":"<figure id=\"attachment_16685\" aria-describedby=\"caption-attachment-16685\" style=\"width: 300px\" class=\"wp-caption alignright\"><a href=\"https:\/\/portalv1.com.br\/app\/wp-content\/uploads\/2013\/09\/walfredo-filho.jpg\"><img loading=\"lazy\" decoding=\"async\" class=\"size-medium wp-image-16685\" alt=\"Prefeito de Valen\u00e7a, Walfredo Filho.\" src=\"https:\/\/portalv1.com.br\/app\/wp-content\/uploads\/2013\/09\/walfredo-filho-300x225.jpg\" width=\"300\" height=\"225\" srcset=\"https:\/\/portalv1.com.br\/app\/wp-content\/uploads\/2013\/09\/walfredo-filho-300x225.jpg 300w, https:\/\/portalv1.com.br\/app\/wp-content\/uploads\/2013\/09\/walfredo-filho.jpg 600w\" sizes=\"auto, (max-width: 300px) 100vw, 300px\" \/><\/a><figcaption id=\"caption-attachment-16685\" class=\"wp-caption-text\">Prefeito de Valen\u00e7a, Walfredo Filho.<\/figcaption><\/figure>\n<p>O promotor de justi\u00e7a Sinobilino Pinheiro da Silva Junior instaurou inqu\u00e9rito civil no \u00faltimo dia 29 de agosto para apurar irregularidades na gest\u00e3o do prefeito de Valen\u00e7a, Walfredo Filho. De acordo com a den\u00fancia apresentada pelo cidad\u00e3o Geovane da Silva, o prefeito teria autorizado a contrata\u00e7\u00e3o das empresas MGIL Produ\u00e7\u00f5es e Eventos e RL Net sem realizar o devido processo licitat\u00f3rio, objetivando promover eventos festivos na cidade. Nos dias 02 e 04 de julho deste ano o jornalista e\u00a0blogueiro\u00a0Herbert Sousa do\u00a0<strong>GP1<\/strong>\u00a0publicou mat\u00e9rias informando sobre as contrata\u00e7\u00f5es das empresas\u00a0<b>RL Net<\/b><a href=\"http:\/\/www.gp1.com.br\/blogs\/prefeito-de-valenca-do-piaui-contrata-empresa-que-trabalha-com-manutencao-de-computadores-para-realizar-festa-306966.html\" target=\"_blank\"><b>\u00a0<\/b><\/a>e\u00a0<b>MGIL Produ\u00e7\u00f5es e Eventos<\/b>, respectivamente.<\/p>\n<p>O promotor informou que os documentos apresentados na representa\u00e7\u00e3o, mesmo que apresentem ind\u00edcios de irregularidades e mere\u00e7am ser analisados, n\u00e3o s\u00e3o suficientes para fazer ju\u00edzo de valor e determinar se houve ato de improbidade administrativa pelo prefeito.\u00a0 Para tanto, o Minist\u00e9rio Publico\u00a0ir\u00e1 realizar outras dilig\u00eancias no sentido de investigar o caso. Por conta disso, o promotor j\u00e1 requisitou ao prefeito de Valen\u00e7a que apresente c\u00f3pia dos processos licitat\u00f3rios referentes \u00e0 contrata\u00e7\u00e3o das empresas denunciadas, no prazo de 15 dias.<\/p>\n<p><strong>Outro lado<\/strong><br \/>\nO<b>\u00a0<\/b>GP1\u00a0 tentou falar com o prefeito Walfredo Filho, mas seu\u00a0<b>celular<\/b>\u00a0estava na caixa postal e no telefone da prefeitura ningu\u00e9m atendeu \u00e0s liga\u00e7\u00f5es.<\/p>\n<p>Fonte: GP1<\/p>\n","protected":false},"excerpt":{"rendered":"<p>O promotor de justi\u00e7a Sinobilino Pinheiro da Silva Junior instaurou inqu\u00e9rito civil no \u00faltimo dia 29 de agosto para apurar irregularidades na gest\u00e3o do prefeito de Valen\u00e7a, Walfredo Filho. De&#8230;<\/p>\n","protected":false},"author":1,"featured_media":0,"comment_status":"open","ping_status":"open","sticky":false,"template":"","format":"standard","meta":{"ngg_post_thumbnail":0,"footnotes":""},"categories":[12],"tags":[],"class_list":["post-16684","post","type-post","status-publish","format-standard","hentry","category-valenca-news"],"views":700,"meta_data":{"thumb":"https:\/\/portalv1.com.br\/app\/wp-content\/uploads\/2013\/09\/walfredo-filho.jpg","data":{"simple":"16\/09\/2013","date_time":"16\/09\/2013 05:07:29","date":"h\u00e1 13 anos"},"chapeu":"Ministerio Publico","source":"foto_menor"},"_links":{"self":[{"href":"https:\/\/portalv1.com.br\/api\/wp\/v2\/posts\/16684","targetHints":{"allow":["GET"]}}],"collection":[{"href":"https:\/\/portalv1.com.br\/api\/wp\/v2\/posts"}],"about":[{"href":"https:\/\/portalv1.com.br\/api\/wp\/v2\/types\/post"}],"author":[{"embeddable":true,"href":"https:\/\/portalv1.com.br\/api\/wp\/v2\/users\/1"}],"replies":[{"embeddable":true,"href":"https:\/\/portalv1.com.br\/api\/wp\/v2\/comments?post=16684"}],"version-history":[{"count":0,"href":"https:\/\/portalv1.com.br\/api\/wp\/v2\/posts\/16684\/revisions"}],"wp:attachment":[{"href":"https:\/\/portalv1.com.br\/api\/wp\/v2\/media?parent=16684"}],"wp:term":[{"taxonomy":"category","embeddable":true,"href":"https:\/\/portalv1.com.br\/api\/wp\/v2\/categories?post=16684"},{"taxonomy":"post_tag","embeddable":true,"href":"https:\/\/portalv1.com.br\/api\/wp\/v2\/tags?post=16684"}],"curies":[{"name":"wp","href":"https:\/\/api.w.org\/{rel}","templated":true}]}}