{"id":167370,"date":"2024-01-05T16:47:32","date_gmt":"2024-01-05T19:47:32","guid":{"rendered":"https:\/\/portalv1.com.br\/?p=167370"},"modified":"2024-01-05T16:47:32","modified_gmt":"2024-01-05T19:47:32","slug":"agricultura-de-valenca-divulga-cronograma-de-entrega-dos-boletos-do-garantia-safra-e-aracao-terra","status":"publish","type":"post","link":"https:\/\/portalv1.com.br\/agricultura-de-valenca-divulga-cronograma-de-entrega-dos-boletos-do-garantia-safra-e-aracao-terra\/","title":{"rendered":"Agricultura de Valen\u00e7a divulga cronograma de entrega dos boletos do Garantia Safra e ara\u00e7\u00e3o terra"},"content":{"rendered":"<p>A Prefeitura Municipal de Valen\u00e7a do Piau\u00ed atrav\u00e9s da Secretaria de Agricultura divulgou nesta sexta-feira (05), o in\u00edcio do servi\u00e7o de ara\u00e7\u00e3o de terra para os agricultores do munic\u00edpio. A secret\u00e1ria Regina tamb\u00e9m trouxe informa\u00e7\u00f5es sobre a entrega dos boletos do Garantia Safra desse ano.<\/p>\n<p>&#8220;Estamos dando in\u00edcio as ara\u00e7\u00f5es para os agricultores que devem procurar a Secretaria de Agricultura para se inscrever, assim como tamb\u00e9m pedimos para os presidentes das associa\u00e7\u00f5es das comunidades fazer um levantamento com uma lista das fam\u00edlias para que a gente possa dar mais agilidade no trabalho de ara\u00e7\u00e3o, dessa forma o trator fica na localidade at\u00e9 fazer todas as ara\u00e7\u00f5es daquele lugar&#8221;, disse a secret\u00e1ria.<\/p>\n<p>O munic\u00edpio vai garantir para cada fam\u00edlia beneficiada 1 hora de ara\u00e7\u00e3o para que um n\u00famero maior de agricultores sejam contemplados com o servi\u00e7o gratuito.<\/p>\n<p>Regina falou tamb\u00e9m dos preparativos para entrega dos boletos do Garantia Safra. &#8220;N\u00f3s j\u00e1 estamos conferindo os boletos do Garantia Safra e a partir de ter\u00e7a-feira, 09 de janeiro \u00e0s 09h da manh\u00e3 estaremos entregando aqui na Secretaria de Agricultura&#8221;, informou a Regina Mateus. Os agricultores devem apresentar documentos de identifica\u00e7\u00e3o para confer\u00eancia dos dados.<\/p>\n<p>O Garantia Safra \u00e9 um programa social do Governo Federal destinado a oferecer aux\u00edlio financeiro aos agricultores familiares das regi\u00f5es semi\u00e1ridas, nos casos de perdas de safra ocasionadas por eventos clim\u00e1ticos adversos, tais como secas ou excesso de chuvas. O objetivo principal \u00e9 minimizar os impactos econ\u00f4micos decorrentes dessas adversidades.<\/p>\n<p>A secret\u00e1ria de Agricultura ainda destacou o empenho do gestor municipal para garantir o melhor para os agricultores.<\/p>\n<p>&#8220;O prefeito Marcelo Costa, ele tem sido um prefeito ativo nas sua gest\u00e3o garantindo todos os anos aos agricultores ara\u00e7\u00e3o de terra e esse ano n\u00e3o ser\u00e1 diferente, houve um atraso nas ara\u00e7\u00f5es devido o atraso do inverno, mas j\u00e1 estamos iniciando e pedindo os agricultores que procure a Secretaria para fazer sua inscri\u00e7\u00e3o&#8221;, refor\u00e7ou a secret\u00e1ria.<\/p>\n<p>&nbsp;<\/p>\n","protected":false},"excerpt":{"rendered":"<p>A Prefeitura Municipal de Valen\u00e7a do Piau\u00ed atrav\u00e9s da Secretaria de Agricultura divulgou nesta sexta-feira (05), o in\u00edcio do servi\u00e7o de ara\u00e7\u00e3o de terra para os agricultores do munic\u00edpio. A&#8230;<\/p>\n","protected":false},"author":1,"featured_media":167374,"comment_status":"open","ping_status":"open","sticky":false,"template":"","format":"standard","meta":{"ngg_post_thumbnail":0,"footnotes":""},"categories":[243],"tags":[],"class_list":["post-167370","post","type-post","status-publish","format-standard","has-post-thumbnail","hentry","category-geral"],"views":1705,"meta_data":{"thumb":"https:\/\/portalv1.com.br\/app\/wp-content\/uploads\/2024\/01\/Img0_600x400.jpg","imagem":{"fullsize":{"url":"https:\/\/portalv1.com.br\/app\/wp-content\/uploads\/2024\/01\/Img0_600x400.jpg","width":600,"height":399},"medium":{"url":"https:\/\/portalv1.com.br\/app\/wp-content\/uploads\/2024\/01\/Img0_600x400-300x200.jpg","width":300,"height":200},"thumbnail":{"url":"https:\/\/portalv1.com.br\/app\/wp-content\/uploads\/2024\/01\/Img0_600x400-100x100.jpg","width":100,"height":100}},"data":{"simple":"05\/01\/2024","date_time":"05\/01\/2024 13:47:32","date":"h\u00e1 2 anos"},"chapeu":"Saiba Detalhes ","source":"slide"},"_links":{"self":[{"href":"https:\/\/portalv1.com.br\/api\/wp\/v2\/posts\/167370","targetHints":{"allow":["GET"]}}],"collection":[{"href":"https:\/\/portalv1.com.br\/api\/wp\/v2\/posts"}],"about":[{"href":"https:\/\/portalv1.com.br\/api\/wp\/v2\/types\/post"}],"author":[{"embeddable":true,"href":"https:\/\/portalv1.com.br\/api\/wp\/v2\/users\/1"}],"replies":[{"embeddable":true,"href":"https:\/\/portalv1.com.br\/api\/wp\/v2\/comments?post=167370"}],"version-history":[{"count":0,"href":"https:\/\/portalv1.com.br\/api\/wp\/v2\/posts\/167370\/revisions"}],"wp:featuredmedia":[{"embeddable":true,"href":"https:\/\/portalv1.com.br\/api\/wp\/v2\/media\/167374"}],"wp:attachment":[{"href":"https:\/\/portalv1.com.br\/api\/wp\/v2\/media?parent=167370"}],"wp:term":[{"taxonomy":"category","embeddable":true,"href":"https:\/\/portalv1.com.br\/api\/wp\/v2\/categories?post=167370"},{"taxonomy":"post_tag","embeddable":true,"href":"https:\/\/portalv1.com.br\/api\/wp\/v2\/tags?post=167370"}],"curies":[{"name":"wp","href":"https:\/\/api.w.org\/{rel}","templated":true}]}}