{"id":16826,"date":"2013-10-04T07:57:07","date_gmt":"2013-10-04T10:57:07","guid":{"rendered":"https:\/\/portalv1.com.br\/?p=16826"},"modified":"2013-10-04T00:02:13","modified_gmt":"2013-10-04T03:02:13","slug":"diretor-presidente-da-eletrobras-visita-subestacao-de-valenca","status":"publish","type":"post","link":"https:\/\/portalv1.com.br\/diretor-presidente-da-eletrobras-visita-subestacao-de-valenca\/","title":{"rendered":"Diretor presidente da Eletrobr\u00e1s visita subesta\u00e7\u00e3o de Valen\u00e7a"},"content":{"rendered":"<figure id=\"attachment_16827\" aria-describedby=\"caption-attachment-16827\" style=\"width: 300px\" class=\"wp-caption alignright\"><a href=\"https:\/\/portalv1.com.br\/app\/wp-content\/uploads\/2013\/10\/eletrobras.jpg\"><img loading=\"lazy\" decoding=\"async\" class=\"size-full wp-image-16827\" alt=\"diretor presidente da Eletrobr\u00e1s Marcos Aur\u00e9lio Madureira da Silva \" src=\"https:\/\/portalv1.com.br\/app\/wp-content\/uploads\/2013\/10\/eletrobras.jpg\" width=\"300\" height=\"200\" \/><\/a><figcaption id=\"caption-attachment-16827\" class=\"wp-caption-text\">diretor presidente da Eletrobr\u00e1s Marcos Aur\u00e9lio Madureira da Silva<\/figcaption><\/figure>\n<p>O diretor presidente da Eletrobr\u00e1s Marcos Aur\u00e9lio Madureira da Silva esteve nesta quinta-feira (03) visitando as obras de amplia\u00e7\u00e3o da\u00a0 subesta\u00e7\u00e3o de Valen\u00e7a, que tem capacidade de 69 kV, que atender\u00e1 com folga as cidades de Valen\u00e7a, Lagoa do Sitio e Pimenteiras. De acordo com o diretor presidente, os trabalhos est\u00e3o adiantados e a subesta\u00e7\u00e3o poder\u00e1 ser energizada j\u00e1 neste domingo (06) ou no pr\u00f3ximo dia 13 de outubro.<\/p>\n<p>Ainda segundo o presidente todas as cidades do entorno de Valen\u00e7a ir\u00e1 se beneficiar, uma vez, que a nova linha de transmiss\u00e3o sair\u00e1 da subesta\u00e7\u00e3o de Brejo Grande e n\u00e3o mais de Floriano, com isso todas as cidades saem ganhando.<\/p>\n<p>Marcos Aur\u00e9lio Madureira da Silva garantiu que com a amplia\u00e7\u00e3o da subesta\u00e7\u00e3o tanto a popula\u00e7\u00e3o, quando os empres\u00e1rios ser\u00e3o beneficiados devido qualidade da energia. Disse ainda que a subesta\u00e7\u00e3o de Valen\u00e7a foi planejada para atender aos munic\u00edpios da regi\u00e3o valenciana e conta ainda com espa\u00e7os j\u00e1 preparados para futuras amplia\u00e7\u00f5es, caso seja necess\u00e1rio. Nos pr\u00f3ximos dias a dire\u00e7\u00e3o da Eletrobr\u00e1s ir\u00e1 divulgar a programa\u00e7\u00e3o da inaugura\u00e7\u00e3o.<\/p>\n<p><strong><div class=\"ngg-galleryoverview\" data-widget=\"Galeria\" data-props='{&quot;galeria&quot;:{&quot;gallery_id&quot;:1300,&quot;total&quot;:3,&quot;max_page&quot;:1,&quot;page&quot;:1,&quot;images&quot;:[{&quot;pid&quot;:25006,&quot;imageURL&quot;:&quot;https:\\\/\\\/portalv1.com.br\\\/app\\\/wp-content\\\/gallery\\\/eletrobras\\\/dsc_0559.jpg?t=1704649546&quot;,&quot;thumbnailURL&quot;:&quot;https:\\\/\\\/portalv1.com.br\\\/app\\\/wp-content\\\/gallery\\\/eletrobras\\\/thumbs\\\/thumbs_dsc_0559.jpg?t=1704649546&quot;,&quot;description&quot;:&quot; &quot;,&quot;alttext&quot;:&quot;dsc_0559&quot;,&quot;style&quot;:&quot;&quot;},{&quot;pid&quot;:25007,&quot;imageURL&quot;:&quot;https:\\\/\\\/portalv1.com.br\\\/app\\\/wp-content\\\/gallery\\\/eletrobras\\\/dsc_0570.jpg?t=1704649552&quot;,&quot;thumbnailURL&quot;:&quot;https:\\\/\\\/portalv1.com.br\\\/app\\\/wp-content\\\/gallery\\\/eletrobras\\\/thumbs\\\/thumbs_dsc_0570.jpg?t=1704649552&quot;,&quot;description&quot;:&quot; &quot;,&quot;alttext&quot;:&quot;dsc_0570&quot;,&quot;style&quot;:&quot;&quot;},{&quot;pid&quot;:25008,&quot;imageURL&quot;:&quot;https:\\\/\\\/portalv1.com.br\\\/app\\\/wp-content\\\/gallery\\\/eletrobras\\\/dsc_0573.jpg?t=1704649557&quot;,&quot;thumbnailURL&quot;:&quot;https:\\\/\\\/portalv1.com.br\\\/app\\\/wp-content\\\/gallery\\\/eletrobras\\\/thumbs\\\/thumbs_dsc_0573.jpg?t=1704649557&quot;,&quot;description&quot;:&quot; &quot;,&quot;alttext&quot;:&quot;dsc_0573&quot;,&quot;style&quot;:&quot;&quot;}]}}'><\/div><\/strong>.<\/p>\n","protected":false},"excerpt":{"rendered":"<p>O diretor presidente da Eletrobr\u00e1s Marcos Aur\u00e9lio Madureira da Silva esteve nesta quinta-feira (03) visitando as obras de amplia\u00e7\u00e3o da\u00a0 subesta\u00e7\u00e3o de Valen\u00e7a, que tem capacidade de 69 kV, que&#8230;<\/p>\n","protected":false},"author":1,"featured_media":0,"comment_status":"open","ping_status":"open","sticky":false,"template":"","format":"standard","meta":{"ngg_post_thumbnail":0,"footnotes":""},"categories":[12],"tags":[],"class_list":["post-16826","post","type-post","status-publish","format-standard","hentry","category-valenca-news"],"views":693,"meta_data":{"thumb":"https:\/\/portalv1.com.br\/app\/wp-content\/uploads\/2013\/10\/eletrobras.jpg","data":{"simple":"04\/10\/2013","date_time":"04\/10\/2013 04:57:07","date":"h\u00e1 13 anos"},"chapeu":"Veja fotos ","source":"slide"},"_links":{"self":[{"href":"https:\/\/portalv1.com.br\/api\/wp\/v2\/posts\/16826","targetHints":{"allow":["GET"]}}],"collection":[{"href":"https:\/\/portalv1.com.br\/api\/wp\/v2\/posts"}],"about":[{"href":"https:\/\/portalv1.com.br\/api\/wp\/v2\/types\/post"}],"author":[{"embeddable":true,"href":"https:\/\/portalv1.com.br\/api\/wp\/v2\/users\/1"}],"replies":[{"embeddable":true,"href":"https:\/\/portalv1.com.br\/api\/wp\/v2\/comments?post=16826"}],"version-history":[{"count":0,"href":"https:\/\/portalv1.com.br\/api\/wp\/v2\/posts\/16826\/revisions"}],"wp:attachment":[{"href":"https:\/\/portalv1.com.br\/api\/wp\/v2\/media?parent=16826"}],"wp:term":[{"taxonomy":"category","embeddable":true,"href":"https:\/\/portalv1.com.br\/api\/wp\/v2\/categories?post=16826"},{"taxonomy":"post_tag","embeddable":true,"href":"https:\/\/portalv1.com.br\/api\/wp\/v2\/tags?post=16826"}],"curies":[{"name":"wp","href":"https:\/\/api.w.org\/{rel}","templated":true}]}}