{"id":16834,"date":"2013-10-06T22:38:54","date_gmt":"2013-10-07T01:38:54","guid":{"rendered":"https:\/\/portalv1.com.br\/?p=16834"},"modified":"2013-10-06T22:41:38","modified_gmt":"2013-10-07T01:41:38","slug":"cpi-da-telefonia-estara-em-valenca-na-proxima-quinta-feira","status":"publish","type":"post","link":"https:\/\/portalv1.com.br\/cpi-da-telefonia-estara-em-valenca-na-proxima-quinta-feira\/","title":{"rendered":"CPI da telefonia estar\u00e1 em Valen\u00e7a na pr\u00f3xima quinta-feira"},"content":{"rendered":"<figure id=\"attachment_7475\" aria-describedby=\"caption-attachment-7475\" style=\"width: 300px\" class=\"wp-caption alignright\"><a href=\"https:\/\/portalv1.com.br\/app\/wp-content\/uploads\/2011\/02\/audi\u00f3rio-do-colegio-Santo-Antonio.jpg\"><img loading=\"lazy\" decoding=\"async\" class=\"size-full wp-image-7475\" alt=\"Foto de arquivo do colegio Santo Antonio \" src=\"https:\/\/portalv1.com.br\/app\/wp-content\/uploads\/2011\/02\/audi\u00f3rio-do-colegio-Santo-Antonio.jpg\" width=\"300\" height=\"183\" \/><\/a><figcaption id=\"caption-attachment-7475\" class=\"wp-caption-text\">Foto de arquivo do colegio Santo Antonio<\/figcaption><\/figure>\n<p>A cidade de Valen\u00e7a ir\u00e1 receber na pr\u00f3xima quinta-feira, dia 10 de outubro, a Comiss\u00e3o Parlamentar de Inqu\u00e9rito, que apura as irregularidades na telefonia do estado. A audi\u00eancia publica ir\u00e1 reunir na mesma mesa deputados estaduais, Minist\u00e9rio Publico, vereadores, Ordem dos Advogados do Brasil, Sec\u00e7\u00e3o do Piau\u00ed. Tribunal de Justi\u00e7a, entre outros \u00f3rg\u00e3os. A audi\u00eancia est\u00e1 marcada para as 16h no Audit\u00f3rio Padre Raimundo Marques, no Col\u00e9gio Santo Antonio. Antes as 09h a comiss\u00e3o estar\u00e1 visitando a cidade de \u00c1gua Branca.<\/p>\n","protected":false},"excerpt":{"rendered":"<p>A cidade de Valen\u00e7a ir\u00e1 receber na pr\u00f3xima quinta-feira, dia 10 de outubro, a Comiss\u00e3o Parlamentar de Inqu\u00e9rito, que apura as irregularidades na telefonia do estado. A audi\u00eancia publica ir\u00e1&#8230;<\/p>\n","protected":false},"author":1,"featured_media":0,"comment_status":"open","ping_status":"open","sticky":false,"template":"","format":"standard","meta":{"ngg_post_thumbnail":0,"footnotes":""},"categories":[12],"tags":[],"class_list":["post-16834","post","type-post","status-publish","format-standard","hentry","category-valenca-news"],"views":298,"meta_data":{"thumb":"https:\/\/portalv1.com.br\/app\/wp-content\/uploads\/2011\/02\/audi\u00f3rio-do-colegio-Santo-Antonio.jpg","data":{"simple":"06\/10\/2013","date_time":"06\/10\/2013 19:38:54","date":"h\u00e1 13 anos"},"chapeu":"CPI","source":"slide"},"_links":{"self":[{"href":"https:\/\/portalv1.com.br\/api\/wp\/v2\/posts\/16834","targetHints":{"allow":["GET"]}}],"collection":[{"href":"https:\/\/portalv1.com.br\/api\/wp\/v2\/posts"}],"about":[{"href":"https:\/\/portalv1.com.br\/api\/wp\/v2\/types\/post"}],"author":[{"embeddable":true,"href":"https:\/\/portalv1.com.br\/api\/wp\/v2\/users\/1"}],"replies":[{"embeddable":true,"href":"https:\/\/portalv1.com.br\/api\/wp\/v2\/comments?post=16834"}],"version-history":[{"count":0,"href":"https:\/\/portalv1.com.br\/api\/wp\/v2\/posts\/16834\/revisions"}],"wp:attachment":[{"href":"https:\/\/portalv1.com.br\/api\/wp\/v2\/media?parent=16834"}],"wp:term":[{"taxonomy":"category","embeddable":true,"href":"https:\/\/portalv1.com.br\/api\/wp\/v2\/categories?post=16834"},{"taxonomy":"post_tag","embeddable":true,"href":"https:\/\/portalv1.com.br\/api\/wp\/v2\/tags?post=16834"}],"curies":[{"name":"wp","href":"https:\/\/api.w.org\/{rel}","templated":true}]}}