{"id":16852,"date":"2013-10-09T09:29:49","date_gmt":"2013-10-09T12:29:49","guid":{"rendered":"https:\/\/portalv1.com.br\/?p=16852"},"modified":"2013-10-10T06:57:44","modified_gmt":"2013-10-10T09:57:44","slug":"margarete-coelho-participada-de-audiencia-em-valenca-nesta-quinta","status":"publish","type":"post","link":"https:\/\/portalv1.com.br\/margarete-coelho-participada-de-audiencia-em-valenca-nesta-quinta\/","title":{"rendered":"Margarete Coelho participa de audi\u00eancia em Valen\u00e7a nesta quinta"},"content":{"rendered":"<figure id=\"attachment_13930\" aria-describedby=\"caption-attachment-13930\" style=\"width: 300px\" class=\"wp-caption alignright\"><a href=\"https:\/\/portalv1.com.br\/app\/wp-content\/uploads\/2012\/10\/margarete.jpg\"><img loading=\"lazy\" decoding=\"async\" class=\" wp-image-13930 \" alt=\"deputada estadual Margarete Coelho\" src=\"https:\/\/portalv1.com.br\/app\/wp-content\/uploads\/2012\/10\/margarete.jpg\" width=\"300\" height=\"225\" \/><\/a><figcaption id=\"caption-attachment-13930\" class=\"wp-caption-text\">deputada estadual Margarete Coelho<\/figcaption><\/figure>\n<p>A deputada estadual Margarete Coelho estar\u00e1 em Valen\u00e7a nesta quinta-feira, 10 de outubro participando da audi\u00eancia da Comiss\u00e3o Parlamentar de Inqu\u00e9rito (CPI) que apura irregularidades nos servi\u00e7os moveis de telefonia no Piau\u00ed. A comiss\u00e3o presidida pelo deputado C\u00edcero Magalh\u00e3es visitar\u00e1 20 cidades piauienses para discutir com entidades e a popula\u00e7\u00e3o local os problemas da telefonia m\u00f3vel.<\/p>\n<p>Na mesa de discuss\u00e3o associa\u00e7\u00f5es, sindicatos, Ordem dos Advogados do Brasil, Minist\u00e9rio Publico, vereadores, entre outras. A deputada Margarete Coelho disse que \u00e9 importante a participa\u00e7\u00e3o da sociedade para enriquecer mais ainda as denuncias contra a telefonia m\u00f3vel que vem causando in\u00fameros preju\u00edzos. A audi\u00eancia aberta a todos est\u00e1 marcada para as 16h no audit\u00f3rio do Col\u00e9gio Santo Antonio.<\/p>\n","protected":false},"excerpt":{"rendered":"<p>A deputada estadual Margarete Coelho estar\u00e1 em Valen\u00e7a nesta quinta-feira, 10 de outubro participando da audi\u00eancia da Comiss\u00e3o Parlamentar de Inqu\u00e9rito (CPI) que apura irregularidades nos servi\u00e7os moveis de telefonia&#8230;<\/p>\n","protected":false},"author":1,"featured_media":0,"comment_status":"open","ping_status":"open","sticky":false,"template":"","format":"standard","meta":{"ngg_post_thumbnail":0,"footnotes":""},"categories":[12],"tags":[],"class_list":["post-16852","post","type-post","status-publish","format-standard","hentry","category-valenca-news"],"views":423,"meta_data":{"thumb":"https:\/\/portalv1.com.br\/app\/wp-content\/uploads\/2012\/10\/margarete.jpg","data":{"simple":"09\/10\/2013","date_time":"09\/10\/2013 06:29:49","date":"h\u00e1 13 anos"},"chapeu":"CPI da Telefonia","source":"m_destacada"},"_links":{"self":[{"href":"https:\/\/portalv1.com.br\/api\/wp\/v2\/posts\/16852","targetHints":{"allow":["GET"]}}],"collection":[{"href":"https:\/\/portalv1.com.br\/api\/wp\/v2\/posts"}],"about":[{"href":"https:\/\/portalv1.com.br\/api\/wp\/v2\/types\/post"}],"author":[{"embeddable":true,"href":"https:\/\/portalv1.com.br\/api\/wp\/v2\/users\/1"}],"replies":[{"embeddable":true,"href":"https:\/\/portalv1.com.br\/api\/wp\/v2\/comments?post=16852"}],"version-history":[{"count":0,"href":"https:\/\/portalv1.com.br\/api\/wp\/v2\/posts\/16852\/revisions"}],"wp:attachment":[{"href":"https:\/\/portalv1.com.br\/api\/wp\/v2\/media?parent=16852"}],"wp:term":[{"taxonomy":"category","embeddable":true,"href":"https:\/\/portalv1.com.br\/api\/wp\/v2\/categories?post=16852"},{"taxonomy":"post_tag","embeddable":true,"href":"https:\/\/portalv1.com.br\/api\/wp\/v2\/tags?post=16852"}],"curies":[{"name":"wp","href":"https:\/\/api.w.org\/{rel}","templated":true}]}}