{"id":16862,"date":"2013-10-11T07:40:13","date_gmt":"2013-10-11T10:40:13","guid":{"rendered":"https:\/\/portalv1.com.br\/?p=16862"},"modified":"2013-10-12T20:48:46","modified_gmt":"2013-10-12T23:48:46","slug":"cpi-da-telefonia-ouve-reclamacoes-dos-consumidores-valencianos-fotos","status":"publish","type":"post","link":"https:\/\/portalv1.com.br\/cpi-da-telefonia-ouve-reclamacoes-dos-consumidores-valencianos-fotos\/","title":{"rendered":"CPI da telefonia ouve reclama\u00e7\u00f5es dos consumidores valencianos. Fotos"},"content":{"rendered":"<figure id=\"attachment_16863\" aria-describedby=\"caption-attachment-16863\" style=\"width: 300px\" class=\"wp-caption alignright\"><a href=\"https:\/\/portalv1.com.br\/app\/wp-content\/uploads\/2013\/10\/edilsa1.jpg\"><img loading=\"lazy\" decoding=\"async\" class=\"size-full wp-image-16863\" alt=\" A audi\u00eancia foi positiva na opini\u00e3o dos parlamentares e do publico  \" src=\"https:\/\/portalv1.com.br\/app\/wp-content\/uploads\/2013\/10\/edilsa1.jpg\" width=\"300\" height=\"200\" \/><\/a><figcaption id=\"caption-attachment-16863\" class=\"wp-caption-text\"><br \/>A audi\u00eancia foi positiva na opini\u00e3o dos parlamentares e do publico<\/figcaption><\/figure>\n<p>A Assembl\u00e9ia Legislativa do Piau\u00ed realizou na tarde desta quinta-feira (10) no audit\u00f3rio do Col\u00e9gio Santo Antonio em Valen\u00e7a, audi\u00eancia da Comiss\u00e3o Parlamentar de Inqu\u00e9rito (CPI) para ouvir da popula\u00e7\u00e3o as reclama\u00e7\u00f5es sobre os servi\u00e7os das duas empresas (Tim, Claro) de telefonias, que operam em Valen\u00e7a. A audi\u00eancia contou com a presen\u00e7a dos deputados C\u00edcero Magalh\u00e3es presidente da CPI, Margarete Coelho relatora, Flavio Nogueira Filho e Francisco Ramos, al\u00e9m dos vereadores Benoni Sousa, Lucivaldo Monteiro e Edilsa do Vale e do secret\u00e1rio de governo Nonato Lima.<\/p>\n<p>O presidente C\u00edcero Magalh\u00e3es iniciou a audi\u00eancia informando sobre os objetivos da CPI, que \u00e9 ouvir a popula\u00e7\u00e3o que depende da qualidade da telefonia m\u00f3vel, fixa e da internet oferecida pelas operadoras. Afirmou que o objetivo final da CPI, que j\u00e1 foi instalada em 19 estados \u00e9 provocar a apresenta\u00e7\u00e3o de um novo marco regulat\u00f3rio da telefonia. A relatora Margarete Coelho conduziu os depoimentos do publico que reclamaram da falta de cobertura, congestionamento, atendimento, incremento de planos n\u00e3o contratados, diferen\u00e7a dos planos p\u00f3s e pr\u00e9-pagos etc.<\/p>\n<p>Entre as reclamantes estava as do senhor Nozinho, que levou a comiss\u00e3o tr\u00eas tal\u00f5es emitidos pela operadora OI no m\u00eas de setembro para um \u00fanico telefone. A deputada Margarete Coelho tamb\u00e9m falou da diferen\u00e7a dos pre\u00e7os entre pa\u00edses, enquanto que no Jap\u00e3o se cobra R$ 0,35 pelo pulso (3 minutos) no Brasil esse valor \u00e9 de R$ 0,75. A deputada considerou positiva a audi\u00eancia em Valen\u00e7a. \u201cEla atendeu todas as nossas expectativas que \u00e9 de ouvir a popula\u00e7\u00e3o sobre os servi\u00e7os das operadoras nas principais cidades vamos fazer um relat\u00f3rio sobre essas dificuldades narradas aqui em Valen\u00e7a e nas demais cidades\u201d afirmou.<\/p>\n<p>A vereadora Edilsa do Vale agradeceu a inclus\u00e3o de Valen\u00e7a no roteiro da comiss\u00e3o e afirmou que se o problema \u00e9 grave na cidade imagina na zona rural de Valen\u00e7a que s\u00f3 e poss\u00edvel ter acesso \u00e0 telefonia usando antena rural, mesmo assim com muita defici\u00eancia.<\/p>\n<p><strong><div class=\"ngg-galleryoverview\" data-widget=\"Galeria\" data-props='{&quot;galeria&quot;:{&quot;gallery_id&quot;:1312,&quot;total&quot;:19,&quot;max_page&quot;:1,&quot;page&quot;:1,&quot;images&quot;:[{&quot;pid&quot;:25122,&quot;imageURL&quot;:&quot;https:\\\/\\\/portalv1.com.br\\\/app\\\/wp-content\\\/gallery\\\/asembleiavalida\\\/dsc_0845.jpg&quot;,&quot;thumbnailURL&quot;:&quot;https:\\\/\\\/portalv1.com.br\\\/app\\\/wp-content\\\/gallery\\\/asembleiavalida\\\/thumbs\\\/thumbs_dsc_0845.jpg&quot;,&quot;description&quot;:&quot; &quot;,&quot;alttext&quot;:&quot;dsc_0845&quot;,&quot;style&quot;:&quot;&quot;},{&quot;pid&quot;:25123,&quot;imageURL&quot;:&quot;https:\\\/\\\/portalv1.com.br\\\/app\\\/wp-content\\\/gallery\\\/asembleiavalida\\\/dsc_0848.jpg&quot;,&quot;thumbnailURL&quot;:&quot;https:\\\/\\\/portalv1.com.br\\\/app\\\/wp-content\\\/gallery\\\/asembleiavalida\\\/thumbs\\\/thumbs_dsc_0848.jpg&quot;,&quot;description&quot;:&quot; &quot;,&quot;alttext&quot;:&quot;dsc_0848&quot;,&quot;style&quot;:&quot;&quot;},{&quot;pid&quot;:25124,&quot;imageURL&quot;:&quot;https:\\\/\\\/portalv1.com.br\\\/app\\\/wp-content\\\/gallery\\\/asembleiavalida\\\/dsc_0853.jpg&quot;,&quot;thumbnailURL&quot;:&quot;https:\\\/\\\/portalv1.com.br\\\/app\\\/wp-content\\\/gallery\\\/asembleiavalida\\\/thumbs\\\/thumbs_dsc_0853.jpg&quot;,&quot;description&quot;:&quot; &quot;,&quot;alttext&quot;:&quot;dsc_0853&quot;,&quot;style&quot;:&quot;&quot;},{&quot;pid&quot;:25125,&quot;imageURL&quot;:&quot;https:\\\/\\\/portalv1.com.br\\\/app\\\/wp-content\\\/gallery\\\/asembleiavalida\\\/dsc_0854.jpg&quot;,&quot;thumbnailURL&quot;:&quot;https:\\\/\\\/portalv1.com.br\\\/app\\\/wp-content\\\/gallery\\\/asembleiavalida\\\/thumbs\\\/thumbs_dsc_0854.jpg&quot;,&quot;description&quot;:&quot; &quot;,&quot;alttext&quot;:&quot;dsc_0854&quot;,&quot;style&quot;:&quot;&quot;},{&quot;pid&quot;:25126,&quot;imageURL&quot;:&quot;https:\\\/\\\/portalv1.com.br\\\/app\\\/wp-content\\\/gallery\\\/asembleiavalida\\\/dsc_0864.jpg&quot;,&quot;thumbnailURL&quot;:&quot;https:\\\/\\\/portalv1.com.br\\\/app\\\/wp-content\\\/gallery\\\/asembleiavalida\\\/thumbs\\\/thumbs_dsc_0864.jpg&quot;,&quot;description&quot;:&quot; &quot;,&quot;alttext&quot;:&quot;dsc_0864&quot;,&quot;style&quot;:&quot;&quot;},{&quot;pid&quot;:25127,&quot;imageURL&quot;:&quot;https:\\\/\\\/portalv1.com.br\\\/app\\\/wp-content\\\/gallery\\\/asembleiavalida\\\/dsc_0869.jpg&quot;,&quot;thumbnailURL&quot;:&quot;https:\\\/\\\/portalv1.com.br\\\/app\\\/wp-content\\\/gallery\\\/asembleiavalida\\\/thumbs\\\/thumbs_dsc_0869.jpg&quot;,&quot;description&quot;:&quot; &quot;,&quot;alttext&quot;:&quot;dsc_0869&quot;,&quot;style&quot;:&quot;&quot;},{&quot;pid&quot;:25128,&quot;imageURL&quot;:&quot;https:\\\/\\\/portalv1.com.br\\\/app\\\/wp-content\\\/gallery\\\/asembleiavalida\\\/dsc_0874.jpg&quot;,&quot;thumbnailURL&quot;:&quot;https:\\\/\\\/portalv1.com.br\\\/app\\\/wp-content\\\/gallery\\\/asembleiavalida\\\/thumbs\\\/thumbs_dsc_0874.jpg&quot;,&quot;description&quot;:&quot; &quot;,&quot;alttext&quot;:&quot;dsc_0874&quot;,&quot;style&quot;:&quot;&quot;},{&quot;pid&quot;:25129,&quot;imageURL&quot;:&quot;https:\\\/\\\/portalv1.com.br\\\/app\\\/wp-content\\\/gallery\\\/asembleiavalida\\\/dsc_0879.jpg&quot;,&quot;thumbnailURL&quot;:&quot;https:\\\/\\\/portalv1.com.br\\\/app\\\/wp-content\\\/gallery\\\/asembleiavalida\\\/thumbs\\\/thumbs_dsc_0879.jpg&quot;,&quot;description&quot;:&quot; &quot;,&quot;alttext&quot;:&quot;dsc_0879&quot;,&quot;style&quot;:&quot;&quot;},{&quot;pid&quot;:25130,&quot;imageURL&quot;:&quot;https:\\\/\\\/portalv1.com.br\\\/app\\\/wp-content\\\/gallery\\\/asembleiavalida\\\/dsc_0882.jpg&quot;,&quot;thumbnailURL&quot;:&quot;https:\\\/\\\/portalv1.com.br\\\/app\\\/wp-content\\\/gallery\\\/asembleiavalida\\\/thumbs\\\/thumbs_dsc_0882.jpg&quot;,&quot;description&quot;:&quot; &quot;,&quot;alttext&quot;:&quot;dsc_0882&quot;,&quot;style&quot;:&quot;&quot;},{&quot;pid&quot;:25131,&quot;imageURL&quot;:&quot;https:\\\/\\\/portalv1.com.br\\\/app\\\/wp-content\\\/gallery\\\/asembleiavalida\\\/dsc_0887.jpg&quot;,&quot;thumbnailURL&quot;:&quot;https:\\\/\\\/portalv1.com.br\\\/app\\\/wp-content\\\/gallery\\\/asembleiavalida\\\/thumbs\\\/thumbs_dsc_0887.jpg&quot;,&quot;description&quot;:&quot; &quot;,&quot;alttext&quot;:&quot;dsc_0887&quot;,&quot;style&quot;:&quot;&quot;},{&quot;pid&quot;:25132,&quot;imageURL&quot;:&quot;https:\\\/\\\/portalv1.com.br\\\/app\\\/wp-content\\\/gallery\\\/asembleiavalida\\\/dsc_0891.jpg&quot;,&quot;thumbnailURL&quot;:&quot;https:\\\/\\\/portalv1.com.br\\\/app\\\/wp-content\\\/gallery\\\/asembleiavalida\\\/thumbs\\\/thumbs_dsc_0891.jpg&quot;,&quot;description&quot;:&quot; &quot;,&quot;alttext&quot;:&quot;dsc_0891&quot;,&quot;style&quot;:&quot;&quot;},{&quot;pid&quot;:25133,&quot;imageURL&quot;:&quot;https:\\\/\\\/portalv1.com.br\\\/app\\\/wp-content\\\/gallery\\\/asembleiavalida\\\/dsc_0902.jpg&quot;,&quot;thumbnailURL&quot;:&quot;https:\\\/\\\/portalv1.com.br\\\/app\\\/wp-content\\\/gallery\\\/asembleiavalida\\\/thumbs\\\/thumbs_dsc_0902.jpg&quot;,&quot;description&quot;:&quot; &quot;,&quot;alttext&quot;:&quot;dsc_0902&quot;,&quot;style&quot;:&quot;&quot;},{&quot;pid&quot;:25134,&quot;imageURL&quot;:&quot;https:\\\/\\\/portalv1.com.br\\\/app\\\/wp-content\\\/gallery\\\/asembleiavalida\\\/dsc_0906.jpg&quot;,&quot;thumbnailURL&quot;:&quot;https:\\\/\\\/portalv1.com.br\\\/app\\\/wp-content\\\/gallery\\\/asembleiavalida\\\/thumbs\\\/thumbs_dsc_0906.jpg&quot;,&quot;description&quot;:&quot; &quot;,&quot;alttext&quot;:&quot;dsc_0906&quot;,&quot;style&quot;:&quot;&quot;},{&quot;pid&quot;:25135,&quot;imageURL&quot;:&quot;https:\\\/\\\/portalv1.com.br\\\/app\\\/wp-content\\\/gallery\\\/asembleiavalida\\\/dsc_0910.jpg&quot;,&quot;thumbnailURL&quot;:&quot;https:\\\/\\\/portalv1.com.br\\\/app\\\/wp-content\\\/gallery\\\/asembleiavalida\\\/thumbs\\\/thumbs_dsc_0910.jpg&quot;,&quot;description&quot;:&quot; &quot;,&quot;alttext&quot;:&quot;dsc_0910&quot;,&quot;style&quot;:&quot;&quot;},{&quot;pid&quot;:25136,&quot;imageURL&quot;:&quot;https:\\\/\\\/portalv1.com.br\\\/app\\\/wp-content\\\/gallery\\\/asembleiavalida\\\/dsc_0921.jpg&quot;,&quot;thumbnailURL&quot;:&quot;https:\\\/\\\/portalv1.com.br\\\/app\\\/wp-content\\\/gallery\\\/asembleiavalida\\\/thumbs\\\/thumbs_dsc_0921.jpg&quot;,&quot;description&quot;:&quot; &quot;,&quot;alttext&quot;:&quot;dsc_0921&quot;,&quot;style&quot;:&quot;&quot;},{&quot;pid&quot;:25137,&quot;imageURL&quot;:&quot;https:\\\/\\\/portalv1.com.br\\\/app\\\/wp-content\\\/gallery\\\/asembleiavalida\\\/img_8645.jpg&quot;,&quot;thumbnailURL&quot;:&quot;https:\\\/\\\/portalv1.com.br\\\/app\\\/wp-content\\\/gallery\\\/asembleiavalida\\\/thumbs\\\/thumbs_img_8645.jpg&quot;,&quot;description&quot;:&quot; &quot;,&quot;alttext&quot;:&quot;img_8645&quot;,&quot;style&quot;:&quot;&quot;},{&quot;pid&quot;:25138,&quot;imageURL&quot;:&quot;https:\\\/\\\/portalv1.com.br\\\/app\\\/wp-content\\\/gallery\\\/asembleiavalida\\\/img_8647.jpg&quot;,&quot;thumbnailURL&quot;:&quot;https:\\\/\\\/portalv1.com.br\\\/app\\\/wp-content\\\/gallery\\\/asembleiavalida\\\/thumbs\\\/thumbs_img_8647.jpg&quot;,&quot;description&quot;:&quot; &quot;,&quot;alttext&quot;:&quot;img_8647&quot;,&quot;style&quot;:&quot;&quot;},{&quot;pid&quot;:25139,&quot;imageURL&quot;:&quot;https:\\\/\\\/portalv1.com.br\\\/app\\\/wp-content\\\/gallery\\\/asembleiavalida\\\/img_8651.jpg&quot;,&quot;thumbnailURL&quot;:&quot;https:\\\/\\\/portalv1.com.br\\\/app\\\/wp-content\\\/gallery\\\/asembleiavalida\\\/thumbs\\\/thumbs_img_8651.jpg&quot;,&quot;description&quot;:&quot; &quot;,&quot;alttext&quot;:&quot;img_8651&quot;,&quot;style&quot;:&quot;&quot;},{&quot;pid&quot;:25140,&quot;imageURL&quot;:&quot;https:\\\/\\\/portalv1.com.br\\\/app\\\/wp-content\\\/gallery\\\/asembleiavalida\\\/img_8656.jpg&quot;,&quot;thumbnailURL&quot;:&quot;https:\\\/\\\/portalv1.com.br\\\/app\\\/wp-content\\\/gallery\\\/asembleiavalida\\\/thumbs\\\/thumbs_img_8656.jpg&quot;,&quot;description&quot;:&quot; &quot;,&quot;alttext&quot;:&quot;img_8656&quot;,&quot;style&quot;:&quot;&quot;}]}}'><\/div><\/strong>.<\/p>\n","protected":false},"excerpt":{"rendered":"<p>A Assembl\u00e9ia Legislativa do Piau\u00ed realizou na tarde desta quinta-feira (10) no audit\u00f3rio do Col\u00e9gio Santo Antonio em Valen\u00e7a, audi\u00eancia da Comiss\u00e3o Parlamentar de Inqu\u00e9rito (CPI) para ouvir da popula\u00e7\u00e3o&#8230;<\/p>\n","protected":false},"author":1,"featured_media":0,"comment_status":"open","ping_status":"open","sticky":false,"template":"","format":"standard","meta":{"ngg_post_thumbnail":0,"footnotes":""},"categories":[12],"tags":[],"class_list":["post-16862","post","type-post","status-publish","format-standard","hentry","category-valenca-news"],"views":398,"meta_data":{"thumb":"https:\/\/portalv1.com.br\/app\/wp-content\/uploads\/2013\/10\/edilsa1.jpg","data":{"simple":"11\/10\/2013","date_time":"11\/10\/2013 04:40:13","date":"h\u00e1 13 anos"},"chapeu":"No Santo Antonio","source":"retirar"},"_links":{"self":[{"href":"https:\/\/portalv1.com.br\/api\/wp\/v2\/posts\/16862","targetHints":{"allow":["GET"]}}],"collection":[{"href":"https:\/\/portalv1.com.br\/api\/wp\/v2\/posts"}],"about":[{"href":"https:\/\/portalv1.com.br\/api\/wp\/v2\/types\/post"}],"author":[{"embeddable":true,"href":"https:\/\/portalv1.com.br\/api\/wp\/v2\/users\/1"}],"replies":[{"embeddable":true,"href":"https:\/\/portalv1.com.br\/api\/wp\/v2\/comments?post=16862"}],"version-history":[{"count":0,"href":"https:\/\/portalv1.com.br\/api\/wp\/v2\/posts\/16862\/revisions"}],"wp:attachment":[{"href":"https:\/\/portalv1.com.br\/api\/wp\/v2\/media?parent=16862"}],"wp:term":[{"taxonomy":"category","embeddable":true,"href":"https:\/\/portalv1.com.br\/api\/wp\/v2\/categories?post=16862"},{"taxonomy":"post_tag","embeddable":true,"href":"https:\/\/portalv1.com.br\/api\/wp\/v2\/tags?post=16862"}],"curies":[{"name":"wp","href":"https:\/\/api.w.org\/{rel}","templated":true}]}}