{"id":16889,"date":"2013-10-15T21:40:09","date_gmt":"2013-10-16T00:40:09","guid":{"rendered":"https:\/\/portalv1.com.br\/?p=16889"},"modified":"2013-10-15T21:40:09","modified_gmt":"2013-10-16T00:40:09","slug":"filho-e-preso-apos-ameacar-de-morte-a-propria-mae","status":"publish","type":"post","link":"https:\/\/portalv1.com.br\/filho-e-preso-apos-ameacar-de-morte-a-propria-mae\/","title":{"rendered":"Filho \u00e9 preso ap\u00f3s amea\u00e7ar de morte a pr\u00f3pria m\u00e3e"},"content":{"rendered":"<p><a href=\"https:\/\/portalv1.com.br\/app\/wp-content\/uploads\/2013\/10\/policia.jpg\"><img loading=\"lazy\" decoding=\"async\" class=\"alignright size-full wp-image-16890\" alt=\"policia\" src=\"https:\/\/portalv1.com.br\/app\/wp-content\/uploads\/2013\/10\/policia.jpg\" width=\"300\" height=\"217\" \/><\/a>Os policiais do 9\u00ba Batalh\u00e3o da Pol\u00edcia Militar (BPM) prenderam na tarde de ter\u00e7a-feira (15) o dependente qu\u00edmico Djavan acusado de tentar matar a pr\u00f3pria m\u00e3e na resid\u00eancia da fam\u00edlia na Vila Santo Afonso, na zona Norte de Teresina.<\/p>\n<p>O soldado Cleiton Matias, do 9\u00ba BPM, informou que a lavadeira Vilmar foi no Batalh\u00e3o para solicitar provid\u00eancias aos militares porque seu filho Djavan a amea\u00e7ou de morte porque n\u00e3o tem dinheiro suficiente para entregar a cada vez que exige para a compra de drogas.<\/p>\n<p>Vilmar estava com medo de que o filho a matasse como vinha amea\u00e7ando de forma violenta. O soldado Cleiton Matias informou que os policiais foram na casa de Vilmar e encontraram Djavan com duas espingardas e confessando que iria matar a m\u00e3e.<\/p>\n<p>&#8220;Djavan \u00e9 usu\u00e1rio de drogas e exige dinheiro da m\u00e3e todos os dias. Ela n\u00e3o tem esse dinheiro porque \u00e9 pobre e trabalha como lavadeira. Como n\u00e3o consegue o dinheiro, Djavan a amea\u00e7a de morte todos os dias&#8221;, declarou Cleiton Matias. Djavan foi levada pelos policiais do 9\u00ba BPM para a pris\u00e3o na Central de Flagrantes, onde foi indiciado por graves amea\u00e7as de morte.<\/p>\n","protected":false},"excerpt":{"rendered":"<p>Os policiais do 9\u00ba Batalh\u00e3o da Pol\u00edcia Militar (BPM) prenderam na tarde de ter\u00e7a-feira (15) o dependente qu\u00edmico Djavan acusado de tentar matar a pr\u00f3pria m\u00e3e na resid\u00eancia da fam\u00edlia&#8230;<\/p>\n","protected":false},"author":1,"featured_media":0,"comment_status":"open","ping_status":"open","sticky":false,"template":"","format":"standard","meta":{"ngg_post_thumbnail":0,"footnotes":""},"categories":[12],"tags":[],"class_list":["post-16889","post","type-post","status-publish","format-standard","hentry","category-valenca-news"],"views":419,"meta_data":{"thumb":"https:\/\/portalv1.com.br\/app\/wp-content\/uploads\/2013\/10\/policia.jpg","data":{"simple":"15\/10\/2013","date_time":"15\/10\/2013 18:40:09","date":"h\u00e1 13 anos"},"chapeu":"Policia","source":"m_destacada"},"_links":{"self":[{"href":"https:\/\/portalv1.com.br\/api\/wp\/v2\/posts\/16889","targetHints":{"allow":["GET"]}}],"collection":[{"href":"https:\/\/portalv1.com.br\/api\/wp\/v2\/posts"}],"about":[{"href":"https:\/\/portalv1.com.br\/api\/wp\/v2\/types\/post"}],"author":[{"embeddable":true,"href":"https:\/\/portalv1.com.br\/api\/wp\/v2\/users\/1"}],"replies":[{"embeddable":true,"href":"https:\/\/portalv1.com.br\/api\/wp\/v2\/comments?post=16889"}],"version-history":[{"count":0,"href":"https:\/\/portalv1.com.br\/api\/wp\/v2\/posts\/16889\/revisions"}],"wp:attachment":[{"href":"https:\/\/portalv1.com.br\/api\/wp\/v2\/media?parent=16889"}],"wp:term":[{"taxonomy":"category","embeddable":true,"href":"https:\/\/portalv1.com.br\/api\/wp\/v2\/categories?post=16889"},{"taxonomy":"post_tag","embeddable":true,"href":"https:\/\/portalv1.com.br\/api\/wp\/v2\/tags?post=16889"}],"curies":[{"name":"wp","href":"https:\/\/api.w.org\/{rel}","templated":true}]}}