{"id":16911,"date":"2013-10-17T23:38:16","date_gmt":"2013-10-18T02:38:16","guid":{"rendered":"https:\/\/portalv1.com.br\/?p=16911"},"modified":"2013-10-17T23:38:16","modified_gmt":"2013-10-18T02:38:16","slug":"lojas-geraldo-utilidades-leva-alegria-as-criancas-do-morada-nova","status":"publish","type":"post","link":"https:\/\/portalv1.com.br\/lojas-geraldo-utilidades-leva-alegria-as-criancas-do-morada-nova\/","title":{"rendered":"Lojas Geraldo Utilidades leva alegria as crian\u00e7as do Morada Nova"},"content":{"rendered":"<figure id=\"attachment_16912\" aria-describedby=\"caption-attachment-16912\" style=\"width: 300px\" class=\"wp-caption alignright\"><a href=\"https:\/\/portalv1.com.br\/app\/wp-content\/uploads\/2013\/10\/geraldo.jpg\"><img loading=\"lazy\" decoding=\"async\" class=\"size-full wp-image-16912\" alt=\"Jos\u00e9lia Ferreira escolheu o Bairro Morada Nova para a entrega dos 200 presentes \" src=\"https:\/\/portalv1.com.br\/app\/wp-content\/uploads\/2013\/10\/geraldo.jpg\" width=\"300\" height=\"225\" \/><\/a><figcaption id=\"caption-attachment-16912\" class=\"wp-caption-text\">Jos\u00e9lia Ferreira escolheu o Bairro Morada Nova para a entrega dos 200 presentes<\/figcaption><\/figure>\n<p>A m\u00e3e Jos\u00e9lia Ferreira e o filho Charles Filho foram os ganhadores da promo\u00e7\u00e3o do Dia das Crian\u00e7as das Lojas Geraldo Utilidades. A Promo\u00e7\u00e3o \u201cFelicidade \u00e9 Lembrar da Inf\u00e2ncia\u201d consistia na narrativa de um momento de travessura vivido pelos pais com os filhos. A melhor historia rendeu uma bicicleta para o menino no caso Charles Filho e a m\u00e3e Jos\u00e9lia Ferreira poderia escolher qualquer bairro da cidade para receber das Lojas Geraldo Utilidades 200 brinquedos.<\/p>\n<p>O bairro escolhido foi o Morada Nova cuja entrega alegrou a garotada que agradeceram as Lojas Geraldo Utilidades pela inova\u00e7\u00e3o da maneira de fazer promo\u00e7\u00f5es que terminou por alegrar no m\u00ednimo 402 pessoas, entre pais e filhos. Veja as fotos<\/p>\n<p><strong><div class=\"ngg-galleryoverview\" data-widget=\"Galeria\" data-props='{&quot;galeria&quot;:{&quot;gallery_id&quot;:1322,&quot;total&quot;:8,&quot;max_page&quot;:1,&quot;page&quot;:1,&quot;images&quot;:[{&quot;pid&quot;:25438,&quot;imageURL&quot;:&quot;https:\\\/\\\/portalv1.com.br\\\/app\\\/wp-content\\\/gallery\\\/geraldoc\\\/20131012_170012.jpg?t=1726629580&quot;,&quot;thumbnailURL&quot;:&quot;https:\\\/\\\/portalv1.com.br\\\/app\\\/wp-content\\\/gallery\\\/geraldoc\\\/thumbs\\\/thumbs_20131012_170012.jpg?t=1726629580&quot;,&quot;description&quot;:&quot; &quot;,&quot;alttext&quot;:&quot;20131012_170012&quot;,&quot;style&quot;:&quot;&quot;},{&quot;pid&quot;:25439,&quot;imageURL&quot;:&quot;https:\\\/\\\/portalv1.com.br\\\/app\\\/wp-content\\\/gallery\\\/geraldoc\\\/20131012_171049.jpg?t=1726629413&quot;,&quot;thumbnailURL&quot;:&quot;https:\\\/\\\/portalv1.com.br\\\/app\\\/wp-content\\\/gallery\\\/geraldoc\\\/thumbs\\\/thumbs_20131012_171049.jpg?t=1726629413&quot;,&quot;description&quot;:&quot; &quot;,&quot;alttext&quot;:&quot;20131012_171049&quot;,&quot;style&quot;:&quot;&quot;},{&quot;pid&quot;:25440,&quot;imageURL&quot;:&quot;https:\\\/\\\/portalv1.com.br\\\/app\\\/wp-content\\\/gallery\\\/geraldoc\\\/20131013_145947.jpg?t=1726629512&quot;,&quot;thumbnailURL&quot;:&quot;https:\\\/\\\/portalv1.com.br\\\/app\\\/wp-content\\\/gallery\\\/geraldoc\\\/thumbs\\\/thumbs_20131013_145947.jpg?t=1726629512&quot;,&quot;description&quot;:&quot; &quot;,&quot;alttext&quot;:&quot;20131013_145947&quot;,&quot;style&quot;:&quot;&quot;},{&quot;pid&quot;:25441,&quot;imageURL&quot;:&quot;https:\\\/\\\/portalv1.com.br\\\/app\\\/wp-content\\\/gallery\\\/geraldoc\\\/20131013_150005.jpg?t=1726629541&quot;,&quot;thumbnailURL&quot;:&quot;https:\\\/\\\/portalv1.com.br\\\/app\\\/wp-content\\\/gallery\\\/geraldoc\\\/thumbs\\\/thumbs_20131013_150005.jpg?t=1726629541&quot;,&quot;description&quot;:&quot; &quot;,&quot;alttext&quot;:&quot;20131013_150005&quot;,&quot;style&quot;:&quot;&quot;},{&quot;pid&quot;:25442,&quot;imageURL&quot;:&quot;https:\\\/\\\/portalv1.com.br\\\/app\\\/wp-content\\\/gallery\\\/geraldoc\\\/20131013_150211.jpg?t=1726629493&quot;,&quot;thumbnailURL&quot;:&quot;https:\\\/\\\/portalv1.com.br\\\/app\\\/wp-content\\\/gallery\\\/geraldoc\\\/thumbs\\\/thumbs_20131013_150211.jpg?t=1726629493&quot;,&quot;description&quot;:&quot; &quot;,&quot;alttext&quot;:&quot;20131013_150211&quot;,&quot;style&quot;:&quot;&quot;},{&quot;pid&quot;:25443,&quot;imageURL&quot;:&quot;https:\\\/\\\/portalv1.com.br\\\/app\\\/wp-content\\\/gallery\\\/geraldoc\\\/20131013_150344.jpg?t=1726629404&quot;,&quot;thumbnailURL&quot;:&quot;https:\\\/\\\/portalv1.com.br\\\/app\\\/wp-content\\\/gallery\\\/geraldoc\\\/thumbs\\\/thumbs_20131013_150344.jpg?t=1726629404&quot;,&quot;description&quot;:&quot; &quot;,&quot;alttext&quot;:&quot;20131013_150344&quot;,&quot;style&quot;:&quot;&quot;},{&quot;pid&quot;:25444,&quot;imageURL&quot;:&quot;https:\\\/\\\/portalv1.com.br\\\/app\\\/wp-content\\\/gallery\\\/geraldoc\\\/20131013_151829.jpg?t=1726629532&quot;,&quot;thumbnailURL&quot;:&quot;https:\\\/\\\/portalv1.com.br\\\/app\\\/wp-content\\\/gallery\\\/geraldoc\\\/thumbs\\\/thumbs_20131013_151829.jpg?t=1726629532&quot;,&quot;description&quot;:&quot; &quot;,&quot;alttext&quot;:&quot;20131013_151829&quot;,&quot;style&quot;:&quot;&quot;},{&quot;pid&quot;:25445,&quot;imageURL&quot;:&quot;https:\\\/\\\/portalv1.com.br\\\/app\\\/wp-content\\\/gallery\\\/geraldoc\\\/20131013_152001.jpg?t=1726629669&quot;,&quot;thumbnailURL&quot;:&quot;https:\\\/\\\/portalv1.com.br\\\/app\\\/wp-content\\\/gallery\\\/geraldoc\\\/thumbs\\\/thumbs_20131013_152001.jpg?t=1726629669&quot;,&quot;description&quot;:&quot; &quot;,&quot;alttext&quot;:&quot;20131013_152001&quot;,&quot;style&quot;:&quot;&quot;}]}}'><\/div><\/strong>.<\/p>\n","protected":false},"excerpt":{"rendered":"<p>A m\u00e3e Jos\u00e9lia Ferreira e o filho Charles Filho foram os ganhadores da promo\u00e7\u00e3o do Dia das Crian\u00e7as das Lojas Geraldo Utilidades. A Promo\u00e7\u00e3o \u201cFelicidade \u00e9 Lembrar da Inf\u00e2ncia\u201d consistia&#8230;<\/p>\n","protected":false},"author":1,"featured_media":0,"comment_status":"open","ping_status":"open","sticky":false,"template":"","format":"standard","meta":{"ngg_post_thumbnail":0,"footnotes":""},"categories":[12],"tags":[],"class_list":["post-16911","post","type-post","status-publish","format-standard","hentry","category-valenca-news"],"views":672,"meta_data":{"thumb":"https:\/\/portalv1.com.br\/app\/wp-content\/uploads\/2013\/10\/geraldo.jpg","data":{"simple":"17\/10\/2013","date_time":"17\/10\/2013 20:38:16","date":"h\u00e1 13 anos"},"chapeu":"Veja fotos","source":"slide"},"_links":{"self":[{"href":"https:\/\/portalv1.com.br\/api\/wp\/v2\/posts\/16911","targetHints":{"allow":["GET"]}}],"collection":[{"href":"https:\/\/portalv1.com.br\/api\/wp\/v2\/posts"}],"about":[{"href":"https:\/\/portalv1.com.br\/api\/wp\/v2\/types\/post"}],"author":[{"embeddable":true,"href":"https:\/\/portalv1.com.br\/api\/wp\/v2\/users\/1"}],"replies":[{"embeddable":true,"href":"https:\/\/portalv1.com.br\/api\/wp\/v2\/comments?post=16911"}],"version-history":[{"count":0,"href":"https:\/\/portalv1.com.br\/api\/wp\/v2\/posts\/16911\/revisions"}],"wp:attachment":[{"href":"https:\/\/portalv1.com.br\/api\/wp\/v2\/media?parent=16911"}],"wp:term":[{"taxonomy":"category","embeddable":true,"href":"https:\/\/portalv1.com.br\/api\/wp\/v2\/categories?post=16911"},{"taxonomy":"post_tag","embeddable":true,"href":"https:\/\/portalv1.com.br\/api\/wp\/v2\/tags?post=16911"}],"curies":[{"name":"wp","href":"https:\/\/api.w.org\/{rel}","templated":true}]}}