{"id":16913,"date":"2013-10-18T06:41:24","date_gmt":"2013-10-18T09:41:24","guid":{"rendered":"https:\/\/portalv1.com.br\/?p=16913"},"modified":"2013-10-22T23:47:26","modified_gmt":"2013-10-23T02:47:26","slug":"comecou-a-venda-de-ingressos-para-o-show-de-bruno-e-marrone","status":"publish","type":"post","link":"https:\/\/portalv1.com.br\/comecou-a-venda-de-ingressos-para-o-show-de-bruno-e-marrone\/","title":{"rendered":"Come\u00e7ou a venda de ingressos para o show de Bruno e Marrone"},"content":{"rendered":"<figure id=\"attachment_16914\" aria-describedby=\"caption-attachment-16914\" style=\"width: 300px\" class=\"wp-caption alignright\"><a href=\"https:\/\/portalv1.com.br\/app\/wp-content\/uploads\/2013\/10\/bruno.jpg\"><img loading=\"lazy\" decoding=\"async\" class=\"size-full wp-image-16914\" alt=\"Seja o primeiro a garantir a sua entrada para a maior e melhor festa de dezembro em Valen\u00e7a \" src=\"https:\/\/portalv1.com.br\/app\/wp-content\/uploads\/2013\/10\/bruno.jpg\" width=\"300\" height=\"225\" \/><\/a><figcaption id=\"caption-attachment-16914\" class=\"wp-caption-text\">Seja o primeiro a garantir a sua entrada para a maior e melhor festa de dezembro em Valen\u00e7a<\/figcaption><\/figure>\n<p>Come\u00e7ou nesta sexta-feira (18), a venda dos ingressos para a maior festa do final de ano em Valen\u00e7a. O Pimpim Folia, que trar\u00e1 a Valen\u00e7a pela primeira vez a dupla Bruno e Marrone. A 11\u00aa Edi\u00e7\u00e3o do Pimpim Folia ser\u00e1 dia 21 de dezembro no est\u00e1dio Gaud\u00eancio Veloso. A festa come\u00e7ar\u00e1 \u00e0s 20h e s\u00f3 terminar\u00e1 12 horas depois com as apresenta\u00e7\u00f5es de Bruno e Marrone, Forr\u00f3 Xenhenhen, Leo Cachorr\u00e3o Forr\u00f3 do Mexido e Forr\u00f3 Fil\u00e9.<\/p>\n<p>Na semana passada, os 20 camarotes empresariais reservados para a festa foram vendidos e nesta sexta-feira (18) come\u00e7am a venda do primeiro lote de ingressos com pre\u00e7os promocionais de R$ 30 e 60 reais, que j\u00e1 podem ser adquiridos no Bar do Pimpim, Bar do Pescador, Comercial Elison no Vale-verde, Auto Pe\u00e7as o Gamb\u00e1, Trailer do Valdinar no Xer\u00e9m, Deuzuite Moda Intima e no Novo Horizonte no Mercadinho Bom Pre\u00e7o (D\u00f4da).<\/p>\n<p>Os ingressos Vips ser\u00e3o vendidos em breve. A expectativa da organiza\u00e7\u00e3o \u00e9 que o show bata todos os recordes de publico, vista o desejo do publico em ter em pleno festejo da cidade um show top de uma das mais badaladas duplas sertanejas do pa\u00eds.<\/p>\n","protected":false},"excerpt":{"rendered":"<p>Come\u00e7ou nesta sexta-feira (18), a venda dos ingressos para a maior festa do final de ano em Valen\u00e7a. O Pimpim Folia, que trar\u00e1 a Valen\u00e7a pela primeira vez a dupla&#8230;<\/p>\n","protected":false},"author":1,"featured_media":0,"comment_status":"open","ping_status":"open","sticky":false,"template":"","format":"standard","meta":{"ngg_post_thumbnail":0,"footnotes":""},"categories":[245],"tags":[],"class_list":["post-16913","post","type-post","status-publish","format-standard","hentry","category-entretenimento"],"views":1841,"meta_data":{"thumb":"https:\/\/portalv1.com.br\/app\/wp-content\/uploads\/2013\/10\/bruno.jpg","data":{"simple":"18\/10\/2013","date_time":"18\/10\/2013 03:41:24","date":"h\u00e1 13 anos"},"chapeu":"","source":"retirar"},"_links":{"self":[{"href":"https:\/\/portalv1.com.br\/api\/wp\/v2\/posts\/16913","targetHints":{"allow":["GET"]}}],"collection":[{"href":"https:\/\/portalv1.com.br\/api\/wp\/v2\/posts"}],"about":[{"href":"https:\/\/portalv1.com.br\/api\/wp\/v2\/types\/post"}],"author":[{"embeddable":true,"href":"https:\/\/portalv1.com.br\/api\/wp\/v2\/users\/1"}],"replies":[{"embeddable":true,"href":"https:\/\/portalv1.com.br\/api\/wp\/v2\/comments?post=16913"}],"version-history":[{"count":0,"href":"https:\/\/portalv1.com.br\/api\/wp\/v2\/posts\/16913\/revisions"}],"wp:attachment":[{"href":"https:\/\/portalv1.com.br\/api\/wp\/v2\/media?parent=16913"}],"wp:term":[{"taxonomy":"category","embeddable":true,"href":"https:\/\/portalv1.com.br\/api\/wp\/v2\/categories?post=16913"},{"taxonomy":"post_tag","embeddable":true,"href":"https:\/\/portalv1.com.br\/api\/wp\/v2\/tags?post=16913"}],"curies":[{"name":"wp","href":"https:\/\/api.w.org\/{rel}","templated":true}]}}