{"id":16924,"date":"2013-10-20T04:42:23","date_gmt":"2013-10-20T07:42:23","guid":{"rendered":"https:\/\/portalv1.com.br\/?p=16924"},"modified":"2013-10-20T04:43:30","modified_gmt":"2013-10-20T07:43:30","slug":"felipao-convocara-time-dia-31-para-amistosos-com-honduras-e-chile","status":"publish","type":"post","link":"https:\/\/portalv1.com.br\/felipao-convocara-time-dia-31-para-amistosos-com-honduras-e-chile\/","title":{"rendered":"Felip\u00e3o convocar\u00e1 time dia 31 para amistosos com Honduras e Chile"},"content":{"rendered":"<figure id=\"attachment_16925\" aria-describedby=\"caption-attachment-16925\" style=\"width: 316px\" class=\"wp-caption alignright\"><a href=\"https:\/\/portalv1.com.br\/app\/wp-content\/uploads\/2013\/10\/1afelipaoiu.jpg\"><img loading=\"lazy\" decoding=\"async\" class=\"size-full wp-image-16925\" alt=\"Luiz Felipe Scolari \" src=\"https:\/\/portalv1.com.br\/app\/wp-content\/uploads\/2013\/10\/1afelipaoiu.jpg\" width=\"316\" height=\"316\" \/><\/a><figcaption id=\"caption-attachment-16925\" class=\"wp-caption-text\">Luiz Felipe Scolari<\/figcaption><\/figure>\n<p>A CBF anunciou que a pr\u00f3xima convoca\u00e7\u00e3o de Luiz Felipe Scolari para os amistosos da sele\u00e7\u00e3o brasileira ser\u00e1 realizada no dia 31 deste m\u00eas. O treinador vai chamar os jogadores que v\u00e3o disputar as partidas contra Honduras e Chile, nos dias 16 e 19 de novembro.<\/p>\n<p>Na lista a ser anunciada \u00e0s 12 horas do dia 31, no Rio de Janeiro, Felip\u00e3o deve incluir &#8221;dois ou tr\u00eas&#8221; novos jogadores, que n\u00e3o vinham sendo chamados nas \u00faltimas partidas. O treinador encara os pr\u00f3ximos amistosos como o \u00faltimo teste para aqueles que ainda sonham em garantir sua vaga na Copa do Mundo.<\/p>\n<p>O t\u00e9cnico j\u00e1 avisou que pretende chegar ao fim do ano com o grupo definido para o Mundial. Em 2014, antes da convoca\u00e7\u00e3o para a Copa, a sele\u00e7\u00e3o brasileira far\u00e1 apenas um amistoso, contra a \u00c1frica do Sul, no dia 5 de mar\u00e7o, em Johannesburgo. Para este jogo, Felip\u00e3o j\u00e1 espera contar com o grupo pronto para o in\u00edcio do Mundial, no dia 12 de junho.<\/p>\n<p>O amistoso contra Honduras ser\u00e1 disputado no Est\u00e1dio Sun Life, em Miami, nos Estados Unidos, \u00e0s 22h30 (hor\u00e1rio de Bras\u00edlia) do dia 16. Contra o Chile, a partida est\u00e1 marcada para o Rodgers Centre, em Toronto, no Canad\u00e1, \u00e0s 22 horas.<\/p>\n","protected":false},"excerpt":{"rendered":"<p>A CBF anunciou que a pr\u00f3xima convoca\u00e7\u00e3o de Luiz Felipe Scolari para os amistosos da sele\u00e7\u00e3o brasileira ser\u00e1 realizada no dia 31 deste m\u00eas. O treinador vai chamar os jogadores&#8230;<\/p>\n","protected":false},"author":1,"featured_media":0,"comment_status":"open","ping_status":"open","sticky":false,"template":"","format":"standard","meta":{"ngg_post_thumbnail":0,"footnotes":""},"categories":[12],"tags":[],"class_list":["post-16924","post","type-post","status-publish","format-standard","hentry","category-valenca-news"],"views":119,"meta_data":{"thumb":"https:\/\/portalv1.com.br\/app\/wp-content\/uploads\/2013\/10\/1afelipaoiu.jpg","data":{"simple":"20\/10\/2013","date_time":"20\/10\/2013 01:42:23","date":"h\u00e1 13 anos"},"chapeu":"Copa do Mundo ","source":"m_destacada"},"_links":{"self":[{"href":"https:\/\/portalv1.com.br\/api\/wp\/v2\/posts\/16924","targetHints":{"allow":["GET"]}}],"collection":[{"href":"https:\/\/portalv1.com.br\/api\/wp\/v2\/posts"}],"about":[{"href":"https:\/\/portalv1.com.br\/api\/wp\/v2\/types\/post"}],"author":[{"embeddable":true,"href":"https:\/\/portalv1.com.br\/api\/wp\/v2\/users\/1"}],"replies":[{"embeddable":true,"href":"https:\/\/portalv1.com.br\/api\/wp\/v2\/comments?post=16924"}],"version-history":[{"count":0,"href":"https:\/\/portalv1.com.br\/api\/wp\/v2\/posts\/16924\/revisions"}],"wp:attachment":[{"href":"https:\/\/portalv1.com.br\/api\/wp\/v2\/media?parent=16924"}],"wp:term":[{"taxonomy":"category","embeddable":true,"href":"https:\/\/portalv1.com.br\/api\/wp\/v2\/categories?post=16924"},{"taxonomy":"post_tag","embeddable":true,"href":"https:\/\/portalv1.com.br\/api\/wp\/v2\/tags?post=16924"}],"curies":[{"name":"wp","href":"https:\/\/api.w.org\/{rel}","templated":true}]}}