{"id":16949,"date":"2013-10-23T23:49:56","date_gmt":"2013-10-24T02:49:56","guid":{"rendered":"https:\/\/portalv1.com.br\/?p=16949"},"modified":"2013-10-27T01:32:46","modified_gmt":"2013-10-27T04:32:46","slug":"confira-as-fotos-da-abertura-do-festejo-de-sao-benedito","status":"publish","type":"post","link":"https:\/\/portalv1.com.br\/confira-as-fotos-da-abertura-do-festejo-de-sao-benedito\/","title":{"rendered":"Confira as fotos da abertura do Festejo de S\u00e3o Benedito"},"content":{"rendered":"<p><a href=\"https:\/\/portalv1.com.br\/app\/wp-content\/uploads\/2013\/10\/procissao.jpg\"><img loading=\"lazy\" decoding=\"async\" class=\"alignright  wp-image-16950\" alt=\"procissao\" src=\"https:\/\/portalv1.com.br\/app\/wp-content\/uploads\/2013\/10\/procissao.jpg\" width=\"300\" height=\"225\" \/><\/a>A comunidade cat\u00f3lica de Valen\u00e7a celebrou com alegria o inicio do Festejo de S\u00e3o Benedito na noite desta quarta-feira (23). Dezenas de fi\u00e9is compareceram a celebra\u00e7\u00e3o que foi antecedida por uma prociss\u00e3o que saiu da Igreja de Nossa Senhora do \u00d3 e Concei\u00e7\u00e3o com destino a de S\u00e3o Benedito. A missa foi presidida pelo padre Robert Passos que convidou a todos para participarem das novenas que acontecer\u00e3o sempre \u00e0s 19h. durante a celebra\u00e7\u00e3o o prefeito Walfredo Filho e a Primeira dama Janne Karine aproveitaram a celebra\u00e7\u00e3o para renovar os votos do matrimonio ap\u00f3s 18 anos.<\/p>\n<p><b>S\u00e3o Benedito<\/b> nasceu perto de Messina, na ilha da Sic\u00edlia, It\u00e1lia, no ano de 1526. Benedito significa aben\u00e7oado. Seus pais foram escravos vindos da Eti\u00f3pia para a Sic\u00edlia. Era filho de Cristov\u00e3o Manasceri e de Diana Larcan. O casal n\u00e3o queria ter filhos para n\u00e3o gerarem mais escravos. O senhor deles, sabendo disso, prometeu que, se eles tivessem um filho, daria a ele a liberdade. Assim, eles tiveram Benedito. E, como prometido, ele foi libertado pelo seu senhor ainda menino.<\/p>\n<p>Benedito foi educado por seus pais na f\u00e9 crist\u00e3. Quando menino, cuidava das ovelhas e sempre aproveitava para rezar o <b>Ros\u00e1rio<\/b>, ensinado por sua m\u00e3e.<\/p>\n<p><b>A vida de S\u00e3o Benedito<\/b><\/p>\n<p>Quando tinha 20 anos foi insultado por causa de sua ra\u00e7a. Por\u00e9m, com muita calma e paci\u00eancia suportou tudo. Vendo isso, o l\u00edder dos eremitas franciscanos, Frei Jer\u00f4nimo Lanza, convidou-o para fazer parte da congrega\u00e7\u00e3o. S\u00e3o Benedito aceitou prontamente, vendeu tudo o que tinha e se tornou um eremita franciscano, ficando com eles por volta de 5 anos.<\/p>\n<p>O <b>Papa<\/b> Pio IV, desejando unificar a ordem franciscana, ordenou aos eremitas que se juntassem a qualquer ordem religiosa. Benedito foi para o <b>mosteiro da Sic\u00edlia<\/b>, um convento em Santa Maria de Jesus. Era o convento dos franciscanos capuchinhos. Benedito entrou como irm\u00e3o leigo, assumindo uma fun\u00e7\u00e3o tida como secund\u00e1ria: a de cozinheiro. Benedito, por\u00e9m, fez da cozinha um santu\u00e1rio de ora\u00e7\u00e3o e fervor. Vivia sempre alegre e com muita mansid\u00e3o, conquistando a todos com sua comida saborosa e sua simpatia.<\/p>\n<p>Foi transferido depois para o convento de Sant\u2019Ana di Giuliana, ficando por 4 anos. Depois retornou para o convento de Santa Maria de Jesus, permanecendo ali at\u00e9 sua morte.<\/p>\n<p><b>Superior do mosteiro<\/b><\/p>\n<p>Por causa de sua vida exemplar, trabalho, ora\u00e7\u00e3o e ajuda a todos, Frei Benedito tornou-se um l\u00edder natural. Em 1578 foi convidado para ser o Guardi\u00e3o, (superior) do mosteiro, cargo que aceitou depois de muita relut\u00e2ncia. Apesar de ser analfabeto, administrou o mosteiro com grande sucesso, seguindo com rigor os preceitos de <b>S\u00e3o Francisco<\/b>. Organizou os novi\u00e7os, foi caridoso os padres, era o primeiro a dar exemplo nas ora\u00e7\u00f5es e no trabalho.<\/p>\n<p><b>S\u00e3o Bernedito, um analfabeto procurado pelos te\u00f3logos<\/b><\/p>\n<p>Os te\u00f3logos vinham de longe para conversar com S\u00e3o Benedito e aprender com ele. <b>Frei Benedito<\/b> tinha o dom da sabedoria e o dom da ci\u00eancia. E, apesar de sua condi\u00e7\u00e3o de analfabeto, ensinava a todos.<\/p>\n<p>Mandava os porteiros n\u00e3o dispensarem nenhum pobre sem antes dar-lhes alimento e ajuda, mesmo na dificuldade do mosteiro. Quando termina seu mandato como superior, ele volta com alegria para o seu of\u00edcio de cozinheiro.<\/p>\n<p><b>A fama de S\u00e3o Benedito<\/b><\/p>\n<p>Todos queriam ver e tocar em S\u00e3o Benedito, por causa de sua fama de santidade, palavras, milagres e ora\u00e7\u00f5es. Os escravos simpatizavam muito com ele, por ser negro, pobre e com grandes virtudes. Em torno do seu nome surgiram numerosas irmandades. S\u00e3o Benedito \u00e9 um dos <b>Santos<\/b> mais populares no Brasil, com in\u00fameras par\u00f3quias por todos os lugares inspiradas em seu modelo de humildade e caridade.<\/p>\n<p><b>Os Milagres de S\u00e3o Benedito<\/b><\/p>\n<p>Grande \u00e9 o numero de <b>milagres de S\u00e3o Benedito<\/b>, inclusive a ressurrei\u00e7\u00e3o de dois meninos, a cura de v\u00e1rios cegos e surdos, a multiplica\u00e7\u00e3o de peixes e p\u00e3es, e v\u00e1rios outros milagres. Alguns milagres de multiplica\u00e7\u00e3o de alimentos aconteceram na cozinha de S\u00e3o Benedito. Por isso, ele \u00e9 tido carinhosamente pelo povo como o Santo Protetor da cozinha, dos cozinheiros, contra a fome e a falta de alimentos.<\/p>\n<p><b>Falecimento<\/b><\/p>\n<p>Um dia Frei Benedito profetizou que quando morresse teria que ser enterrado \u00e0s pressas para evitar problemas para seus irm\u00e3os. Depois disso, ficou gravemente doente e faleceu no dia 4 de abril de 1589, aos 65 anos de idade. E a profecia se cumpriu: quando ele faleceu uma multid\u00e3o invadiu o mosteiro para v\u00ea-lo, conseguir algum objeto seu ou um peda\u00e7o de sua roupa de monge para terem como rel\u00edquia do santo pobre e humilde, causando problemas para o convento.<\/p>\n<p>Na hora de sua morte ele disse com muita alegria: <b><i>Jesus<\/i><\/b><i>! Jesus! Minha m\u00e3e, doce Maria! Meu Pai S\u00e3o Francisco!<\/i> E morreu em paz. Seu corpo foi transladado para a igreja e exalava suave perfume. Exumado posteriormente, estava intacto, (incorrupto). Em 1611 seu corpo foi colocado em uma urna de cristal na igreja de Santa Maria em Palermo para visita\u00e7\u00e3o e permanece at\u00e9 os dias de hoje.<\/p>\n<p><b>Imagem de S\u00e3o Benedito<\/b><\/p>\n<p>S\u00e3o Benedito foi canonizado em 24 de maio de 1807, pelo <b>Papa<\/b> Pio Vll. \u00c9 representado com o menino Jesus nos bra\u00e7os por que fora visto v\u00e1rias vezes com um lindo beb\u00ea nos bra\u00e7os quando estava em profunda ora\u00e7\u00e3o. Por orienta\u00e7\u00e3o da CNBB, no Brasil a <b>festa de S\u00e3o Bendito<\/b> \u00e9 comemorada no dia 5 de outubro.<\/p>\n<p><b>Ora\u00e7\u00e3o a S\u00e3o Benedito<\/b><\/p>\n<p>Glorioso S\u00e3o Benedito, grande confessor da f\u00e9, com toda a confian\u00e7a venho implorar a vossa valiosa prote\u00e7\u00e3o. V\u00f3s, a quem Deus enriqueceu com dons celestes, consegui-me as gra\u00e7as que ardentemente desejo, para maior gl\u00f3ria de Deus. Confortai o meu cora\u00e7\u00e3o nos desalentos.<\/p>\n<p>Fortificai minha vontade para cumprir bem os meus deveres. Sede o meu companheiro nas horas de solid\u00e3o e desconforto. Assisti-me e guiai-me na vida e na hora da minha morte, para que eu possa bendizer a Deus nesse mundo e goz\u00e1-lo na eternidade. Com Jesus Cristo, a quem tanto amastes. Assim seja, am\u00e9m.<\/p>\n<p><strong><div class=\"ngg-galleryoverview\" data-widget=\"Galeria\" data-props='{&quot;galeria&quot;:{&quot;gallery_id&quot;:1332,&quot;total&quot;:24,&quot;max_page&quot;:2,&quot;page&quot;:1,&quot;images&quot;:[{&quot;pid&quot;:25563,&quot;imageURL&quot;:&quot;https:\\\/\\\/portalv1.com.br\\\/app\\\/wp-content\\\/gallery\\\/sao-benedito\\\/portalv1-002_640x427.jpg?t=1715449090&quot;,&quot;thumbnailURL&quot;:&quot;https:\\\/\\\/portalv1.com.br\\\/app\\\/wp-content\\\/gallery\\\/sao-benedito\\\/thumbs\\\/thumbs_portalv1-002_640x427.jpg?t=1715449090&quot;,&quot;description&quot;:&quot; &quot;,&quot;alttext&quot;:&quot;portalv1-002_640x427&quot;,&quot;style&quot;:&quot;&quot;},{&quot;pid&quot;:25564,&quot;imageURL&quot;:&quot;https:\\\/\\\/portalv1.com.br\\\/app\\\/wp-content\\\/gallery\\\/sao-benedito\\\/portalv1-006_640x427.jpg?t=1718397448&quot;,&quot;thumbnailURL&quot;:&quot;https:\\\/\\\/portalv1.com.br\\\/app\\\/wp-content\\\/gallery\\\/sao-benedito\\\/thumbs\\\/thumbs_portalv1-006_640x427.jpg?t=1718397448&quot;,&quot;description&quot;:&quot; &quot;,&quot;alttext&quot;:&quot;portalv1-006_640x427&quot;,&quot;style&quot;:&quot;&quot;},{&quot;pid&quot;:25565,&quot;imageURL&quot;:&quot;https:\\\/\\\/portalv1.com.br\\\/app\\\/wp-content\\\/gallery\\\/sao-benedito\\\/portalv1-011_640x427.jpg?t=1715447828&quot;,&quot;thumbnailURL&quot;:&quot;https:\\\/\\\/portalv1.com.br\\\/app\\\/wp-content\\\/gallery\\\/sao-benedito\\\/thumbs\\\/thumbs_portalv1-011_640x427.jpg?t=1715447828&quot;,&quot;description&quot;:&quot; &quot;,&quot;alttext&quot;:&quot;portalv1-011_640x427&quot;,&quot;style&quot;:&quot;&quot;},{&quot;pid&quot;:25566,&quot;imageURL&quot;:&quot;https:\\\/\\\/portalv1.com.br\\\/app\\\/wp-content\\\/gallery\\\/sao-benedito\\\/portalv1-014_640x427.jpg?t=1715420948&quot;,&quot;thumbnailURL&quot;:&quot;https:\\\/\\\/portalv1.com.br\\\/app\\\/wp-content\\\/gallery\\\/sao-benedito\\\/thumbs\\\/thumbs_portalv1-014_640x427.jpg?t=1715420948&quot;,&quot;description&quot;:&quot; &quot;,&quot;alttext&quot;:&quot;portalv1-014_640x427&quot;,&quot;style&quot;:&quot;&quot;},{&quot;pid&quot;:25567,&quot;imageURL&quot;:&quot;https:\\\/\\\/portalv1.com.br\\\/app\\\/wp-content\\\/gallery\\\/sao-benedito\\\/portalv1-017_640x427.jpg?t=1715447219&quot;,&quot;thumbnailURL&quot;:&quot;https:\\\/\\\/portalv1.com.br\\\/app\\\/wp-content\\\/gallery\\\/sao-benedito\\\/thumbs\\\/thumbs_portalv1-017_640x427.jpg?t=1715447219&quot;,&quot;description&quot;:&quot; &quot;,&quot;alttext&quot;:&quot;portalv1-017_640x427&quot;,&quot;style&quot;:&quot;&quot;},{&quot;pid&quot;:25568,&quot;imageURL&quot;:&quot;https:\\\/\\\/portalv1.com.br\\\/app\\\/wp-content\\\/gallery\\\/sao-benedito\\\/portalv1-031_640x427.jpg?t=1715449482&quot;,&quot;thumbnailURL&quot;:&quot;https:\\\/\\\/portalv1.com.br\\\/app\\\/wp-content\\\/gallery\\\/sao-benedito\\\/thumbs\\\/thumbs_portalv1-031_640x427.jpg?t=1715449482&quot;,&quot;description&quot;:&quot; &quot;,&quot;alttext&quot;:&quot;portalv1-031_640x427&quot;,&quot;style&quot;:&quot;&quot;},{&quot;pid&quot;:25569,&quot;imageURL&quot;:&quot;https:\\\/\\\/portalv1.com.br\\\/app\\\/wp-content\\\/gallery\\\/sao-benedito\\\/portalv1-033_640x427.jpg?t=1715448992&quot;,&quot;thumbnailURL&quot;:&quot;https:\\\/\\\/portalv1.com.br\\\/app\\\/wp-content\\\/gallery\\\/sao-benedito\\\/thumbs\\\/thumbs_portalv1-033_640x427.jpg?t=1715448992&quot;,&quot;description&quot;:&quot; &quot;,&quot;alttext&quot;:&quot;portalv1-033_640x427&quot;,&quot;style&quot;:&quot;&quot;},{&quot;pid&quot;:25570,&quot;imageURL&quot;:&quot;https:\\\/\\\/portalv1.com.br\\\/app\\\/wp-content\\\/gallery\\\/sao-benedito\\\/portalv1-037_640x427.jpg?t=1715447118&quot;,&quot;thumbnailURL&quot;:&quot;https:\\\/\\\/portalv1.com.br\\\/app\\\/wp-content\\\/gallery\\\/sao-benedito\\\/thumbs\\\/thumbs_portalv1-037_640x427.jpg?t=1715447118&quot;,&quot;description&quot;:&quot; &quot;,&quot;alttext&quot;:&quot;portalv1-037_640x427&quot;,&quot;style&quot;:&quot;&quot;},{&quot;pid&quot;:25571,&quot;imageURL&quot;:&quot;https:\\\/\\\/portalv1.com.br\\\/app\\\/wp-content\\\/gallery\\\/sao-benedito\\\/portalv1-041_640x427.jpg?t=1715447448&quot;,&quot;thumbnailURL&quot;:&quot;https:\\\/\\\/portalv1.com.br\\\/app\\\/wp-content\\\/gallery\\\/sao-benedito\\\/thumbs\\\/thumbs_portalv1-041_640x427.jpg?t=1715447448&quot;,&quot;description&quot;:&quot; &quot;,&quot;alttext&quot;:&quot;portalv1-041_640x427&quot;,&quot;style&quot;:&quot;&quot;},{&quot;pid&quot;:25572,&quot;imageURL&quot;:&quot;https:\\\/\\\/portalv1.com.br\\\/app\\\/wp-content\\\/gallery\\\/sao-benedito\\\/portalv1-054_640x427.jpg?t=1715426792&quot;,&quot;thumbnailURL&quot;:&quot;https:\\\/\\\/portalv1.com.br\\\/app\\\/wp-content\\\/gallery\\\/sao-benedito\\\/thumbs\\\/thumbs_portalv1-054_640x427.jpg?t=1715426792&quot;,&quot;description&quot;:&quot; &quot;,&quot;alttext&quot;:&quot;portalv1-054_640x427&quot;,&quot;style&quot;:&quot;&quot;},{&quot;pid&quot;:25573,&quot;imageURL&quot;:&quot;https:\\\/\\\/portalv1.com.br\\\/app\\\/wp-content\\\/gallery\\\/sao-benedito\\\/portalv1-060_640x427.jpg?t=1715446129&quot;,&quot;thumbnailURL&quot;:&quot;https:\\\/\\\/portalv1.com.br\\\/app\\\/wp-content\\\/gallery\\\/sao-benedito\\\/thumbs\\\/thumbs_portalv1-060_640x427.jpg?t=1715446129&quot;,&quot;description&quot;:&quot; &quot;,&quot;alttext&quot;:&quot;portalv1-060_640x427&quot;,&quot;style&quot;:&quot;&quot;},{&quot;pid&quot;:25574,&quot;imageURL&quot;:&quot;https:\\\/\\\/portalv1.com.br\\\/app\\\/wp-content\\\/gallery\\\/sao-benedito\\\/portalv1-067_640x427.jpg?t=1715446052&quot;,&quot;thumbnailURL&quot;:&quot;https:\\\/\\\/portalv1.com.br\\\/app\\\/wp-content\\\/gallery\\\/sao-benedito\\\/thumbs\\\/thumbs_portalv1-067_640x427.jpg?t=1715446052&quot;,&quot;description&quot;:&quot; &quot;,&quot;alttext&quot;:&quot;portalv1-067_640x427&quot;,&quot;style&quot;:&quot;&quot;},{&quot;pid&quot;:25575,&quot;imageURL&quot;:&quot;https:\\\/\\\/portalv1.com.br\\\/app\\\/wp-content\\\/gallery\\\/sao-benedito\\\/portalv1-081_640x427.jpg?t=1715449580&quot;,&quot;thumbnailURL&quot;:&quot;https:\\\/\\\/portalv1.com.br\\\/app\\\/wp-content\\\/gallery\\\/sao-benedito\\\/thumbs\\\/thumbs_portalv1-081_640x427.jpg?t=1715449580&quot;,&quot;description&quot;:&quot; &quot;,&quot;alttext&quot;:&quot;portalv1-081_640x427&quot;,&quot;style&quot;:&quot;&quot;},{&quot;pid&quot;:25576,&quot;imageURL&quot;:&quot;https:\\\/\\\/portalv1.com.br\\\/app\\\/wp-content\\\/gallery\\\/sao-benedito\\\/portalv1-083_640x427.jpg?t=1715444143&quot;,&quot;thumbnailURL&quot;:&quot;https:\\\/\\\/portalv1.com.br\\\/app\\\/wp-content\\\/gallery\\\/sao-benedito\\\/thumbs\\\/thumbs_portalv1-083_640x427.jpg?t=1715444143&quot;,&quot;description&quot;:&quot; &quot;,&quot;alttext&quot;:&quot;portalv1-083_640x427&quot;,&quot;style&quot;:&quot;&quot;},{&quot;pid&quot;:25577,&quot;imageURL&quot;:&quot;https:\\\/\\\/portalv1.com.br\\\/app\\\/wp-content\\\/gallery\\\/sao-benedito\\\/portalv1-085_640x427.jpg?t=1715422917&quot;,&quot;thumbnailURL&quot;:&quot;https:\\\/\\\/portalv1.com.br\\\/app\\\/wp-content\\\/gallery\\\/sao-benedito\\\/thumbs\\\/thumbs_portalv1-085_640x427.jpg?t=1715422917&quot;,&quot;description&quot;:&quot; &quot;,&quot;alttext&quot;:&quot;portalv1-085_640x427&quot;,&quot;style&quot;:&quot;&quot;},{&quot;pid&quot;:25578,&quot;imageURL&quot;:&quot;https:\\\/\\\/portalv1.com.br\\\/app\\\/wp-content\\\/gallery\\\/sao-benedito\\\/portalv1-090_640x427.jpg?t=1715431486&quot;,&quot;thumbnailURL&quot;:&quot;https:\\\/\\\/portalv1.com.br\\\/app\\\/wp-content\\\/gallery\\\/sao-benedito\\\/thumbs\\\/thumbs_portalv1-090_640x427.jpg?t=1715431486&quot;,&quot;description&quot;:&quot; &quot;,&quot;alttext&quot;:&quot;portalv1-090_640x427&quot;,&quot;style&quot;:&quot;&quot;},{&quot;pid&quot;:25579,&quot;imageURL&quot;:&quot;https:\\\/\\\/portalv1.com.br\\\/app\\\/wp-content\\\/gallery\\\/sao-benedito\\\/portalv1-094_640x427.jpg?t=1715447879&quot;,&quot;thumbnailURL&quot;:&quot;https:\\\/\\\/portalv1.com.br\\\/app\\\/wp-content\\\/gallery\\\/sao-benedito\\\/thumbs\\\/thumbs_portalv1-094_640x427.jpg?t=1715447879&quot;,&quot;description&quot;:&quot; &quot;,&quot;alttext&quot;:&quot;portalv1-094_640x427&quot;,&quot;style&quot;:&quot;&quot;},{&quot;pid&quot;:25580,&quot;imageURL&quot;:&quot;https:\\\/\\\/portalv1.com.br\\\/app\\\/wp-content\\\/gallery\\\/sao-benedito\\\/portalv1-111_640x427.jpg?t=1715447676&quot;,&quot;thumbnailURL&quot;:&quot;https:\\\/\\\/portalv1.com.br\\\/app\\\/wp-content\\\/gallery\\\/sao-benedito\\\/thumbs\\\/thumbs_portalv1-111_640x427.jpg?t=1715447676&quot;,&quot;description&quot;:&quot; &quot;,&quot;alttext&quot;:&quot;portalv1-111_640x427&quot;,&quot;style&quot;:&quot;&quot;},{&quot;pid&quot;:25581,&quot;imageURL&quot;:&quot;https:\\\/\\\/portalv1.com.br\\\/app\\\/wp-content\\\/gallery\\\/sao-benedito\\\/portalv1-118_640x427.jpg?t=1715449212&quot;,&quot;thumbnailURL&quot;:&quot;https:\\\/\\\/portalv1.com.br\\\/app\\\/wp-content\\\/gallery\\\/sao-benedito\\\/thumbs\\\/thumbs_portalv1-118_640x427.jpg?t=1715449212&quot;,&quot;description&quot;:&quot; &quot;,&quot;alttext&quot;:&quot;portalv1-118_640x427&quot;,&quot;style&quot;:&quot;&quot;},{&quot;pid&quot;:25582,&quot;imageURL&quot;:&quot;https:\\\/\\\/portalv1.com.br\\\/app\\\/wp-content\\\/gallery\\\/sao-benedito\\\/portalv1-122_640x427.jpg?t=1715442581&quot;,&quot;thumbnailURL&quot;:&quot;https:\\\/\\\/portalv1.com.br\\\/app\\\/wp-content\\\/gallery\\\/sao-benedito\\\/thumbs\\\/thumbs_portalv1-122_640x427.jpg?t=1715442581&quot;,&quot;description&quot;:&quot; &quot;,&quot;alttext&quot;:&quot;portalv1-122_640x427&quot;,&quot;style&quot;:&quot;&quot;},{&quot;pid&quot;:25583,&quot;imageURL&quot;:&quot;https:\\\/\\\/portalv1.com.br\\\/app\\\/wp-content\\\/gallery\\\/sao-benedito\\\/portalv1-128_640x427.jpg?t=1715449286&quot;,&quot;thumbnailURL&quot;:&quot;https:\\\/\\\/portalv1.com.br\\\/app\\\/wp-content\\\/gallery\\\/sao-benedito\\\/thumbs\\\/thumbs_portalv1-128_640x427.jpg?t=1715449286&quot;,&quot;description&quot;:&quot; &quot;,&quot;alttext&quot;:&quot;portalv1-128_640x427&quot;,&quot;style&quot;:&quot;&quot;},{&quot;pid&quot;:25584,&quot;imageURL&quot;:&quot;https:\\\/\\\/portalv1.com.br\\\/app\\\/wp-content\\\/gallery\\\/sao-benedito\\\/portalv1-134_640x427.jpg?t=1715445748&quot;,&quot;thumbnailURL&quot;:&quot;https:\\\/\\\/portalv1.com.br\\\/app\\\/wp-content\\\/gallery\\\/sao-benedito\\\/thumbs\\\/thumbs_portalv1-134_640x427.jpg?t=1715445748&quot;,&quot;description&quot;:&quot; &quot;,&quot;alttext&quot;:&quot;portalv1-134_640x427&quot;,&quot;style&quot;:&quot;&quot;},{&quot;pid&quot;:25585,&quot;imageURL&quot;:&quot;https:\\\/\\\/portalv1.com.br\\\/app\\\/wp-content\\\/gallery\\\/sao-benedito\\\/portalv1-141_640x427.jpg?t=1715427625&quot;,&quot;thumbnailURL&quot;:&quot;https:\\\/\\\/portalv1.com.br\\\/app\\\/wp-content\\\/gallery\\\/sao-benedito\\\/thumbs\\\/thumbs_portalv1-141_640x427.jpg?t=1715427625&quot;,&quot;description&quot;:&quot; &quot;,&quot;alttext&quot;:&quot;portalv1-141_640x427&quot;,&quot;style&quot;:&quot;&quot;},{&quot;pid&quot;:25586,&quot;imageURL&quot;:&quot;https:\\\/\\\/portalv1.com.br\\\/app\\\/wp-content\\\/gallery\\\/sao-benedito\\\/portalv1-148_640x427.jpg?t=1715449360&quot;,&quot;thumbnailURL&quot;:&quot;https:\\\/\\\/portalv1.com.br\\\/app\\\/wp-content\\\/gallery\\\/sao-benedito\\\/thumbs\\\/thumbs_portalv1-148_640x427.jpg?t=1715449360&quot;,&quot;description&quot;:&quot; &quot;,&quot;alttext&quot;:&quot;portalv1-148_640x427&quot;,&quot;style&quot;:&quot;&quot;}]}}'><\/div><\/strong>.<\/p>\n","protected":false},"excerpt":{"rendered":"<p>A comunidade cat\u00f3lica de Valen\u00e7a celebrou com alegria o inicio do Festejo de S\u00e3o Benedito na noite desta quarta-feira (23). Dezenas de fi\u00e9is compareceram a celebra\u00e7\u00e3o que foi antecedida por&#8230;<\/p>\n","protected":false},"author":1,"featured_media":0,"comment_status":"open","ping_status":"open","sticky":false,"template":"","format":"standard","meta":{"ngg_post_thumbnail":0,"footnotes":""},"categories":[12],"tags":[],"class_list":["post-16949","post","type-post","status-publish","format-standard","hentry","category-valenca-news"],"views":1373,"meta_data":{"thumb":"https:\/\/portalv1.com.br\/app\/wp-content\/uploads\/2013\/10\/procissao.jpg","data":{"simple":"23\/10\/2013","date_time":"23\/10\/2013 20:49:56","date":"h\u00e1 13 anos"},"chapeu":"Festejo de S\u00e3o Benedito","source":"foto_menor"},"_links":{"self":[{"href":"https:\/\/portalv1.com.br\/api\/wp\/v2\/posts\/16949","targetHints":{"allow":["GET"]}}],"collection":[{"href":"https:\/\/portalv1.com.br\/api\/wp\/v2\/posts"}],"about":[{"href":"https:\/\/portalv1.com.br\/api\/wp\/v2\/types\/post"}],"author":[{"embeddable":true,"href":"https:\/\/portalv1.com.br\/api\/wp\/v2\/users\/1"}],"replies":[{"embeddable":true,"href":"https:\/\/portalv1.com.br\/api\/wp\/v2\/comments?post=16949"}],"version-history":[{"count":0,"href":"https:\/\/portalv1.com.br\/api\/wp\/v2\/posts\/16949\/revisions"}],"wp:attachment":[{"href":"https:\/\/portalv1.com.br\/api\/wp\/v2\/media?parent=16949"}],"wp:term":[{"taxonomy":"category","embeddable":true,"href":"https:\/\/portalv1.com.br\/api\/wp\/v2\/categories?post=16949"},{"taxonomy":"post_tag","embeddable":true,"href":"https:\/\/portalv1.com.br\/api\/wp\/v2\/tags?post=16949"}],"curies":[{"name":"wp","href":"https:\/\/api.w.org\/{rel}","templated":true}]}}