{"id":17022,"date":"2013-11-04T16:02:51","date_gmt":"2013-11-04T19:02:51","guid":{"rendered":"https:\/\/portalv1.com.br\/?p=17022"},"modified":"2013-11-05T17:27:18","modified_gmt":"2013-11-05T20:27:18","slug":"fotos-tres-acidentes-foram-registrados-em-valenca-neste-domingo","status":"publish","type":"post","link":"https:\/\/portalv1.com.br\/fotos-tres-acidentes-foram-registrados-em-valenca-neste-domingo\/","title":{"rendered":"Fotos: Tr\u00eas acidentes foram registrados em Valen\u00e7a neste domingo"},"content":{"rendered":"<figure id=\"attachment_17023\" aria-describedby=\"caption-attachment-17023\" style=\"width: 300px\" class=\"wp-caption alignright\"><a href=\"https:\/\/portalv1.com.br\/app\/wp-content\/uploads\/2013\/11\/acidente.jpg\"><img loading=\"lazy\" decoding=\"async\" class=\"size-full wp-image-17023\" alt=\"Duas carretas se chocaram no KM 168 na Tabuleta\" src=\"https:\/\/portalv1.com.br\/app\/wp-content\/uploads\/2013\/11\/acidente.jpg\" width=\"300\" height=\"225\" \/><\/a><figcaption id=\"caption-attachment-17023\" class=\"wp-caption-text\">Duas carretas se chocaram no KM 168 na Tabuleta<\/figcaption><\/figure>\n<p>Tr\u00eas acidentes automobil\u00edsticos foram registrados neste domingo em Valen\u00e7a felizmente nenhum deixou vitima fatal. Dos tr\u00eas acidentes dois aconteceram na BR 316 e outro na P1 120, que liga Valen\u00e7a a cidade de Pimenteiras. Duas carretas se chocaram neste domingo (03), no KM 168 nas proximidades da localidade Tabuleta, no acidente houve apenas danos materiais. Uma das carretas vinha carregada de tomates.<\/p>\n<p>Ainda na BR 316 um motoqueiro foi jogado para fora da pista nas proximidades do aeroporto de Valen\u00e7a por um carro ainda n\u00e3o identificado pela policia. Lourival Alves do Nascimento que mora na assentamento Angical foi socorrido pela policia com uma das pernas a quebrada. Segundo a policia, a vitima se encontrava em Valen\u00e7a e ao se dirigir at\u00e9 o assentamento foi jogado para fora da pista.<\/p>\n<p>Na PI 120, no sentido Valen\u00e7a Pimenteiras uma batida entre um veiculo D20 guiado pelo senhor Manin bateu em uma moto guiada pelo motoqueiro identificado por Genival que andava com o carona Genilson Alves da Silva que teve a perna quebrada. Informa\u00e7\u00f5es d\u00e3o conta que a D20, que vinha no sentido de Valen\u00e7a foi surpreendida com a moto que teria invadido a PI 120 no Bairro Morada Nova. O motoqueiro evadiu-se do local ap\u00f3s a batida. Confira as fotos do acidente entre as duas carretas e o da PI 120<\/p>\n<p><strong><div class=\"ngg-galleryoverview\" data-widget=\"Galeria\" data-props='{&quot;galeria&quot;:{&quot;gallery_id&quot;:1345,&quot;total&quot;:6,&quot;max_page&quot;:1,&quot;page&quot;:1,&quot;images&quot;:[{&quot;pid&quot;:25791,&quot;imageURL&quot;:&quot;https:\\\/\\\/portalv1.com.br\\\/app\\\/wp-content\\\/gallery\\\/acidente_4\\\/dsc08609.jpg?t=1722804728&quot;,&quot;thumbnailURL&quot;:&quot;https:\\\/\\\/portalv1.com.br\\\/app\\\/wp-content\\\/gallery\\\/acidente_4\\\/thumbs\\\/thumbs_dsc08609.jpg?t=1722804728&quot;,&quot;description&quot;:&quot; &quot;,&quot;alttext&quot;:&quot;dsc08609&quot;,&quot;style&quot;:&quot;&quot;},{&quot;pid&quot;:25792,&quot;imageURL&quot;:&quot;https:\\\/\\\/portalv1.com.br\\\/app\\\/wp-content\\\/gallery\\\/acidente_4\\\/dsc08611.jpg?t=1722804729&quot;,&quot;thumbnailURL&quot;:&quot;https:\\\/\\\/portalv1.com.br\\\/app\\\/wp-content\\\/gallery\\\/acidente_4\\\/thumbs\\\/thumbs_dsc08611.jpg?t=1722804729&quot;,&quot;description&quot;:&quot; &quot;,&quot;alttext&quot;:&quot;dsc08611&quot;,&quot;style&quot;:&quot;&quot;},{&quot;pid&quot;:25793,&quot;imageURL&quot;:&quot;https:\\\/\\\/portalv1.com.br\\\/app\\\/wp-content\\\/gallery\\\/acidente_4\\\/dsc08613.jpg?t=1722804728&quot;,&quot;thumbnailURL&quot;:&quot;https:\\\/\\\/portalv1.com.br\\\/app\\\/wp-content\\\/gallery\\\/acidente_4\\\/thumbs\\\/thumbs_dsc08613.jpg?t=1722804728&quot;,&quot;description&quot;:&quot; &quot;,&quot;alttext&quot;:&quot;dsc08613&quot;,&quot;style&quot;:&quot;&quot;},{&quot;pid&quot;:25794,&quot;imageURL&quot;:&quot;https:\\\/\\\/portalv1.com.br\\\/app\\\/wp-content\\\/gallery\\\/acidente_4\\\/sam_1541.jpg?t=1722804728&quot;,&quot;thumbnailURL&quot;:&quot;https:\\\/\\\/portalv1.com.br\\\/app\\\/wp-content\\\/gallery\\\/acidente_4\\\/thumbs\\\/thumbs_sam_1541.jpg?t=1722804728&quot;,&quot;description&quot;:&quot; &quot;,&quot;alttext&quot;:&quot;sam_1541&quot;,&quot;style&quot;:&quot;&quot;},{&quot;pid&quot;:25795,&quot;imageURL&quot;:&quot;https:\\\/\\\/portalv1.com.br\\\/app\\\/wp-content\\\/gallery\\\/acidente_4\\\/sam_1543.jpg?t=1722804729&quot;,&quot;thumbnailURL&quot;:&quot;https:\\\/\\\/portalv1.com.br\\\/app\\\/wp-content\\\/gallery\\\/acidente_4\\\/thumbs\\\/thumbs_sam_1543.jpg?t=1722804729&quot;,&quot;description&quot;:&quot; &quot;,&quot;alttext&quot;:&quot;sam_1543&quot;,&quot;style&quot;:&quot;&quot;},{&quot;pid&quot;:25796,&quot;imageURL&quot;:&quot;https:\\\/\\\/portalv1.com.br\\\/app\\\/wp-content\\\/gallery\\\/acidente_4\\\/sam_1547.jpg?t=1722804729&quot;,&quot;thumbnailURL&quot;:&quot;https:\\\/\\\/portalv1.com.br\\\/app\\\/wp-content\\\/gallery\\\/acidente_4\\\/thumbs\\\/thumbs_sam_1547.jpg?t=1722804729&quot;,&quot;description&quot;:&quot; &quot;,&quot;alttext&quot;:&quot;sam_1547&quot;,&quot;style&quot;:&quot;&quot;}]}}'><\/div><\/strong>.<\/p>\n","protected":false},"excerpt":{"rendered":"<p>Tr\u00eas acidentes automobil\u00edsticos foram registrados neste domingo em Valen\u00e7a felizmente nenhum deixou vitima fatal. Dos tr\u00eas acidentes dois aconteceram na BR 316 e outro na P1 120, que liga Valen\u00e7a&#8230;<\/p>\n","protected":false},"author":1,"featured_media":0,"comment_status":"open","ping_status":"open","sticky":false,"template":"","format":"standard","meta":{"ngg_post_thumbnail":0,"footnotes":""},"categories":[243,12],"tags":[],"class_list":["post-17022","post","type-post","status-publish","format-standard","hentry","category-geral","category-valenca-news"],"views":1575,"meta_data":{"thumb":"https:\/\/portalv1.com.br\/app\/wp-content\/uploads\/2013\/11\/acidente.jpg","data":{"simple":"04\/11\/2013","date_time":"04\/11\/2013 13:02:51","date":"h\u00e1 12 anos"},"chapeu":"Veja fotos ","source":"retirar"},"_links":{"self":[{"href":"https:\/\/portalv1.com.br\/api\/wp\/v2\/posts\/17022","targetHints":{"allow":["GET"]}}],"collection":[{"href":"https:\/\/portalv1.com.br\/api\/wp\/v2\/posts"}],"about":[{"href":"https:\/\/portalv1.com.br\/api\/wp\/v2\/types\/post"}],"author":[{"embeddable":true,"href":"https:\/\/portalv1.com.br\/api\/wp\/v2\/users\/1"}],"replies":[{"embeddable":true,"href":"https:\/\/portalv1.com.br\/api\/wp\/v2\/comments?post=17022"}],"version-history":[{"count":0,"href":"https:\/\/portalv1.com.br\/api\/wp\/v2\/posts\/17022\/revisions"}],"wp:attachment":[{"href":"https:\/\/portalv1.com.br\/api\/wp\/v2\/media?parent=17022"}],"wp:term":[{"taxonomy":"category","embeddable":true,"href":"https:\/\/portalv1.com.br\/api\/wp\/v2\/categories?post=17022"},{"taxonomy":"post_tag","embeddable":true,"href":"https:\/\/portalv1.com.br\/api\/wp\/v2\/tags?post=17022"}],"curies":[{"name":"wp","href":"https:\/\/api.w.org\/{rel}","templated":true}]}}