{"id":17031,"date":"2013-11-05T17:24:41","date_gmt":"2013-11-05T20:24:41","guid":{"rendered":"https:\/\/portalv1.com.br\/?p=17031"},"modified":"2013-11-05T17:24:41","modified_gmt":"2013-11-05T20:24:41","slug":"lagoa-do-sitio-se-despede-do-senhor-ze-preto","status":"publish","type":"post","link":"https:\/\/portalv1.com.br\/lagoa-do-sitio-se-despede-do-senhor-ze-preto\/","title":{"rendered":"Lagoa do Sitio se despede do senhor Z\u00e9 Preto"},"content":{"rendered":"<figure id=\"attachment_17032\" aria-describedby=\"caption-attachment-17032\" style=\"width: 300px\" class=\"wp-caption alignright\"><a href=\"https:\/\/portalv1.com.br\/app\/wp-content\/uploads\/2013\/11\/018.jpg\"><img loading=\"lazy\" decoding=\"async\" class=\"size-full wp-image-17032\" alt=\"Z\u00e9 Preto\" src=\"https:\/\/portalv1.com.br\/app\/wp-content\/uploads\/2013\/11\/018.jpg\" width=\"300\" height=\"200\" \/><\/a><figcaption id=\"caption-attachment-17032\" class=\"wp-caption-text\">Z\u00e9 Preto<\/figcaption><\/figure>\n<p>A cidade de Lagoa do Sitio se despediu com muito pesar do senhor Z\u00e9 Preto seu sepultamento aconteceu nesta segunda-feira (04) sob clima de muita como\u00e7\u00e3o dos amigos e familiares. Seu Z\u00e9 Preto deixou um legado incalcul\u00e1vel de honestidade, retid\u00e3o, simplicidade, amizade e de muito trabalho. Com um trabalho pioneiro na \u00e1rea de transporte ele desbravou nossas terras e contribuiu significativamente para o desenvolvimento de Lagoa do Sitio e Valen\u00e7a do Piau\u00ed.<\/p>\n<p>Ele deixar\u00e1 uma lacuna muito grande entre seus amigos e familiares, no entanto fica a certeza tamb\u00e9m do seu exemplo de vida de homem trabalhador, bom pai de fam\u00edlia, desbravador e sobre tudo de amigo dos amigos. A participa\u00e7\u00e3o popular no seu cortejo exemplifica a uni\u00e3o da fam\u00edlia e os amigos conquistados ao longo dos tempos.<\/p>\n<p><strong><div class=\"ngg-galleryoverview\" data-widget=\"Galeria\" data-props='{&quot;galeria&quot;:{&quot;gallery_id&quot;:1346,&quot;total&quot;:5,&quot;max_page&quot;:1,&quot;page&quot;:1,&quot;images&quot;:[{&quot;pid&quot;:25797,&quot;imageURL&quot;:&quot;https:\\\/\\\/portalv1.com.br\\\/app\\\/wp-content\\\/gallery\\\/ze-preto\\\/007.jpg?t=1707480836&quot;,&quot;thumbnailURL&quot;:&quot;https:\\\/\\\/portalv1.com.br\\\/app\\\/wp-content\\\/gallery\\\/ze-preto\\\/thumbs\\\/thumbs_007.jpg?t=1707480836&quot;,&quot;description&quot;:&quot; &quot;,&quot;alttext&quot;:&quot;007&quot;,&quot;style&quot;:&quot;&quot;},{&quot;pid&quot;:25798,&quot;imageURL&quot;:&quot;https:\\\/\\\/portalv1.com.br\\\/app\\\/wp-content\\\/gallery\\\/ze-preto\\\/011.jpg?t=1707480877&quot;,&quot;thumbnailURL&quot;:&quot;https:\\\/\\\/portalv1.com.br\\\/app\\\/wp-content\\\/gallery\\\/ze-preto\\\/thumbs\\\/thumbs_011.jpg?t=1707480877&quot;,&quot;description&quot;:&quot; &quot;,&quot;alttext&quot;:&quot;011&quot;,&quot;style&quot;:&quot;&quot;},{&quot;pid&quot;:25799,&quot;imageURL&quot;:&quot;https:\\\/\\\/portalv1.com.br\\\/app\\\/wp-content\\\/gallery\\\/ze-preto\\\/016.jpg?t=1707476736&quot;,&quot;thumbnailURL&quot;:&quot;https:\\\/\\\/portalv1.com.br\\\/app\\\/wp-content\\\/gallery\\\/ze-preto\\\/thumbs\\\/thumbs_016.jpg?t=1707476736&quot;,&quot;description&quot;:&quot; &quot;,&quot;alttext&quot;:&quot;016&quot;,&quot;style&quot;:&quot;&quot;},{&quot;pid&quot;:25800,&quot;imageURL&quot;:&quot;https:\\\/\\\/portalv1.com.br\\\/app\\\/wp-content\\\/gallery\\\/ze-preto\\\/018.jpg?t=1707480796&quot;,&quot;thumbnailURL&quot;:&quot;https:\\\/\\\/portalv1.com.br\\\/app\\\/wp-content\\\/gallery\\\/ze-preto\\\/thumbs\\\/thumbs_018.jpg?t=1707480796&quot;,&quot;description&quot;:&quot; &quot;,&quot;alttext&quot;:&quot;018&quot;,&quot;style&quot;:&quot;&quot;},{&quot;pid&quot;:25801,&quot;imageURL&quot;:&quot;https:\\\/\\\/portalv1.com.br\\\/app\\\/wp-content\\\/gallery\\\/ze-preto\\\/1.jpg?t=1707484044&quot;,&quot;thumbnailURL&quot;:&quot;https:\\\/\\\/portalv1.com.br\\\/app\\\/wp-content\\\/gallery\\\/ze-preto\\\/thumbs\\\/thumbs_1.jpg?t=1707484044&quot;,&quot;description&quot;:&quot; &quot;,&quot;alttext&quot;:&quot;1&quot;,&quot;style&quot;:&quot;&quot;}]}}'><\/div><\/strong>.<\/p>\n","protected":false},"excerpt":{"rendered":"<p>A cidade de Lagoa do Sitio se despediu com muito pesar do senhor Z\u00e9 Preto seu sepultamento aconteceu nesta segunda-feira (04) sob clima de muita como\u00e7\u00e3o dos amigos e familiares&#8230;.<\/p>\n","protected":false},"author":1,"featured_media":0,"comment_status":"open","ping_status":"open","sticky":false,"template":"","format":"standard","meta":{"ngg_post_thumbnail":0,"footnotes":""},"categories":[12],"tags":[],"class_list":["post-17031","post","type-post","status-publish","format-standard","hentry","category-valenca-news"],"views":1817,"meta_data":{"thumb":"https:\/\/portalv1.com.br\/app\/wp-content\/uploads\/2013\/11\/018.jpg","data":{"simple":"05\/11\/2013","date_time":"05\/11\/2013 14:24:41","date":"h\u00e1 12 anos"},"chapeu":"LUTO","source":"slide"},"_links":{"self":[{"href":"https:\/\/portalv1.com.br\/api\/wp\/v2\/posts\/17031","targetHints":{"allow":["GET"]}}],"collection":[{"href":"https:\/\/portalv1.com.br\/api\/wp\/v2\/posts"}],"about":[{"href":"https:\/\/portalv1.com.br\/api\/wp\/v2\/types\/post"}],"author":[{"embeddable":true,"href":"https:\/\/portalv1.com.br\/api\/wp\/v2\/users\/1"}],"replies":[{"embeddable":true,"href":"https:\/\/portalv1.com.br\/api\/wp\/v2\/comments?post=17031"}],"version-history":[{"count":0,"href":"https:\/\/portalv1.com.br\/api\/wp\/v2\/posts\/17031\/revisions"}],"wp:attachment":[{"href":"https:\/\/portalv1.com.br\/api\/wp\/v2\/media?parent=17031"}],"wp:term":[{"taxonomy":"category","embeddable":true,"href":"https:\/\/portalv1.com.br\/api\/wp\/v2\/categories?post=17031"},{"taxonomy":"post_tag","embeddable":true,"href":"https:\/\/portalv1.com.br\/api\/wp\/v2\/tags?post=17031"}],"curies":[{"name":"wp","href":"https:\/\/api.w.org\/{rel}","templated":true}]}}