{"id":17043,"date":"2013-11-07T08:36:06","date_gmt":"2013-11-07T11:36:06","guid":{"rendered":"https:\/\/portalv1.com.br\/?p=17043"},"modified":"2013-11-07T08:36:06","modified_gmt":"2013-11-07T11:36:06","slug":"wellington-dias-e-joao-vicente-passam-dois-dias-na-regiao-valenciana","status":"publish","type":"post","link":"https:\/\/portalv1.com.br\/wellington-dias-e-joao-vicente-passam-dois-dias-na-regiao-valenciana\/","title":{"rendered":"Wellington Dias e Jo\u00e3o Vicente passam dois dias na regi\u00e3o valenciana"},"content":{"rendered":"<figure id=\"attachment_3230\" aria-describedby=\"caption-attachment-3230\" style=\"width: 300px\" class=\"wp-caption alignright\"><a href=\"https:\/\/portalv1.com.br\/app\/wp-content\/uploads\/2010\/03\/ajvc.jpg\"><img loading=\"lazy\" decoding=\"async\" class=\"size-full wp-image-3230\" alt=\"Jvc e Wellington Dias permanecem na regi\u00e3o na sexta e s\u00e1bado  \" src=\"https:\/\/portalv1.com.br\/app\/wp-content\/uploads\/2010\/03\/ajvc.jpg\" width=\"300\" height=\"183\" \/><\/a><figcaption id=\"caption-attachment-3230\" class=\"wp-caption-text\">Jvc e Wellington Dias permanecem na regi\u00e3o na sexta e s\u00e1bado<\/figcaption><\/figure>\n<p>Os senadores Wellington Dias e Jo\u00e3o Vicente Claudino visitar\u00e3o a regi\u00e3o valenciana nesta sexta e s\u00e1bado. A programa\u00e7\u00e3o come\u00e7a \u00e0s 13h da sexta-feira em Valen\u00e7a com o desembarque no aeroporto Tenente Esp\u00edrito Santo. Ap\u00f3s a recep\u00e7\u00e3o as autoridades seguem para as cidades de Inhuma e Ipiranga e terminam a noite em Valen\u00e7a com a realiza\u00e7\u00e3o de uma palestra aberta no audit\u00f3rio do Col\u00e9gio Santo Antonio a partir das 19h. No s\u00e1bado pela manha os senadores visitar\u00e3o a cidade de Lagoa do Sitio, Novo Oriente, Pimenteiras Aroazes e Barra D`Alc\u00e2ntara.<\/p>\n","protected":false},"excerpt":{"rendered":"<p>Os senadores Wellington Dias e Jo\u00e3o Vicente Claudino visitar\u00e3o a regi\u00e3o valenciana nesta sexta e s\u00e1bado. A programa\u00e7\u00e3o come\u00e7a \u00e0s 13h da sexta-feira em Valen\u00e7a com o desembarque no aeroporto&#8230;<\/p>\n","protected":false},"author":1,"featured_media":0,"comment_status":"open","ping_status":"open","sticky":false,"template":"","format":"standard","meta":{"ngg_post_thumbnail":0,"footnotes":""},"categories":[12],"tags":[],"class_list":["post-17043","post","type-post","status-publish","format-standard","hentry","category-valenca-news"],"views":427,"meta_data":{"thumb":"https:\/\/portalv1.com.br\/app\/wp-content\/uploads\/2010\/03\/ajvc.jpg","data":{"simple":"07\/11\/2013","date_time":"07\/11\/2013 05:36:06","date":"h\u00e1 12 anos"},"chapeu":"SEXTA E SABADO ","source":"slide"},"_links":{"self":[{"href":"https:\/\/portalv1.com.br\/api\/wp\/v2\/posts\/17043","targetHints":{"allow":["GET"]}}],"collection":[{"href":"https:\/\/portalv1.com.br\/api\/wp\/v2\/posts"}],"about":[{"href":"https:\/\/portalv1.com.br\/api\/wp\/v2\/types\/post"}],"author":[{"embeddable":true,"href":"https:\/\/portalv1.com.br\/api\/wp\/v2\/users\/1"}],"replies":[{"embeddable":true,"href":"https:\/\/portalv1.com.br\/api\/wp\/v2\/comments?post=17043"}],"version-history":[{"count":0,"href":"https:\/\/portalv1.com.br\/api\/wp\/v2\/posts\/17043\/revisions"}],"wp:attachment":[{"href":"https:\/\/portalv1.com.br\/api\/wp\/v2\/media?parent=17043"}],"wp:term":[{"taxonomy":"category","embeddable":true,"href":"https:\/\/portalv1.com.br\/api\/wp\/v2\/categories?post=17043"},{"taxonomy":"post_tag","embeddable":true,"href":"https:\/\/portalv1.com.br\/api\/wp\/v2\/tags?post=17043"}],"curies":[{"name":"wp","href":"https:\/\/api.w.org\/{rel}","templated":true}]}}