{"id":170508,"date":"2024-01-08T15:02:21","date_gmt":"2024-01-08T18:02:21","guid":{"rendered":"https:\/\/portalv1.com.br\/?p=170508"},"modified":"2024-01-08T15:03:09","modified_gmt":"2024-01-08T18:03:09","slug":"valenca-do-piaui-volta-a-registrar-obito-por-covid-19","status":"publish","type":"post","link":"https:\/\/portalv1.com.br\/valenca-do-piaui-volta-a-registrar-obito-por-covid-19\/","title":{"rendered":"Valen\u00e7a do Piaui volta a registrar \u00f3bito por Covid-19"},"content":{"rendered":"<p>A Secretaria Municipal de Sa\u00fade de Valen\u00e7a do Piaui publicou nas redes sociais a atualiza\u00e7\u00e3o dos dados referentes \u00e0 Covid-19 no munic\u00edpio e informou sobre um novo \u00f3bito confirmado devido ao coronav\u00edrus, totalizando 79 mortes desde o in\u00edcio da pandemia.<\/p>\n<p>\u201cTrata-se de uma pessoa do sexo feminino, de 83 anos de idade. A mesma veio a falecer no Hospital Regional Eust\u00e1quio Portela no dia 30\/12\/2023. Reiteremos nossos profundos sentimentos a todos os familiares e amigos\u201d diz a nota.<\/p>\n<p>Em outro comunicado, a Secretaria de Sa\u00fade informou que de 1\u00ba de dezembro de 2023 \u00e0 1\u00ba de janeiro de 2024 a cidade registrou 13 casos de Covid, sendo 05 pessoas do sexo feminino com idade entre 08 e 83 anos e 08 pessoas do sexo masculino com idade entre 19 e 89 anos.<a href=\"https:\/\/portalv1.com.br\/app\/wp-content\/uploads\/2024\/01\/WhatsApp-Image-2024-01-08-at-14.57.55.jpeg\"><img loading=\"lazy\" decoding=\"async\" class=\"aligncenter size-large wp-image-170510\" src=\"https:\/\/portalv1.com.br\/app\/wp-content\/uploads\/2024\/01\/WhatsApp-Image-2024-01-08-at-14.57.55-640x692.jpeg\" alt=\"\" width=\"600\" height=\"649\" srcset=\"https:\/\/portalv1.com.br\/app\/wp-content\/uploads\/2024\/01\/WhatsApp-Image-2024-01-08-at-14.57.55-640x692.jpeg 640w, https:\/\/portalv1.com.br\/app\/wp-content\/uploads\/2024\/01\/WhatsApp-Image-2024-01-08-at-14.57.55-300x325.jpeg 300w, https:\/\/portalv1.com.br\/app\/wp-content\/uploads\/2024\/01\/WhatsApp-Image-2024-01-08-at-14.57.55.jpeg 720w\" sizes=\"auto, (max-width: 600px) 100vw, 600px\" \/><\/a><a href=\"https:\/\/portalv1.com.br\/app\/wp-content\/uploads\/2024\/01\/WhatsApp-Image-2024-01-08-at-14.58.17.jpeg\"><img loading=\"lazy\" decoding=\"async\" class=\"aligncenter size-large wp-image-170509\" src=\"https:\/\/portalv1.com.br\/app\/wp-content\/uploads\/2024\/01\/WhatsApp-Image-2024-01-08-at-14.58.17-640x766.jpeg\" alt=\"\" width=\"600\" height=\"718\" srcset=\"https:\/\/portalv1.com.br\/app\/wp-content\/uploads\/2024\/01\/WhatsApp-Image-2024-01-08-at-14.58.17-640x766.jpeg 640w, https:\/\/portalv1.com.br\/app\/wp-content\/uploads\/2024\/01\/WhatsApp-Image-2024-01-08-at-14.58.17-300x359.jpeg 300w, https:\/\/portalv1.com.br\/app\/wp-content\/uploads\/2024\/01\/WhatsApp-Image-2024-01-08-at-14.58.17.jpeg 720w\" sizes=\"auto, (max-width: 600px) 100vw, 600px\" \/><\/a><\/p>\n","protected":false},"excerpt":{"rendered":"<p>A Secretaria Municipal de Sa\u00fade de Valen\u00e7a do Piaui publicou nas redes sociais a atualiza\u00e7\u00e3o dos dados referentes \u00e0 Covid-19 no munic\u00edpio e informou sobre um novo \u00f3bito confirmado devido&#8230;<\/p>\n","protected":false},"author":1,"featured_media":86558,"comment_status":"open","ping_status":"open","sticky":false,"template":"","format":"standard","meta":{"ngg_post_thumbnail":0,"footnotes":""},"categories":[243],"tags":[],"class_list":["post-170508","post","type-post","status-publish","format-standard","has-post-thumbnail","hentry","category-geral"],"views":1319,"meta_data":{"thumb":"https:\/\/portalv1.com.br\/app\/wp-content\/uploads\/2020\/06\/covid-19-valenca.png","imagem":{"fullsize":{"url":"https:\/\/portalv1.com.br\/app\/wp-content\/uploads\/2020\/06\/covid-19-valenca.png","width":573,"height":310},"medium":{"url":"https:\/\/portalv1.com.br\/app\/wp-content\/uploads\/2020\/06\/covid-19-valenca-300x162.png","width":300,"height":162},"thumbnail":{"url":"https:\/\/portalv1.com.br\/app\/wp-content\/uploads\/2020\/06\/covid-19-valenca-100x100.png","width":100,"height":100}},"data":{"simple":"08\/01\/2024","date_time":"08\/01\/2024 12:02:21","date":"h\u00e1 2 anos"},"chapeu":"Veja nota ","source":"slide"},"_links":{"self":[{"href":"https:\/\/portalv1.com.br\/api\/wp\/v2\/posts\/170508","targetHints":{"allow":["GET"]}}],"collection":[{"href":"https:\/\/portalv1.com.br\/api\/wp\/v2\/posts"}],"about":[{"href":"https:\/\/portalv1.com.br\/api\/wp\/v2\/types\/post"}],"author":[{"embeddable":true,"href":"https:\/\/portalv1.com.br\/api\/wp\/v2\/users\/1"}],"replies":[{"embeddable":true,"href":"https:\/\/portalv1.com.br\/api\/wp\/v2\/comments?post=170508"}],"version-history":[{"count":0,"href":"https:\/\/portalv1.com.br\/api\/wp\/v2\/posts\/170508\/revisions"}],"wp:featuredmedia":[{"embeddable":true,"href":"https:\/\/portalv1.com.br\/api\/wp\/v2\/media\/86558"}],"wp:attachment":[{"href":"https:\/\/portalv1.com.br\/api\/wp\/v2\/media?parent=170508"}],"wp:term":[{"taxonomy":"category","embeddable":true,"href":"https:\/\/portalv1.com.br\/api\/wp\/v2\/categories?post=170508"},{"taxonomy":"post_tag","embeddable":true,"href":"https:\/\/portalv1.com.br\/api\/wp\/v2\/tags?post=170508"}],"curies":[{"name":"wp","href":"https:\/\/api.w.org\/{rel}","templated":true}]}}