{"id":17090,"date":"2013-11-13T23:36:54","date_gmt":"2013-11-14T02:36:54","guid":{"rendered":"https:\/\/portalv1.com.br\/?p=17090"},"modified":"2013-11-14T18:04:37","modified_gmt":"2013-11-14T21:04:37","slug":"getulio-gomes-quer-estimular-competicao-para-ornamentacao-natalina","status":"publish","type":"post","link":"https:\/\/portalv1.com.br\/getulio-gomes-quer-estimular-competicao-para-ornamentacao-natalina\/","title":{"rendered":"Getulio Gomes quer estimular competi\u00e7\u00e3o para ornamenta\u00e7\u00e3o natalina"},"content":{"rendered":"<figure id=\"attachment_8220\" aria-describedby=\"caption-attachment-8220\" style=\"width: 300px\" class=\"wp-caption alignright\"><a href=\"https:\/\/portalv1.com.br\/app\/wp-content\/uploads\/2011\/04\/getuliocapa.jpg\"><img loading=\"lazy\" decoding=\"async\" class=\"size-full wp-image-8220\" alt=\"A ideia \u00e9 fomentar a competi\u00e7\u00e3o e embelezar a cidade\" src=\"https:\/\/portalv1.com.br\/app\/wp-content\/uploads\/2011\/04\/getuliocapa.jpg\" width=\"300\" height=\"183\" \/><\/a><figcaption id=\"caption-attachment-8220\" class=\"wp-caption-text\">A ideia \u00e9 fomentar a competi\u00e7\u00e3o e embelezar a cidade<\/figcaption><\/figure>\n<p>Com o objetivo de estimular a criatividade dos valencianos, o vereador Getulio Gomes apresentou indica\u00e7\u00e3o solicitando, que a prefeitura municipal fomente uma competi\u00e7\u00e3o para saber qual a melhor decora\u00e7\u00e3o natalina de Valen\u00e7a. Pela indica\u00e7\u00e3o, a prefeitura premiar\u00e1 a melhor ornamenta\u00e7\u00e3o residencial e comercial. De acordo com o vereador, essa competi\u00e7\u00e3o iria enfeitar a cidade, assim como j\u00e1 acontece em outras regi\u00f5es.<\/p>\n<p>A iniciativa do vereador foi aplaudida pelos colegas que afirmaram que essa disputa servir\u00e1 tamb\u00e9m para diminuir os custos da ornamenta\u00e7\u00e3o feita pelo Executivo Municipal.<\/p>\n<p>Getulio Gomes solicitou ainda que a prefeitura municipal crie o projeto Cinema nos Bairros para aproximar a popula\u00e7\u00e3o do melhor da s\u00e9tima arte. O vereador Jos\u00e9 Itamar enalteceu a ideia do vereador e afirmou que a prefeitura poderia aproveitar a oportunidade para exibir filmes politicamente corretos.<\/p>\n","protected":false},"excerpt":{"rendered":"<p>Com o objetivo de estimular a criatividade dos valencianos, o vereador Getulio Gomes apresentou indica\u00e7\u00e3o solicitando, que a prefeitura municipal fomente uma competi\u00e7\u00e3o para saber qual a melhor decora\u00e7\u00e3o natalina&#8230;<\/p>\n","protected":false},"author":1,"featured_media":0,"comment_status":"open","ping_status":"open","sticky":false,"template":"","format":"standard","meta":{"ngg_post_thumbnail":0,"footnotes":""},"categories":[243],"tags":[],"class_list":["post-17090","post","type-post","status-publish","format-standard","hentry","category-geral"],"views":446,"meta_data":{"thumb":"https:\/\/portalv1.com.br\/app\/wp-content\/uploads\/2011\/04\/getuliocapa.jpg","data":{"simple":"13\/11\/2013","date_time":"13\/11\/2013 20:36:54","date":"h\u00e1 12 anos"},"chapeu":"Natal","source":"retirar"},"_links":{"self":[{"href":"https:\/\/portalv1.com.br\/api\/wp\/v2\/posts\/17090","targetHints":{"allow":["GET"]}}],"collection":[{"href":"https:\/\/portalv1.com.br\/api\/wp\/v2\/posts"}],"about":[{"href":"https:\/\/portalv1.com.br\/api\/wp\/v2\/types\/post"}],"author":[{"embeddable":true,"href":"https:\/\/portalv1.com.br\/api\/wp\/v2\/users\/1"}],"replies":[{"embeddable":true,"href":"https:\/\/portalv1.com.br\/api\/wp\/v2\/comments?post=17090"}],"version-history":[{"count":0,"href":"https:\/\/portalv1.com.br\/api\/wp\/v2\/posts\/17090\/revisions"}],"wp:attachment":[{"href":"https:\/\/portalv1.com.br\/api\/wp\/v2\/media?parent=17090"}],"wp:term":[{"taxonomy":"category","embeddable":true,"href":"https:\/\/portalv1.com.br\/api\/wp\/v2\/categories?post=17090"},{"taxonomy":"post_tag","embeddable":true,"href":"https:\/\/portalv1.com.br\/api\/wp\/v2\/tags?post=17090"}],"curies":[{"name":"wp","href":"https:\/\/api.w.org\/{rel}","templated":true}]}}