{"id":17100,"date":"2013-11-15T06:50:06","date_gmt":"2013-11-15T09:50:06","guid":{"rendered":"https:\/\/portalv1.com.br\/?p=17100"},"modified":"2013-11-14T18:07:57","modified_gmt":"2013-11-14T21:07:57","slug":"dia-23-de-novembro-tem-a-festa-da-beleza-negra","status":"publish","type":"post","link":"https:\/\/portalv1.com.br\/dia-23-de-novembro-tem-a-festa-da-beleza-negra\/","title":{"rendered":"Dia 23 de novembro tem a Festa da Beleza Negra"},"content":{"rendered":"<figure id=\"attachment_17101\" aria-describedby=\"caption-attachment-17101\" style=\"width: 300px\" class=\"wp-caption alignright\"><a href=\"https:\/\/portalv1.com.br\/app\/wp-content\/uploads\/2013\/11\/jo.jpg\"><img loading=\"lazy\" decoding=\"async\" class=\"size-full wp-image-17101\" alt=\"J\u00f3 Oliveira \" src=\"https:\/\/portalv1.com.br\/app\/wp-content\/uploads\/2013\/11\/jo.jpg\" width=\"300\" height=\"225\" \/><\/a><figcaption id=\"caption-attachment-17101\" class=\"wp-caption-text\">J\u00f3 Oliveira<\/figcaption><\/figure>\n<p>O cantor J\u00f3 Oliveira ser\u00e1 atra\u00e7\u00e3o musical da Festa da Beleza Negra 2013. A festa acontecer\u00e1 no pr\u00f3ximo s\u00e1bado dia 23 de novembro no Espa\u00e7o Cabana. Na oportunidade ser\u00e3o eleitos a miss e o mister da Beleza Negra. A organiza\u00e7\u00e3o do evento \u00e9 do Cepava e da Casa Renascer de Valen\u00e7a.<\/p>\n","protected":false},"excerpt":{"rendered":"<p>O cantor J\u00f3 Oliveira ser\u00e1 atra\u00e7\u00e3o musical da Festa da Beleza Negra 2013. A festa acontecer\u00e1 no pr\u00f3ximo s\u00e1bado dia 23 de novembro no Espa\u00e7o Cabana. Na oportunidade ser\u00e3o eleitos&#8230;<\/p>\n","protected":false},"author":1,"featured_media":0,"comment_status":"open","ping_status":"open","sticky":false,"template":"","format":"standard","meta":{"ngg_post_thumbnail":0,"footnotes":""},"categories":[12],"tags":[],"class_list":["post-17100","post","type-post","status-publish","format-standard","hentry","category-valenca-news"],"views":342,"meta_data":{"thumb":"https:\/\/portalv1.com.br\/app\/wp-content\/uploads\/2013\/11\/jo.jpg","data":{"simple":"15\/11\/2013","date_time":"15\/11\/2013 03:50:06","date":"h\u00e1 12 anos"},"chapeu":"J\u00f3 Oliveira","source":"slide"},"_links":{"self":[{"href":"https:\/\/portalv1.com.br\/api\/wp\/v2\/posts\/17100","targetHints":{"allow":["GET"]}}],"collection":[{"href":"https:\/\/portalv1.com.br\/api\/wp\/v2\/posts"}],"about":[{"href":"https:\/\/portalv1.com.br\/api\/wp\/v2\/types\/post"}],"author":[{"embeddable":true,"href":"https:\/\/portalv1.com.br\/api\/wp\/v2\/users\/1"}],"replies":[{"embeddable":true,"href":"https:\/\/portalv1.com.br\/api\/wp\/v2\/comments?post=17100"}],"version-history":[{"count":0,"href":"https:\/\/portalv1.com.br\/api\/wp\/v2\/posts\/17100\/revisions"}],"wp:attachment":[{"href":"https:\/\/portalv1.com.br\/api\/wp\/v2\/media?parent=17100"}],"wp:term":[{"taxonomy":"category","embeddable":true,"href":"https:\/\/portalv1.com.br\/api\/wp\/v2\/categories?post=17100"},{"taxonomy":"post_tag","embeddable":true,"href":"https:\/\/portalv1.com.br\/api\/wp\/v2\/tags?post=17100"}],"curies":[{"name":"wp","href":"https:\/\/api.w.org\/{rel}","templated":true}]}}