{"id":17132,"date":"2013-11-21T16:02:54","date_gmt":"2013-11-21T19:02:54","guid":{"rendered":"https:\/\/portalv1.com.br\/?p=17132"},"modified":"2013-11-22T17:21:38","modified_gmt":"2013-11-22T20:21:38","slug":"loja-edna-joias-e-roubada-em-valenca","status":"publish","type":"post","link":"https:\/\/portalv1.com.br\/loja-edna-joias-e-roubada-em-valenca\/","title":{"rendered":"Loja Edna Joias \u00e9 roubada em Valen\u00e7a"},"content":{"rendered":"<figure id=\"attachment_1321\" aria-describedby=\"caption-attachment-1321\" style=\"width: 300px\" class=\"wp-caption alignright\"><a href=\"https:\/\/portalv1.com.br\/app\/wp-content\/uploads\/2009\/11\/policia.jpg\"><img loading=\"lazy\" decoding=\"async\" class=\"size-full wp-image-1321\" alt=\"FOTO DE ARQUIVO\" src=\"https:\/\/portalv1.com.br\/app\/wp-content\/uploads\/2009\/11\/policia.jpg\" width=\"300\" height=\"183\" \/><\/a><figcaption id=\"caption-attachment-1321\" class=\"wp-caption-text\">FOTO DE ARQUIVO<\/figcaption><\/figure>\n<p>Dois assaltantes roubaram por volta das 10h:20 desta quinta-feira (21), a Loja Edna Joias e Acess\u00f3rios. De acordo com o Tenente Gomes dois homens armados entraram na loja anunciaram o assalto. Ap\u00f3s concluir o roubo os dois fugiram em uma moto, muito provavelmente com destino a Pimenteiras. Ainda segundo o tenente Gomes foram requisitadas imagens do sistema de vigil\u00e2ncia de empresas pr\u00f3ximas ao local do assalto mais n\u00e3o foi poss\u00edvel localizar os suspeitos que seguem sem identifica\u00e7\u00e3o.<\/p>\n<p>O tenente pede a ajuda da popula\u00e7\u00e3o no sentido de localizar imagens ou testemunhas que possam dar um paradeiro dos acusados. Na hora do assalto seis pessoas foram feitas ref\u00e9ns, entre elas a ex-vice-prefeita de Valen\u00e7a Salete Lima Verde. Dos dois acusados um permaneceu com o capacete durante o assalto cujos preju\u00edzos ainda n\u00e3o foram revelados. O ultimo assalto registrado em Valen\u00e7a foi no ultimo dia 09 de julho na Loja O Botic\u00e1rio, na ocasi\u00e3o tr\u00eas adolescentes armados conseguiram assaltar a loja sendo localizados e detidos horas depois pela policia militar. Coincidentemente as duas lojas s\u00e3o na mesma rua.<\/p>\n","protected":false},"excerpt":{"rendered":"<p>Dois assaltantes roubaram por volta das 10h:20 desta quinta-feira (21), a Loja Edna Joias e Acess\u00f3rios. De acordo com o Tenente Gomes dois homens armados entraram na loja anunciaram o&#8230;<\/p>\n","protected":false},"author":1,"featured_media":0,"comment_status":"open","ping_status":"open","sticky":false,"template":"","format":"standard","meta":{"ngg_post_thumbnail":0,"footnotes":""},"categories":[12],"tags":[],"class_list":["post-17132","post","type-post","status-publish","format-standard","hentry","category-valenca-news"],"views":1322,"meta_data":{"thumb":"https:\/\/portalv1.com.br\/app\/wp-content\/uploads\/2009\/11\/policia.jpg","data":{"simple":"21\/11\/2013","date_time":"21\/11\/2013 13:02:54","date":"h\u00e1 12 anos"},"chapeu":"Em plena luz do dia","source":"slide"},"_links":{"self":[{"href":"https:\/\/portalv1.com.br\/api\/wp\/v2\/posts\/17132","targetHints":{"allow":["GET"]}}],"collection":[{"href":"https:\/\/portalv1.com.br\/api\/wp\/v2\/posts"}],"about":[{"href":"https:\/\/portalv1.com.br\/api\/wp\/v2\/types\/post"}],"author":[{"embeddable":true,"href":"https:\/\/portalv1.com.br\/api\/wp\/v2\/users\/1"}],"replies":[{"embeddable":true,"href":"https:\/\/portalv1.com.br\/api\/wp\/v2\/comments?post=17132"}],"version-history":[{"count":0,"href":"https:\/\/portalv1.com.br\/api\/wp\/v2\/posts\/17132\/revisions"}],"wp:attachment":[{"href":"https:\/\/portalv1.com.br\/api\/wp\/v2\/media?parent=17132"}],"wp:term":[{"taxonomy":"category","embeddable":true,"href":"https:\/\/portalv1.com.br\/api\/wp\/v2\/categories?post=17132"},{"taxonomy":"post_tag","embeddable":true,"href":"https:\/\/portalv1.com.br\/api\/wp\/v2\/tags?post=17132"}],"curies":[{"name":"wp","href":"https:\/\/api.w.org\/{rel}","templated":true}]}}