{"id":17174,"date":"2013-11-26T11:45:15","date_gmt":"2013-11-26T14:45:15","guid":{"rendered":"https:\/\/portalv1.com.br\/?p=17174"},"modified":"2013-11-29T00:00:27","modified_gmt":"2013-11-29T03:00:27","slug":"zoologico-em-valenca-vereadores-pedem-retirada-de-animais-das-ruas-2","status":"publish","type":"post","link":"https:\/\/portalv1.com.br\/zoologico-em-valenca-vereadores-pedem-retirada-de-animais-das-ruas-2\/","title":{"rendered":"Zool\u00f3gico em Valen\u00e7a: Vereadores pedem retirada de animais das ruas"},"content":{"rendered":"<figure id=\"attachment_17175\" aria-describedby=\"caption-attachment-17175\" style=\"width: 341px\" class=\"wp-caption alignright\"><a href=\"https:\/\/portalv1.com.br\/app\/wp-content\/uploads\/2013\/11\/caes1.jpg\"><img loading=\"lazy\" decoding=\"async\" class=\" wp-image-17175  \" alt=\"H\u00e1 v\u00e1rios dias essa matilha de cachorros andam livremente pelas ruas de Valen\u00e7a  \" src=\"https:\/\/portalv1.com.br\/app\/wp-content\/uploads\/2013\/11\/caes1.jpg\" width=\"341\" height=\"180\" \/><\/a><figcaption id=\"caption-attachment-17175\" class=\"wp-caption-text\">H\u00e1 v\u00e1rios dias essa matilha anda livremente pelas ruas de Valen\u00e7a<\/figcaption><\/figure>\n<p>A C\u00e2mara Municipal est\u00e1 a um passo de pedir a interven\u00e7\u00e3o na gest\u00e3o da Secretaria de Sa\u00fade do Munic\u00edpio, depois de reclamar da falta de medicamentos at\u00e9 os de uso continuo de denunciar esteriliza\u00e7\u00e3o de material em panela de press\u00e3o e da falta de m\u00e9dicos, os vereadores voltaram a reclamar do grande numero de animais nas ruas de Valen\u00e7a. S\u00e3o jumentos, cavalos, porco e cachorros que andam livremente pelas ruas sem nenhuma atitude da Secretaria de Sa\u00fade. Al\u00e9m de serem alvos de maus-tratos, os animais colocam a sa\u00fade da popula\u00e7\u00e3o em risco, sem falar nos problemas gerados ao tr\u00e2nsito no centro da cidade.<\/p>\n<p>Nesta segunda-feira (25), os vereadores Joaquim Filho e Edilsa do Vale puxaram o coro das criticas a gest\u00e3o da secret\u00e1ria de sa\u00fade que n\u00e3o vem conseguindo responder a contento os problemas da sa\u00fade no munic\u00edpio. Os problemas segundo os vereadores v\u00e3o desde a sujeira nas ruas com a falta de a\u00e7\u00e3o da vigil\u00e2ncia sanit\u00e1ria, a falta de transpar\u00eancia com o dinheiro publico, uma vez, que a C\u00e2mara de Vereadores solicitou por unanimidade a copia da licita\u00e7\u00e3o feita pela secretaria de sa\u00fade para a aquisi\u00e7\u00e3o de eletrodom\u00e9sticos e outros bens cuja solicita\u00e7\u00e3o j\u00e1 foi feita duas vezes sem nenhuma resposta.<\/p>\n<p>Nesta segunda-feira (25), o Portalv1 registrou uma matilha em frente \u00e0 Academia de Letras. O vereador Joaquim Filho alertou para os problemas causados pela presen\u00e7a dos animais nas ruas, sobre tudo para evitar um surto de calazar. Na COHAB moradores reclamam que j\u00e1 denunciaram cachorros com aparente sintoma de calazar mais que apesar das reclama\u00e7\u00f5es nada foi feito at\u00e9 semana passada.<\/p>\n<p><strong>\u00a0<div class=\"ngg-galleryoverview\" data-widget=\"Galeria\" data-props='{&quot;galeria&quot;:{&quot;gallery_id&quot;:1373,&quot;total&quot;:4,&quot;max_page&quot;:1,&quot;page&quot;:1,&quot;images&quot;:[{&quot;pid&quot;:26240,&quot;imageURL&quot;:&quot;https:\\\/\\\/portalv1.com.br\\\/app\\\/wp-content\\\/gallery\\\/matilha\\\/dsc09130.jpg?t=1704467365&quot;,&quot;thumbnailURL&quot;:&quot;https:\\\/\\\/portalv1.com.br\\\/app\\\/wp-content\\\/gallery\\\/matilha\\\/thumbs\\\/thumbs_dsc09130.jpg?t=1704467365&quot;,&quot;description&quot;:&quot; &quot;,&quot;alttext&quot;:&quot;dsc09130&quot;,&quot;style&quot;:&quot;&quot;},{&quot;pid&quot;:26241,&quot;imageURL&quot;:&quot;https:\\\/\\\/portalv1.com.br\\\/app\\\/wp-content\\\/gallery\\\/matilha\\\/dsc09132.jpg?t=1704462539&quot;,&quot;thumbnailURL&quot;:&quot;https:\\\/\\\/portalv1.com.br\\\/app\\\/wp-content\\\/gallery\\\/matilha\\\/thumbs\\\/thumbs_dsc09132.jpg?t=1704462539&quot;,&quot;description&quot;:&quot; &quot;,&quot;alttext&quot;:&quot;dsc09132&quot;,&quot;style&quot;:&quot;&quot;},{&quot;pid&quot;:26242,&quot;imageURL&quot;:&quot;https:\\\/\\\/portalv1.com.br\\\/app\\\/wp-content\\\/gallery\\\/matilha\\\/dsc09133.jpg?t=1704464441&quot;,&quot;thumbnailURL&quot;:&quot;https:\\\/\\\/portalv1.com.br\\\/app\\\/wp-content\\\/gallery\\\/matilha\\\/thumbs\\\/thumbs_dsc09133.jpg?t=1704464441&quot;,&quot;description&quot;:&quot; &quot;,&quot;alttext&quot;:&quot;dsc09133&quot;,&quot;style&quot;:&quot;&quot;},{&quot;pid&quot;:26243,&quot;imageURL&quot;:&quot;https:\\\/\\\/portalv1.com.br\\\/app\\\/wp-content\\\/gallery\\\/matilha\\\/dsc09136.jpg?t=1704475978&quot;,&quot;thumbnailURL&quot;:&quot;https:\\\/\\\/portalv1.com.br\\\/app\\\/wp-content\\\/gallery\\\/matilha\\\/thumbs\\\/thumbs_dsc09136.jpg?t=1704475978&quot;,&quot;description&quot;:&quot; &quot;,&quot;alttext&quot;:&quot;dsc09136&quot;,&quot;style&quot;:&quot;&quot;}]}}'><\/div><\/strong>.<\/p>\n","protected":false},"excerpt":{"rendered":"<p>A C\u00e2mara Municipal est\u00e1 a um passo de pedir a interven\u00e7\u00e3o na gest\u00e3o da Secretaria de Sa\u00fade do Munic\u00edpio, depois de reclamar da falta de medicamentos at\u00e9 os de uso&#8230;<\/p>\n","protected":false},"author":1,"featured_media":0,"comment_status":"open","ping_status":"open","sticky":false,"template":"","format":"standard","meta":{"ngg_post_thumbnail":0,"footnotes":""},"categories":[243],"tags":[],"class_list":["post-17174","post","type-post","status-publish","format-standard","hentry","category-geral"],"views":1277,"meta_data":{"thumb":"https:\/\/portalv1.com.br\/app\/wp-content\/uploads\/2013\/11\/caes1.jpg","data":{"simple":"26\/11\/2013","date_time":"26\/11\/2013 08:45:15","date":"h\u00e1 12 anos"},"chapeu":"VEJA FOTOS ","source":"retirar"},"_links":{"self":[{"href":"https:\/\/portalv1.com.br\/api\/wp\/v2\/posts\/17174","targetHints":{"allow":["GET"]}}],"collection":[{"href":"https:\/\/portalv1.com.br\/api\/wp\/v2\/posts"}],"about":[{"href":"https:\/\/portalv1.com.br\/api\/wp\/v2\/types\/post"}],"author":[{"embeddable":true,"href":"https:\/\/portalv1.com.br\/api\/wp\/v2\/users\/1"}],"replies":[{"embeddable":true,"href":"https:\/\/portalv1.com.br\/api\/wp\/v2\/comments?post=17174"}],"version-history":[{"count":0,"href":"https:\/\/portalv1.com.br\/api\/wp\/v2\/posts\/17174\/revisions"}],"wp:attachment":[{"href":"https:\/\/portalv1.com.br\/api\/wp\/v2\/media?parent=17174"}],"wp:term":[{"taxonomy":"category","embeddable":true,"href":"https:\/\/portalv1.com.br\/api\/wp\/v2\/categories?post=17174"},{"taxonomy":"post_tag","embeddable":true,"href":"https:\/\/portalv1.com.br\/api\/wp\/v2\/tags?post=17174"}],"curies":[{"name":"wp","href":"https:\/\/api.w.org\/{rel}","templated":true}]}}