{"id":17176,"date":"2013-11-26T16:38:00","date_gmt":"2013-11-26T19:38:00","guid":{"rendered":"https:\/\/portalv1.com.br\/?p=17176"},"modified":"2013-11-26T16:38:00","modified_gmt":"2013-11-26T19:38:00","slug":"vereador-getulio-gomes-participa-de-seminario-do-pp-em-picos","status":"publish","type":"post","link":"https:\/\/portalv1.com.br\/vereador-getulio-gomes-participa-de-seminario-do-pp-em-picos\/","title":{"rendered":"Vereador Getulio Gomes participa de semin\u00e1rio do PP em Picos"},"content":{"rendered":"<figure id=\"attachment_17178\" aria-describedby=\"caption-attachment-17178\" style=\"width: 426px\" class=\"wp-caption alignright\"><a href=\"https:\/\/portalv1.com.br\/app\/wp-content\/uploads\/2013\/11\/IMG_0640.jpg\"><img loading=\"lazy\" decoding=\"async\" class=\" wp-image-17178 \" alt=\"Senador Ciro, vereador Getulio Gomes e professora Iara\" src=\"https:\/\/portalv1.com.br\/app\/wp-content\/uploads\/2013\/11\/IMG_0640.jpg\" width=\"426\" height=\"225\" \/><\/a><figcaption id=\"caption-attachment-17178\" class=\"wp-caption-text\">Senador Ciro, vereador Getulio Gomes e professora Iara<\/figcaption><\/figure>\n<p>O vereador Get\u00falio Gomes esteve acompanhado da professora Iara participando nesta segunda-feira (25) na cidade de Picos do Semin\u00e1rio Sobre Forma\u00e7\u00e3o Pol\u00edtica realizado pelo Partido Progressista (PP). O seman\u00e1rio que discutiu sobre voto obrigat\u00f3rio, marketing pol\u00edtico, redes sociais, reforma pol\u00edtica contou com a presen\u00e7a do senador Ciro Nogueira, deputada Iracema Portela, presidente estadual Julio Arcoverde, prefeitos e deputados e lideran\u00e7as da regi\u00e3o.<\/p>\n<p>Na oportunidade Getulio Gomes, que \u00e9 presidente do diret\u00f3rio municipal candidatou Valen\u00e7a para sediar em janeiro um semin\u00e1rio para a juventude valenciana.<\/p>\n<p>O evento picoense foi realizado no Centro de Treinamento Diocesano. Getulio Gomes aproveitou ainda para convidar o casal Ciro Nogueira e Iracema Portela para o Festejo da Padroeira dia 21 e para o show de Bruno &amp; Marrone no mesmo dia. O pr\u00f3ximo semin\u00e1rio do PP (Funda\u00e7\u00e3o Milton Campos) ser\u00e1 realizado no pr\u00f3ximo dia 16 de dezembro em Bom Jesus<\/p>\n<p><strong><div class=\"ngg-galleryoverview\" data-widget=\"Galeria\" data-props='{&quot;galeria&quot;:{&quot;gallery_id&quot;:1375,&quot;total&quot;:5,&quot;max_page&quot;:1,&quot;page&quot;:1,&quot;images&quot;:[{&quot;pid&quot;:26247,&quot;imageURL&quot;:&quot;https:\\\/\\\/portalv1.com.br\\\/app\\\/wp-content\\\/gallery\\\/getuliipp\\\/img_0637.jpg?t=1718403001&quot;,&quot;thumbnailURL&quot;:&quot;https:\\\/\\\/portalv1.com.br\\\/app\\\/wp-content\\\/gallery\\\/getuliipp\\\/thumbs\\\/thumbs_img_0637.jpg?t=1718403001&quot;,&quot;description&quot;:&quot; &quot;,&quot;alttext&quot;:&quot;img_0637&quot;,&quot;style&quot;:&quot;&quot;},{&quot;pid&quot;:26248,&quot;imageURL&quot;:&quot;https:\\\/\\\/portalv1.com.br\\\/app\\\/wp-content\\\/gallery\\\/getuliipp\\\/img_0640.jpg?t=1718403004&quot;,&quot;thumbnailURL&quot;:&quot;https:\\\/\\\/portalv1.com.br\\\/app\\\/wp-content\\\/gallery\\\/getuliipp\\\/thumbs\\\/thumbs_img_0640.jpg?t=1718403004&quot;,&quot;description&quot;:&quot; &quot;,&quot;alttext&quot;:&quot;img_0640&quot;,&quot;style&quot;:&quot;&quot;},{&quot;pid&quot;:26249,&quot;imageURL&quot;:&quot;https:\\\/\\\/portalv1.com.br\\\/app\\\/wp-content\\\/gallery\\\/getuliipp\\\/img_0647.jpg?t=1718403012&quot;,&quot;thumbnailURL&quot;:&quot;https:\\\/\\\/portalv1.com.br\\\/app\\\/wp-content\\\/gallery\\\/getuliipp\\\/thumbs\\\/thumbs_img_0647.jpg?t=1718403012&quot;,&quot;description&quot;:&quot; &quot;,&quot;alttext&quot;:&quot;img_0647&quot;,&quot;style&quot;:&quot;&quot;},{&quot;pid&quot;:26250,&quot;imageURL&quot;:&quot;https:\\\/\\\/portalv1.com.br\\\/app\\\/wp-content\\\/gallery\\\/getuliipp\\\/img_0650.jpg?t=1718403011&quot;,&quot;thumbnailURL&quot;:&quot;https:\\\/\\\/portalv1.com.br\\\/app\\\/wp-content\\\/gallery\\\/getuliipp\\\/thumbs\\\/thumbs_img_0650.jpg?t=1718403011&quot;,&quot;description&quot;:&quot; &quot;,&quot;alttext&quot;:&quot;img_0650&quot;,&quot;style&quot;:&quot;&quot;},{&quot;pid&quot;:26251,&quot;imageURL&quot;:&quot;https:\\\/\\\/portalv1.com.br\\\/app\\\/wp-content\\\/gallery\\\/getuliipp\\\/img_0652.jpg?t=1718431141&quot;,&quot;thumbnailURL&quot;:&quot;https:\\\/\\\/portalv1.com.br\\\/app\\\/wp-content\\\/gallery\\\/getuliipp\\\/thumbs\\\/thumbs_img_0652.jpg?t=1718431141&quot;,&quot;description&quot;:&quot; &quot;,&quot;alttext&quot;:&quot;img_0652&quot;,&quot;style&quot;:&quot;&quot;}]}}'><\/div><\/strong>.<\/p>\n","protected":false},"excerpt":{"rendered":"<p>O vereador Get\u00falio Gomes esteve acompanhado da professora Iara participando nesta segunda-feira (25) na cidade de Picos do Semin\u00e1rio Sobre Forma\u00e7\u00e3o Pol\u00edtica realizado pelo Partido Progressista (PP). O seman\u00e1rio que&#8230;<\/p>\n","protected":false},"author":1,"featured_media":0,"comment_status":"open","ping_status":"open","sticky":false,"template":"","format":"standard","meta":{"ngg_post_thumbnail":0,"footnotes":""},"categories":[12],"tags":[],"class_list":["post-17176","post","type-post","status-publish","format-standard","hentry","category-valenca-news"],"views":352,"meta_data":{"thumb":"https:\/\/portalv1.com.br\/app\/wp-content\/uploads\/2013\/11\/IMG_0640.jpg","data":{"simple":"26\/11\/2013","date_time":"26\/11\/2013 13:38:00","date":"h\u00e1 12 anos"},"chapeu":"Fotos","source":"slide"},"_links":{"self":[{"href":"https:\/\/portalv1.com.br\/api\/wp\/v2\/posts\/17176","targetHints":{"allow":["GET"]}}],"collection":[{"href":"https:\/\/portalv1.com.br\/api\/wp\/v2\/posts"}],"about":[{"href":"https:\/\/portalv1.com.br\/api\/wp\/v2\/types\/post"}],"author":[{"embeddable":true,"href":"https:\/\/portalv1.com.br\/api\/wp\/v2\/users\/1"}],"replies":[{"embeddable":true,"href":"https:\/\/portalv1.com.br\/api\/wp\/v2\/comments?post=17176"}],"version-history":[{"count":0,"href":"https:\/\/portalv1.com.br\/api\/wp\/v2\/posts\/17176\/revisions"}],"wp:attachment":[{"href":"https:\/\/portalv1.com.br\/api\/wp\/v2\/media?parent=17176"}],"wp:term":[{"taxonomy":"category","embeddable":true,"href":"https:\/\/portalv1.com.br\/api\/wp\/v2\/categories?post=17176"},{"taxonomy":"post_tag","embeddable":true,"href":"https:\/\/portalv1.com.br\/api\/wp\/v2\/tags?post=17176"}],"curies":[{"name":"wp","href":"https:\/\/api.w.org\/{rel}","templated":true}]}}