{"id":17199,"date":"2013-11-28T23:51:57","date_gmt":"2013-11-29T02:51:57","guid":{"rendered":"https:\/\/portalv1.com.br\/?p=17199"},"modified":"2013-12-01T18:27:43","modified_gmt":"2013-12-01T21:27:43","slug":"projeto-prever-aumento-dos-salarios-dos-secretarios-de-valenca","status":"publish","type":"post","link":"https:\/\/portalv1.com.br\/projeto-prever-aumento-dos-salarios-dos-secretarios-de-valenca\/","title":{"rendered":"Projeto prever aumento dos sal\u00e1rios dos secret\u00e1rios de Valen\u00e7a"},"content":{"rendered":"<figure id=\"attachment_16372\" aria-describedby=\"caption-attachment-16372\" style=\"width: 300px\" class=\"wp-caption alignright\"><a href=\"https:\/\/portalv1.com.br\/app\/wp-content\/uploads\/2013\/08\/plenario.jpg\"><img loading=\"lazy\" decoding=\"async\" class=\"size-medium wp-image-16372\" alt=\"Plen\u00e1rio da c\u00e2mara \" src=\"https:\/\/portalv1.com.br\/app\/wp-content\/uploads\/2013\/08\/plenario-300x225.jpg\" width=\"300\" height=\"225\" srcset=\"https:\/\/portalv1.com.br\/app\/wp-content\/uploads\/2013\/08\/plenario-300x225.jpg 300w, https:\/\/portalv1.com.br\/app\/wp-content\/uploads\/2013\/08\/plenario.jpg 640w\" sizes=\"auto, (max-width: 300px) 100vw, 300px\" \/><\/a><figcaption id=\"caption-attachment-16372\" class=\"wp-caption-text\">Plen\u00e1rio da c\u00e2mara<\/figcaption><\/figure>\n<p>Foi lido na ultima sess\u00e3o da c\u00e2mara municipal Projeto de Lei de autoria da Mesa de Diretora da C\u00e2mara de Vereadores, que reajusta os sal\u00e1rios dos secret\u00e1rios municipais. Pela proposta, o sal\u00e1rio de um secret\u00e1rio passar\u00e1 dos atuais R$ 2.590 para R$ 3.509 reais. O projeto foi lido na segunda-feira (25) e enviado para as comiss\u00f5es da Casa Legislativa. Em uma r\u00e1pida discuss\u00e3o os parlamentares defenderam o aumento dos secret\u00e1rios, que de acordo com alguns vereadores em muitos casos os secret\u00e1rios abdicam de suas profiss\u00f5es para se dedicarem exclusivamente as secretarias.<\/p>\n<p>Ap\u00f3s tomarem conhecimento da proposta de reajuste um grupo de servidores municipais est\u00e3o procurando os vereadores para reclamar do aumento que beneficia apenas os secret\u00e1rios em detrimento dos funcion\u00e1rios da prefeitura, que est\u00e3o h\u00e1 v\u00e1rios anos sem reajustar seus sal\u00e1rios. O aumento dos secret\u00e1rios tamb\u00e9m coincide com o envio do Projeto que em alguns casos aumenta em at\u00e9 66% os impostos em Valen\u00e7a.<\/p>\n","protected":false},"excerpt":{"rendered":"<p>Foi lido na ultima sess\u00e3o da c\u00e2mara municipal Projeto de Lei de autoria da Mesa de Diretora da C\u00e2mara de Vereadores, que reajusta os sal\u00e1rios dos secret\u00e1rios municipais. Pela proposta,&#8230;<\/p>\n","protected":false},"author":1,"featured_media":0,"comment_status":"open","ping_status":"open","sticky":false,"template":"","format":"standard","meta":{"ngg_post_thumbnail":0,"footnotes":""},"categories":[12],"tags":[],"class_list":["post-17199","post","type-post","status-publish","format-standard","hentry","category-valenca-news"],"views":512,"meta_data":{"thumb":"https:\/\/portalv1.com.br\/app\/wp-content\/uploads\/2013\/08\/plenario.jpg","data":{"simple":"28\/11\/2013","date_time":"28\/11\/2013 20:51:57","date":"h\u00e1 12 anos"},"chapeu":"Em Janeiro","source":"foto_menor"},"_links":{"self":[{"href":"https:\/\/portalv1.com.br\/api\/wp\/v2\/posts\/17199","targetHints":{"allow":["GET"]}}],"collection":[{"href":"https:\/\/portalv1.com.br\/api\/wp\/v2\/posts"}],"about":[{"href":"https:\/\/portalv1.com.br\/api\/wp\/v2\/types\/post"}],"author":[{"embeddable":true,"href":"https:\/\/portalv1.com.br\/api\/wp\/v2\/users\/1"}],"replies":[{"embeddable":true,"href":"https:\/\/portalv1.com.br\/api\/wp\/v2\/comments?post=17199"}],"version-history":[{"count":0,"href":"https:\/\/portalv1.com.br\/api\/wp\/v2\/posts\/17199\/revisions"}],"wp:attachment":[{"href":"https:\/\/portalv1.com.br\/api\/wp\/v2\/media?parent=17199"}],"wp:term":[{"taxonomy":"category","embeddable":true,"href":"https:\/\/portalv1.com.br\/api\/wp\/v2\/categories?post=17199"},{"taxonomy":"post_tag","embeddable":true,"href":"https:\/\/portalv1.com.br\/api\/wp\/v2\/tags?post=17199"}],"curies":[{"name":"wp","href":"https:\/\/api.w.org\/{rel}","templated":true}]}}