{"id":17231,"date":"2013-12-04T00:18:55","date_gmt":"2013-12-04T03:18:55","guid":{"rendered":"https:\/\/portalv1.com.br\/?p=17231"},"modified":"2013-12-06T11:15:07","modified_gmt":"2013-12-06T14:15:07","slug":"17231","status":"publish","type":"post","link":"https:\/\/portalv1.com.br\/17231\/","title":{"rendered":"Dia 14 de dezembro tem o 1\u00ba Natal Solid\u00e1rio de Valen\u00e7a"},"content":{"rendered":"<figure id=\"attachment_17232\" aria-describedby=\"caption-attachment-17232\" style=\"width: 300px\" class=\"wp-caption alignright\"><a href=\"https:\/\/portalv1.com.br\/app\/wp-content\/uploads\/2013\/12\/natal-solidario-guaira-sp.jpg\"><img loading=\"lazy\" decoding=\"async\" class=\"size-medium wp-image-17232\" alt=\"1\u00ba Natal Solid\u00e1rio de Valen\u00e7a\" src=\"https:\/\/portalv1.com.br\/app\/wp-content\/uploads\/2013\/12\/natal-solidario-guaira-sp-300x177.jpg\" width=\"300\" height=\"177\" srcset=\"https:\/\/portalv1.com.br\/app\/wp-content\/uploads\/2013\/12\/natal-solidario-guaira-sp-300x177.jpg 300w, https:\/\/portalv1.com.br\/app\/wp-content\/uploads\/2013\/12\/natal-solidario-guaira-sp-640x377.jpg 640w, https:\/\/portalv1.com.br\/app\/wp-content\/uploads\/2013\/12\/natal-solidario-guaira-sp.jpg 800w\" sizes=\"auto, (max-width: 300px) 100vw, 300px\" \/><\/a><figcaption id=\"caption-attachment-17232\" class=\"wp-caption-text\">1\u00ba Natal Solid\u00e1rio de Valen\u00e7a<\/figcaption><\/figure>\n<p>Acontecer\u00e1 dia 14 de dezembro no largo da Igreja de S\u00e3o Benedito em Valen\u00e7a o 1\u00ba Natal Solid\u00e1rio. O evento tem como objetivo presentear crian\u00e7as carentes de Valen\u00e7a proporcionando a elas a alegria de passar este dia t\u00e3o especial. Segundo uma das coordenadoras, a fisioterapeuta Dr\u00aa Maria dos Rem\u00e9dios uma equipe est\u00e1 arrecadando esses brinquedos e outra equipe fazendo o cadastramentos dessas crian\u00e7as. O evento solid\u00e1rio conta com o apoio de varias empresas e da Igreja Cat\u00f3lica que cedeu o espa\u00e7o para a realiza\u00e7\u00e3o do mesmo.<\/p>\n","protected":false},"excerpt":{"rendered":"<p>Acontecer\u00e1 dia 14 de dezembro no largo da Igreja de S\u00e3o Benedito em Valen\u00e7a o 1\u00ba Natal Solid\u00e1rio. O evento tem como objetivo presentear crian\u00e7as carentes de Valen\u00e7a proporcionando a&#8230;<\/p>\n","protected":false},"author":1,"featured_media":0,"comment_status":"open","ping_status":"open","sticky":false,"template":"","format":"standard","meta":{"ngg_post_thumbnail":0,"footnotes":""},"categories":[12],"tags":[],"class_list":["post-17231","post","type-post","status-publish","format-standard","hentry","category-valenca-news"],"views":944,"meta_data":{"thumb":"https:\/\/portalv1.com.br\/app\/wp-content\/uploads\/2013\/12\/natal-solidario-guaira-sp.jpg","data":{"simple":"03\/12\/2013","date_time":"03\/12\/2013 21:18:55","date":"h\u00e1 12 anos"},"chapeu":"Participe","source":"foto_menor"},"_links":{"self":[{"href":"https:\/\/portalv1.com.br\/api\/wp\/v2\/posts\/17231","targetHints":{"allow":["GET"]}}],"collection":[{"href":"https:\/\/portalv1.com.br\/api\/wp\/v2\/posts"}],"about":[{"href":"https:\/\/portalv1.com.br\/api\/wp\/v2\/types\/post"}],"author":[{"embeddable":true,"href":"https:\/\/portalv1.com.br\/api\/wp\/v2\/users\/1"}],"replies":[{"embeddable":true,"href":"https:\/\/portalv1.com.br\/api\/wp\/v2\/comments?post=17231"}],"version-history":[{"count":0,"href":"https:\/\/portalv1.com.br\/api\/wp\/v2\/posts\/17231\/revisions"}],"wp:attachment":[{"href":"https:\/\/portalv1.com.br\/api\/wp\/v2\/media?parent=17231"}],"wp:term":[{"taxonomy":"category","embeddable":true,"href":"https:\/\/portalv1.com.br\/api\/wp\/v2\/categories?post=17231"},{"taxonomy":"post_tag","embeddable":true,"href":"https:\/\/portalv1.com.br\/api\/wp\/v2\/tags?post=17231"}],"curies":[{"name":"wp","href":"https:\/\/api.w.org\/{rel}","templated":true}]}}