{"id":17269,"date":"2013-12-11T00:20:32","date_gmt":"2013-12-11T03:20:32","guid":{"rendered":"https:\/\/portalv1.com.br\/?p=17269"},"modified":"2013-12-13T07:48:33","modified_gmt":"2013-12-13T10:48:33","slug":"projeto-de-pimenteiras-concorre-a-premio-estadual","status":"publish","type":"post","link":"https:\/\/portalv1.com.br\/projeto-de-pimenteiras-concorre-a-premio-estadual\/","title":{"rendered":"Projeto de Pimenteiras concorre a pr\u00eamio estadual"},"content":{"rendered":"<figure id=\"attachment_17270\" aria-describedby=\"caption-attachment-17270\" style=\"width: 300px\" class=\"wp-caption alignright\"><a href=\"https:\/\/portalv1.com.br\/app\/wp-content\/uploads\/2013\/12\/portalv1-382.jpg\"><img loading=\"lazy\" decoding=\"async\" class=\"size-medium wp-image-17270\" alt=\"Secret\u00e1ria Carmelina Castro ao lado das empreendedoras do Sitio das On\u00e7as\" src=\"https:\/\/portalv1.com.br\/app\/wp-content\/uploads\/2013\/12\/portalv1-382-300x200.jpg\" width=\"300\" height=\"200\" srcset=\"https:\/\/portalv1.com.br\/app\/wp-content\/uploads\/2013\/12\/portalv1-382-300x200.jpg 300w, https:\/\/portalv1.com.br\/app\/wp-content\/uploads\/2013\/12\/portalv1-382.jpg 640w\" sizes=\"auto, (max-width: 300px) 100vw, 300px\" \/><\/a><figcaption id=\"caption-attachment-17270\" class=\"wp-caption-text\">Secret\u00e1ria Carmelina Castro ao lado das empreendedoras do Sitio das On\u00e7as<\/figcaption><\/figure>\n<p>Ser\u00e1 realizada nesta sexta-feira (13) em Teresina a entrega do II Pr\u00eamio de Boas Praticas do Programa Bolsa Fam\u00edlia. A premia\u00e7\u00e3o \u00e9 feita pela SASC com a finalidade de premiar a\u00e7\u00f5es desenvolvidas nos munic\u00edpios para melhorar a pol\u00edtica de transfer\u00eancias de renda das pessoas inclu\u00eddas no Bolsa Fam\u00edlia. Entre os 09 projetos que ir\u00e3o concorrer a tr\u00eas kits de cadastramento est\u00e1 o Projeto das mulheres empreendedoras do Sitio das On\u00e7as, que se especializaram no beneficiamento de polpas de frutas. O projeto conta com a colabora\u00e7\u00e3o da Secretaria de Assist\u00eancia Social, que fomentou a cria\u00e7\u00e3o do grupo oferecendo cursos e aprimoramento as participantes. A secret\u00e1ria Carmelina Castro e o prefeito Venicio do \u00d3, al\u00e9m das empreendedoras estar\u00e3o na capital representando mais esse projeto de inclus\u00e3o social.<\/p>\n","protected":false},"excerpt":{"rendered":"<p>Ser\u00e1 realizada nesta sexta-feira (13) em Teresina a entrega do II Pr\u00eamio de Boas Praticas do Programa Bolsa Fam\u00edlia. A premia\u00e7\u00e3o \u00e9 feita pela SASC com a finalidade de premiar&#8230;<\/p>\n","protected":false},"author":1,"featured_media":0,"comment_status":"open","ping_status":"open","sticky":false,"template":"","format":"standard","meta":{"ngg_post_thumbnail":0,"footnotes":""},"categories":[12],"tags":[],"class_list":["post-17269","post","type-post","status-publish","format-standard","hentry","category-valenca-news"],"views":271,"meta_data":{"thumb":"https:\/\/portalv1.com.br\/app\/wp-content\/uploads\/2013\/12\/portalv1-382.jpg","data":{"simple":"10\/12\/2013","date_time":"10\/12\/2013 21:20:32","date":"h\u00e1 12 anos"},"chapeu":"II Pr\u00eamio de Boas Praticas do Bolsa Fam\u00edlia","source":"foto_menor"},"_links":{"self":[{"href":"https:\/\/portalv1.com.br\/api\/wp\/v2\/posts\/17269","targetHints":{"allow":["GET"]}}],"collection":[{"href":"https:\/\/portalv1.com.br\/api\/wp\/v2\/posts"}],"about":[{"href":"https:\/\/portalv1.com.br\/api\/wp\/v2\/types\/post"}],"author":[{"embeddable":true,"href":"https:\/\/portalv1.com.br\/api\/wp\/v2\/users\/1"}],"replies":[{"embeddable":true,"href":"https:\/\/portalv1.com.br\/api\/wp\/v2\/comments?post=17269"}],"version-history":[{"count":0,"href":"https:\/\/portalv1.com.br\/api\/wp\/v2\/posts\/17269\/revisions"}],"wp:attachment":[{"href":"https:\/\/portalv1.com.br\/api\/wp\/v2\/media?parent=17269"}],"wp:term":[{"taxonomy":"category","embeddable":true,"href":"https:\/\/portalv1.com.br\/api\/wp\/v2\/categories?post=17269"},{"taxonomy":"post_tag","embeddable":true,"href":"https:\/\/portalv1.com.br\/api\/wp\/v2\/tags?post=17269"}],"curies":[{"name":"wp","href":"https:\/\/api.w.org\/{rel}","templated":true}]}}