{"id":17422,"date":"2014-01-08T18:28:45","date_gmt":"2014-01-08T21:28:45","guid":{"rendered":"https:\/\/portalv1.com.br\/?p=17422"},"modified":"2014-01-10T18:43:49","modified_gmt":"2014-01-10T21:43:49","slug":"corpo-do-ex-prefeito-vicente-gomes-foi-sepultado","status":"publish","type":"post","link":"https:\/\/portalv1.com.br\/corpo-do-ex-prefeito-vicente-gomes-foi-sepultado\/","title":{"rendered":"Corpo do ex-prefeito Vicente Gomes foi sepultado"},"content":{"rendered":"<p><a href=\"https:\/\/portalv1.com.br\/app\/wp-content\/uploads\/2014\/01\/vg.jpg\"><img loading=\"lazy\" decoding=\"async\" class=\"alignright  wp-image-17423\" alt=\"vg\" src=\"https:\/\/portalv1.com.br\/app\/wp-content\/uploads\/2014\/01\/vg.jpg\" width=\"340\" height=\"240\" \/><\/a>Ap\u00f3s muitas homenagens, o corpo do ex-prefeito de Valen\u00e7a Vicente Gomes de Oliveira ou VG como era chamado por amigos e familiares foi sepultado no cemit\u00e9rio S\u00e3o Benedito. A morte do ex-prefeito comoveu a popula\u00e7\u00e3o que protagonizou em sua despedida justas homenagens ao valenciano que em vida exerceu com muita retid\u00e3o os cargos p\u00fablicos de prefeito (1963\/1966), vereador (1974\/1977), pensando inclusive pela presid\u00eancia nesse per\u00edodo.<\/p>\n<p>Apesar de sua import\u00e2ncia pol\u00edtica para a historia de nossa cidade, o ex-prefeito foi lembrado n\u00e3o por sua import\u00e2ncia pol\u00edtica e social, mais sim pela grande capacidade de fazer amigos de valorizar essas amizades e de ser exemplo de pai, esposo.<\/p>\n<p>Ela deixou oito filhos, esposa Elzair Martins, netos e uma historia de vida merecedora de todas as homenagens. Antes de ser sepultado o corpo do ex-prefeito percorreu a sede do Executivo e Legislativo onde foi homenageado e exaltado pela sua hombridade e humildade. Por causa de sua morte, o prefeito municipal Walfredo Filho decretou luto oficial de tr\u00eas dias em Valen\u00e7a.<\/p>\n<p><strong><div class=\"ngg-galleryoverview\" data-widget=\"Galeria\" data-props='{&quot;galeria&quot;:{&quot;gallery_id&quot;:1425,&quot;total&quot;:1,&quot;max_page&quot;:1,&quot;page&quot;:1,&quot;images&quot;:[{&quot;pid&quot;:27860,&quot;imageURL&quot;:&quot;https:\\\/\\\/portalv1.com.br\\\/app\\\/wp-content\\\/gallery\\\/gv\\\/vg.jpg?t=1704673775&quot;,&quot;thumbnailURL&quot;:&quot;https:\\\/\\\/portalv1.com.br\\\/app\\\/wp-content\\\/gallery\\\/gv\\\/thumbs\\\/thumbs_vg.jpg?t=1704673775&quot;,&quot;description&quot;:&quot; &quot;,&quot;alttext&quot;:&quot;vg&quot;,&quot;style&quot;:&quot;&quot;}]}}'><\/div><\/strong>.<\/p>\n","protected":false},"excerpt":{"rendered":"<p>Ap\u00f3s muitas homenagens, o corpo do ex-prefeito de Valen\u00e7a Vicente Gomes de Oliveira ou VG como era chamado por amigos e familiares foi sepultado no cemit\u00e9rio S\u00e3o Benedito. A morte&#8230;<\/p>\n","protected":false},"author":1,"featured_media":0,"comment_status":"open","ping_status":"open","sticky":false,"template":"","format":"standard","meta":{"ngg_post_thumbnail":0,"footnotes":""},"categories":[12],"tags":[],"class_list":["post-17422","post","type-post","status-publish","format-standard","hentry","category-valenca-news"],"views":1107,"meta_data":{"thumb":"https:\/\/portalv1.com.br\/app\/wp-content\/uploads\/2014\/01\/vg.jpg","data":{"simple":"08\/01\/2014","date_time":"08\/01\/2014 15:28:45","date":"h\u00e1 12 anos"},"chapeu":"Luto Oficial ","source":"foto_menor"},"_links":{"self":[{"href":"https:\/\/portalv1.com.br\/api\/wp\/v2\/posts\/17422","targetHints":{"allow":["GET"]}}],"collection":[{"href":"https:\/\/portalv1.com.br\/api\/wp\/v2\/posts"}],"about":[{"href":"https:\/\/portalv1.com.br\/api\/wp\/v2\/types\/post"}],"author":[{"embeddable":true,"href":"https:\/\/portalv1.com.br\/api\/wp\/v2\/users\/1"}],"replies":[{"embeddable":true,"href":"https:\/\/portalv1.com.br\/api\/wp\/v2\/comments?post=17422"}],"version-history":[{"count":0,"href":"https:\/\/portalv1.com.br\/api\/wp\/v2\/posts\/17422\/revisions"}],"wp:attachment":[{"href":"https:\/\/portalv1.com.br\/api\/wp\/v2\/media?parent=17422"}],"wp:term":[{"taxonomy":"category","embeddable":true,"href":"https:\/\/portalv1.com.br\/api\/wp\/v2\/categories?post=17422"},{"taxonomy":"post_tag","embeddable":true,"href":"https:\/\/portalv1.com.br\/api\/wp\/v2\/tags?post=17422"}],"curies":[{"name":"wp","href":"https:\/\/api.w.org\/{rel}","templated":true}]}}