{"id":17427,"date":"2014-01-09T10:54:40","date_gmt":"2014-01-09T13:54:40","guid":{"rendered":"https:\/\/portalv1.com.br\/?p=17427"},"modified":"2014-01-15T08:33:04","modified_gmt":"2014-01-15T11:33:04","slug":"depois-das-demissoes-prefeito-walfredo-filho-abrira-ano-legislativo","status":"publish","type":"post","link":"https:\/\/portalv1.com.br\/depois-das-demissoes-prefeito-walfredo-filho-abrira-ano-legislativo\/","title":{"rendered":"Depois das demiss\u00f5es prefeito Walfredo Filho abrir\u00e1 ano legislativo"},"content":{"rendered":"<figure id=\"attachment_8814\" aria-describedby=\"caption-attachment-8814\" style=\"width: 300px\" class=\"wp-caption alignright\"><a href=\"https:\/\/portalv1.com.br\/app\/wp-content\/uploads\/2011\/05\/walfredofilho.jpg\"><img loading=\"lazy\" decoding=\"async\" class=\"size-full wp-image-8814\" alt=\"Prefeito Walfredo Filho \" src=\"https:\/\/portalv1.com.br\/app\/wp-content\/uploads\/2011\/05\/walfredofilho.jpg\" width=\"300\" height=\"183\" \/><\/a><figcaption id=\"caption-attachment-8814\" class=\"wp-caption-text\">Prefeito Walfredo Filho<\/figcaption><\/figure>\n<p>Os onze vereadores de Valen\u00e7a abrem o ano legislativo no pr\u00f3ximo dia 20 de janeiro. A sess\u00e3o de solene \u00e9 marcada pela participa\u00e7\u00e3o do prefeito municipal Walfredo Filho, que far\u00e1 a leitura da mensagem do governo para o ano de 2014. O prefeito nortear\u00e1 metas para serem alcan\u00e7adas nesse ano, que segundo a gest\u00e3o municipal foram plantadas ano passado. J\u00e1 os vereadores especialmente os da oposi\u00e7\u00e3o prometem cobrar mais a\u00e7\u00f5es do prefeito, uma vez, que passado os primeiros 365 dias da gest\u00e3o municipal j\u00e1 est\u00e1 na hora de aparecer os primeiros resultados prometidos em palanque.<\/p>\n<p>Apesar da tr\u00e9gua, os vereadores cumpriram suas obriga\u00e7\u00f5es em requerer obras e projetos para a cidade de Valen\u00e7a, ao longo de 2013 foram aprovados in\u00fameros projetos e requerido varias a\u00e7\u00f5es para a cidade de Valen\u00e7a. Outra pauta do ano passado foi as denuncias feitas aos \u00f3rg\u00e3os estaduais e federais de supostas irregularidades em obras inacabadas, suposto uso de laranjas em empresas, problemas com o meio ambiente e a insatisfa\u00e7\u00e3o dos servidores com atrasos de sal\u00e1rios dos efetivos e comissionados.<\/p>\n<p>Nesse quesito, o prefeito Walfredo Filho acaba de demitir de uma canetada s\u00f3 todos os cargos comissionados e com contratos de presta\u00e7\u00e3o de servi\u00e7os. A medida deixou sem emprego pessoas importantes na elei\u00e7\u00e3o do prefeito que come\u00e7am o ano com uma carta de exonera\u00e7\u00e3o informando que desde 31 de dezembro n\u00e3o pertencem mais aos quadros da prefeitura e agradecendo o esfor\u00e7o de cada um na elei\u00e7\u00e3o do prefeito municipal.<\/p>\n<p>Teoricamente o Decreto 56\/2013 atingiu todos os comissionados e contratados como prestadores de servi\u00e7os que tentam entender suas demiss\u00f5es. A medida atingiu muitas pessoas ligadas aos vereadores da base aliada, que nos bastidores reclamam da falta de sintonia com o prefeito municipal, quando o assunto \u00e9 a valoriza\u00e7\u00e3o dos vereadores puro sangue, ou seja, aqueles que votaram e trabalharam para eleger o prefeito Walfredo Filho e que agora ter\u00e3o que arcar com mais esse debito de sustentar pessoas que n\u00e3o foram avisadas de suas exonera\u00e7\u00f5es e contra\u00edram d\u00e9bitos confiando que estariam protegidos pelo prefeito que ajudaram a eleger.<\/p>\n","protected":false},"excerpt":{"rendered":"<p>Os onze vereadores de Valen\u00e7a abrem o ano legislativo no pr\u00f3ximo dia 20 de janeiro. A sess\u00e3o de solene \u00e9 marcada pela participa\u00e7\u00e3o do prefeito municipal Walfredo Filho, que far\u00e1&#8230;<\/p>\n","protected":false},"author":1,"featured_media":0,"comment_status":"open","ping_status":"open","sticky":false,"template":"","format":"standard","meta":{"ngg_post_thumbnail":0,"footnotes":""},"categories":[243],"tags":[],"class_list":["post-17427","post","type-post","status-publish","format-standard","hentry","category-geral"],"views":1096,"meta_data":{"thumb":"https:\/\/portalv1.com.br\/app\/wp-content\/uploads\/2011\/05\/walfredofilho.jpg","data":{"simple":"09\/01\/2014","date_time":"09\/01\/2014 07:54:40","date":"h\u00e1 12 anos"},"chapeu":"Dia 20\/01","source":"retirar"},"_links":{"self":[{"href":"https:\/\/portalv1.com.br\/api\/wp\/v2\/posts\/17427","targetHints":{"allow":["GET"]}}],"collection":[{"href":"https:\/\/portalv1.com.br\/api\/wp\/v2\/posts"}],"about":[{"href":"https:\/\/portalv1.com.br\/api\/wp\/v2\/types\/post"}],"author":[{"embeddable":true,"href":"https:\/\/portalv1.com.br\/api\/wp\/v2\/users\/1"}],"replies":[{"embeddable":true,"href":"https:\/\/portalv1.com.br\/api\/wp\/v2\/comments?post=17427"}],"version-history":[{"count":0,"href":"https:\/\/portalv1.com.br\/api\/wp\/v2\/posts\/17427\/revisions"}],"wp:attachment":[{"href":"https:\/\/portalv1.com.br\/api\/wp\/v2\/media?parent=17427"}],"wp:term":[{"taxonomy":"category","embeddable":true,"href":"https:\/\/portalv1.com.br\/api\/wp\/v2\/categories?post=17427"},{"taxonomy":"post_tag","embeddable":true,"href":"https:\/\/portalv1.com.br\/api\/wp\/v2\/tags?post=17427"}],"curies":[{"name":"wp","href":"https:\/\/api.w.org\/{rel}","templated":true}]}}