{"id":17461,"date":"2014-01-16T11:10:38","date_gmt":"2014-01-16T14:10:38","guid":{"rendered":"https:\/\/portalv1.com.br\/?p=17461"},"modified":"2014-01-18T00:09:17","modified_gmt":"2014-01-18T03:09:17","slug":"batida-na-br-316-em-valenca-deixa-um-morto-e-dois-feridos","status":"publish","type":"post","link":"https:\/\/portalv1.com.br\/batida-na-br-316-em-valenca-deixa-um-morto-e-dois-feridos\/","title":{"rendered":"Batida na BR 316 em Valen\u00e7a deixa um morto e dois feridos"},"content":{"rendered":"<figure id=\"attachment_17462\" aria-describedby=\"caption-attachment-17462\" style=\"width: 300px\" class=\"wp-caption alignright\"><a href=\"https:\/\/portalv1.com.br\/app\/wp-content\/uploads\/2014\/01\/acidente.jpg\"><img loading=\"lazy\" decoding=\"async\" class=\"size-medium wp-image-17462\" alt=\"O acidente aconteceu no KM 193, da BR 316 zona rural de Valen\u00e7a \" src=\"https:\/\/portalv1.com.br\/app\/wp-content\/uploads\/2014\/01\/acidente-300x225.jpg\" width=\"300\" height=\"225\" srcset=\"https:\/\/portalv1.com.br\/app\/wp-content\/uploads\/2014\/01\/acidente-300x225.jpg 300w, https:\/\/portalv1.com.br\/app\/wp-content\/uploads\/2014\/01\/acidente.jpg 640w\" sizes=\"auto, (max-width: 300px) 100vw, 300px\" \/><\/a><figcaption id=\"caption-attachment-17462\" class=\"wp-caption-text\">O acidente aconteceu no KM 193, da BR 316 zona rural de Valen\u00e7a<\/figcaption><\/figure>\n<p>Um Monza e uma carreta colidiram nesta quarta-feira (15), no KM 193, da BR 316 deixando um saldo de uma morte e outros feridos. A batida aconteceu nas proximidades da localidade Barreiras. De acordo com informa\u00e7\u00f5es da Policia Rodovi\u00e1ria Federal (PRF), o condutor do Monza identificado como Anderson Siqueira Alves de 32 anos, ap\u00f3s a batida o mesmo ficou preso nas ferragens, sendo socorrido pelos patrulheiros federais e populares que acionaram o SAMU, que ap\u00f3s dar entrada no hospital regional de Valen\u00e7a n\u00e3o resistiu aos ferimentos e morreu.<\/p>\n<p>O pai da vitima Luiz Targino Alves, que estava tamb\u00e9m no veiculo sofreu pequenas escoria\u00e7\u00f5es disse aos patrulheiros que os dois trabalham com vendas de confec\u00e7\u00f5es e vinham de Bel\u00e9m da Para\u00edba com destino a Castanhal no Par\u00e1.<\/p>\n<p>Ainda segundo o pai, a vitima teria invadido a pista contraria ocasionando a batida. O motorista da carreta disse que foi surpreendido pelo veiculo e que nada pode fazer para evitar a batida. A colis\u00e3o desta quarta-feira (15) aconteceu um km antes do ultimo acidente do dia 22 de dezembro que deixou um saldo de cinco mortes todos da mesma fam\u00edlia. O que chama aten\u00e7\u00e3o \u00e9 que o local dos acidentes \u00e9 uma reta.<\/p>\n","protected":false},"excerpt":{"rendered":"<p>Um Monza e uma carreta colidiram nesta quarta-feira (15), no KM 193, da BR 316 deixando um saldo de uma morte e outros feridos. A batida aconteceu nas proximidades da&#8230;<\/p>\n","protected":false},"author":1,"featured_media":17462,"comment_status":"open","ping_status":"open","sticky":false,"template":"","format":"standard","meta":{"ngg_post_thumbnail":0,"footnotes":""},"categories":[12],"tags":[],"class_list":["post-17461","post","type-post","status-publish","format-standard","has-post-thumbnail","hentry","category-valenca-news"],"views":1173,"meta_data":{"thumb":"https:\/\/portalv1.com.br\/app\/wp-content\/uploads\/2014\/01\/acidente.jpg","imagem":{"fullsize":{"url":"https:\/\/portalv1.com.br\/app\/wp-content\/uploads\/2014\/01\/acidente.jpg","width":640,"height":480},"thumbnail":{"url":"https:\/\/portalv1.com.br\/app\/wp-content\/uploads\/2014\/01\/acidente-100x100.jpg","width":100,"height":100},"medium":{"url":"https:\/\/portalv1.com.br\/app\/wp-content\/uploads\/2014\/01\/acidente-300x225.jpg","width":300,"height":225}},"data":{"simple":"16\/01\/2014","date_time":"16\/01\/2014 08:10:38","date":"h\u00e1 12 anos"},"chapeu":"Zona Rural de Valen\u00e7a","source":"foto_menor"},"_links":{"self":[{"href":"https:\/\/portalv1.com.br\/api\/wp\/v2\/posts\/17461","targetHints":{"allow":["GET"]}}],"collection":[{"href":"https:\/\/portalv1.com.br\/api\/wp\/v2\/posts"}],"about":[{"href":"https:\/\/portalv1.com.br\/api\/wp\/v2\/types\/post"}],"author":[{"embeddable":true,"href":"https:\/\/portalv1.com.br\/api\/wp\/v2\/users\/1"}],"replies":[{"embeddable":true,"href":"https:\/\/portalv1.com.br\/api\/wp\/v2\/comments?post=17461"}],"version-history":[{"count":0,"href":"https:\/\/portalv1.com.br\/api\/wp\/v2\/posts\/17461\/revisions"}],"wp:featuredmedia":[{"embeddable":true,"href":"https:\/\/portalv1.com.br\/api\/wp\/v2\/media\/17462"}],"wp:attachment":[{"href":"https:\/\/portalv1.com.br\/api\/wp\/v2\/media?parent=17461"}],"wp:term":[{"taxonomy":"category","embeddable":true,"href":"https:\/\/portalv1.com.br\/api\/wp\/v2\/categories?post=17461"},{"taxonomy":"post_tag","embeddable":true,"href":"https:\/\/portalv1.com.br\/api\/wp\/v2\/tags?post=17461"}],"curies":[{"name":"wp","href":"https:\/\/api.w.org\/{rel}","templated":true}]}}