{"id":17479,"date":"2014-01-20T08:28:17","date_gmt":"2014-01-20T11:28:17","guid":{"rendered":"https:\/\/portalv1.com.br\/?p=17479"},"modified":"2014-04-10T17:11:45","modified_gmt":"2014-04-10T20:11:45","slug":"edson-sanfoneiro-e-bonde-brasil-no-aniversario-de-lagoa-do-sitio","status":"publish","type":"post","link":"https:\/\/portalv1.com.br\/edson-sanfoneiro-e-bonde-brasil-no-aniversario-de-lagoa-do-sitio\/","title":{"rendered":"Edson Sanfoneiro e Bonde Brasil no aniversario de Lagoa do Sitio"},"content":{"rendered":"<figure id=\"attachment_17480\" aria-describedby=\"caption-attachment-17480\" style=\"width: 300px\" class=\"wp-caption alignright\"><a href=\"https:\/\/portalv1.com.br\/app\/wp-content\/uploads\/2014\/01\/ze-simao1.jpg\"><img loading=\"lazy\" decoding=\"async\" class=\"size-medium wp-image-17480\" alt=\"Prefeito Z\u00e9 Sim\u00e3o e a primeira dama  Gercineide \" src=\"https:\/\/portalv1.com.br\/app\/wp-content\/uploads\/2014\/01\/ze-simao1-300x200.jpg\" width=\"300\" height=\"200\" srcset=\"https:\/\/portalv1.com.br\/app\/wp-content\/uploads\/2014\/01\/ze-simao1-300x200.jpg 300w, https:\/\/portalv1.com.br\/app\/wp-content\/uploads\/2014\/01\/ze-simao1.jpg 640w\" sizes=\"auto, (max-width: 300px) 100vw, 300px\" \/><\/a><figcaption id=\"caption-attachment-17480\" class=\"wp-caption-text\">Prefeito Z\u00e9 Sim\u00e3o e a primeira dama Gercineide<\/figcaption><\/figure>\n<p>A programa\u00e7\u00e3o dos 20 anos de emancipa\u00e7\u00e3o pol\u00edtica de Lagoa do Sitio ir\u00e3o come\u00e7ar j\u00e1 no dia 25, pr\u00f3ximo s\u00e1bado \u00e0s 09h da manha com a celebra\u00e7\u00e3o da santa missa na Igreja de Santo Antonio. \u00c0 tarde \u00e0s 15h haver\u00e1 um quadrangular esportivo no campo municipal. \u00c0s 19h ser\u00e1 celebrado na Igreja Assembleia de Deus um culto em a\u00e7\u00e3o de gra\u00e7as pelo aniversario.<\/p>\n<p>No dia 26 a programa\u00e7\u00e3o come\u00e7a as 05h da manha com alvorada, 06h X Maratona Municipal com sa\u00edda da ladeira da serra. 08h V A\u00e7\u00e3o em sa\u00fade de Lagoa do Sitio na Rua Manoel da Silva no Bairro Pi\u00e7arra. 14h VII Circuito de MotoCross tamb\u00e9m no Bairro Pi\u00e7arra.<\/p>\n<p>As 19h come\u00e7am as atividades na Pra\u00e7a de Eventos com apresenta\u00e7\u00f5es art\u00edsticas, canto de parab\u00e9ns, shows com o cantor Edson Sanfoneiro e Bonde do Forr\u00f3. Durante todo o dia o prefeito Z\u00e9 Sim\u00e3o e a primeira dama\u00a0 Gercineide receber\u00e3o a visita de deputados, senadores e prefeitos da regi\u00e3o para brindarem os 20 anos de Lagoa do Sitio.<\/p>\n<p>&nbsp;<\/p>\n","protected":false},"excerpt":{"rendered":"<p>A programa\u00e7\u00e3o dos 20 anos de emancipa\u00e7\u00e3o pol\u00edtica de Lagoa do Sitio ir\u00e3o come\u00e7ar j\u00e1 no dia 25, pr\u00f3ximo s\u00e1bado \u00e0s 09h da manha com a celebra\u00e7\u00e3o da santa missa&#8230;<\/p>\n","protected":false},"author":1,"featured_media":0,"comment_status":"open","ping_status":"open","sticky":false,"template":"","format":"standard","meta":{"ngg_post_thumbnail":0,"footnotes":""},"categories":[12],"tags":[53],"class_list":["post-17479","post","type-post","status-publish","format-standard","hentry","category-valenca-news","tag-lagoa-do-sitio"],"views":525,"meta_data":{"thumb":"https:\/\/portalv1.com.br\/app\/wp-content\/uploads\/2014\/01\/ze-simao1.jpg","data":{"simple":"20\/01\/2014","date_time":"20\/01\/2014 05:28:17","date":"h\u00e1 12 anos"},"chapeu":"Confira toda a programa\u00e7\u00e3o  ","source":"foto_menor"},"_links":{"self":[{"href":"https:\/\/portalv1.com.br\/api\/wp\/v2\/posts\/17479","targetHints":{"allow":["GET"]}}],"collection":[{"href":"https:\/\/portalv1.com.br\/api\/wp\/v2\/posts"}],"about":[{"href":"https:\/\/portalv1.com.br\/api\/wp\/v2\/types\/post"}],"author":[{"embeddable":true,"href":"https:\/\/portalv1.com.br\/api\/wp\/v2\/users\/1"}],"replies":[{"embeddable":true,"href":"https:\/\/portalv1.com.br\/api\/wp\/v2\/comments?post=17479"}],"version-history":[{"count":0,"href":"https:\/\/portalv1.com.br\/api\/wp\/v2\/posts\/17479\/revisions"}],"wp:attachment":[{"href":"https:\/\/portalv1.com.br\/api\/wp\/v2\/media?parent=17479"}],"wp:term":[{"taxonomy":"category","embeddable":true,"href":"https:\/\/portalv1.com.br\/api\/wp\/v2\/categories?post=17479"},{"taxonomy":"post_tag","embeddable":true,"href":"https:\/\/portalv1.com.br\/api\/wp\/v2\/tags?post=17479"}],"curies":[{"name":"wp","href":"https:\/\/api.w.org\/{rel}","templated":true}]}}